{"id":939653,"date":"2023-03-03T11:03:09","date_gmt":"2023-03-03T14:03:09","guid":{"rendered":"https:\/\/www.cnbb.org.br\/?p=939653"},"modified":"2023-03-03T11:03:42","modified_gmt":"2023-03-03T14:03:42","slug":"levantai-vos-e-nao-tenhais-medo-mt-177","status":"publish","type":"post","link":"https:\/\/www.cnbb.org.br\/levantai-vos-e-nao-tenhais-medo-mt-177\/","title":{"rendered":"\u201cLevantai-vos, e n\u00e3o tenhais medo\u201d (Mt 17,7)\u00a0"},"content":{"rendered":"<p style=\"text-align: right;\"><b><span data-contrast=\"auto\">Dom Jos\u00e9 Gislon<br \/>\nBispo de Caxias do Sul (RS)<\/p>\n<p><\/span><\/b><\/p>\n<p style=\"text-align: justify;\"><span data-contrast=\"auto\">Estimados irm\u00e3os e irm\u00e3s em Cristo Jesus! A Quaresma \u00e9 um tempo especial da gra\u00e7a de Deus para a nossa vida espiritual, porque nos oferece a oportunidade de refletirmos sobre a nossa vida de comunh\u00e3o com Deus e com os irm\u00e3os, \u00e0 luz da Palavra de Deus, e da proposta da Campanha da Fraternidade. Podemos ser tentados a viver uma espiritualidade intimista e desencarnada da realidade da vida e do mundo que est\u00e1 ao nosso redor. Uma espiritualidade marcada pela indiferen\u00e7a e pelo ego\u00edsmo, onde falta a comunh\u00e3o de vida com os irm\u00e3os, que expresse amor, ternura, compaix\u00e3o, proximidade e caridade. Uma espiritualidade assim pode ser interessante para aliviar a nossa consci\u00eancia, por termos praticado um rito, mas n\u00e3o \u00e9 geradora de comunh\u00e3o, nem expressa o amor, a ternura e a miseric\u00f3rdia do Pai.<\/span><span data-ccp-props=\"{&quot;201341983&quot;:0,&quot;335551550&quot;:6,&quot;335551620&quot;:6,&quot;335559739&quot;:200,&quot;335559740&quot;:240}\">\u00a0<\/span><\/p>\n<p style=\"text-align: justify;\"><span data-contrast=\"auto\">A Campanha da Fraternidade de 2023, com o lema \u201cDai-lhes v\u00f3s mesmos de comer\u201d (Mt 14,16), quer nos ajudar a ver uma realidade que est\u00e1 muito pr\u00f3xima de n\u00f3s, e a percorrermos um caminho de convers\u00e3o, \u00e0 luz da Palavra de Deus, neste tempo da Quaresma. A convers\u00e3o precisa chegar at\u00e9 o nosso cora\u00e7\u00e3o, tocar e mudar a nossa vida, e as nossas a\u00e7\u00f5es em defesa da vida, onde muitas vezes vemos sinais de morte, por n\u00e3o ter o que comer.<\/span><span data-ccp-props=\"{&quot;201341983&quot;:0,&quot;335551550&quot;:6,&quot;335551620&quot;:6,&quot;335559739&quot;:200,&quot;335559740&quot;:240}\">\u00a0<\/span><\/p>\n<p style=\"text-align: justify;\"><span data-contrast=\"auto\">A experi\u00eancia de Pedro, vendo Jesus transfigurado, pode enriquecer a nossa ora\u00e7\u00e3o e a nossa vida espiritual, no caminho quaresmal. A sua frase: \u201cSenhor, \u00e9 bom ficarmos aqui\u201d (Mt 17,4), na verdade, pode ser interpretada como um desejo de prolongar aquele momento, t\u00e3o belo na vida de Pedro, Tiago e Jo\u00e3o, que tiveram o privil\u00e9gio de estar na companhia de Jesus sobre a montanha no momento da transfigura\u00e7\u00e3o. No seu entusiasmo genu\u00edno e humano, Pedro exprime um sentimento que tamb\u00e9m n\u00f3s provamos, quando fazemos uma experi\u00eancia bonita, especialmente quando acontece de forma inesperada.<\/span><span data-ccp-props=\"{&quot;201341983&quot;:0,&quot;335551550&quot;:6,&quot;335551620&quot;:6,&quot;335559739&quot;:200,&quot;335559740&quot;:240}\">\u00a0<\/span><\/p>\n<p style=\"text-align: justify;\"><span data-contrast=\"auto\">Talvez tenhamos sido educados a olhar especialmente as coisas que n\u00e3o est\u00e3o bem na nossa vida, na vida dos outros e as situa\u00e7\u00f5es que afligem a comunidade, para depois pensar naquilo que podemos e devemos fazer para melhorar. No entanto, a frase de Pedro nos faz redescobrir um modo parcial de ver a vida e o relacionamento com o Senhor, e, \u00e0s vezes, pode tamb\u00e9m nos levar ao erro, porque podemos perder o senso da realidade da vida e do mundo, dos que padecem e passam fome, que podem estar muito pr\u00f3ximos de n\u00f3s, e precisam de gestos concretos da nossa solidariedade.<\/span><span data-ccp-props=\"{&quot;201341983&quot;:0,&quot;335551550&quot;:6,&quot;335551620&quot;:6,&quot;335559739&quot;:200,&quot;335559740&quot;:240}\">\u00a0<\/span><\/p>\n<p><span data-ccp-props=\"{&quot;201341983&quot;:0,&quot;335559739&quot;:200,&quot;335559740&quot;:240}\">\u00a0<\/span><\/p>\n<p>&nbsp;<\/p>\n","protected":false},"excerpt":{"rendered":"<p>Dom Jos\u00e9 Gislon Bispo de Caxias do Sul (RS) Estimados irm\u00e3os e irm\u00e3s em Cristo Jesus! A Quaresma \u00e9 um tempo especial da gra\u00e7a de Deus para a nossa vida espiritual, porque nos oferece a oportunidade de refletirmos sobre a nossa vida de comunh\u00e3o com Deus e com os irm\u00e3os, \u00e0 luz da Palavra de &hellip;<\/p>\n<p class=\"read-more\"> <a class=\"\" href=\"https:\/\/www.cnbb.org.br\/levantai-vos-e-nao-tenhais-medo-mt-177\/\"> <span class=\"screen-reader-text\">\u201cLevantai-vos, e n\u00e3o tenhais medo\u201d (Mt 17,7)\u00a0<\/span> Leia mais &raquo;<\/a><\/p>\n","protected":false},"author":20,"featured_media":0,"comment_status":"open","ping_status":"open","sticky":false,"template":"","format":"standard","meta":{"site-sidebar-layout":"default","site-content-layout":"default","ast-global-header-display":"","ast-banner-title-visibility":"","ast-main-header-display":"","ast-hfb-above-header-display":"","ast-hfb-below-header-display":"","ast-hfb-mobile-header-display":"","site-post-title":"","ast-breadcrumbs-content":"","ast-featured-img":"","footer-sml-layout":"","theme-transparent-header-meta":"default","adv-header-id-meta":"","stick-header-meta":"","header-above-stick-meta":"","header-main-stick-meta":"","header-below-stick-meta":""},"categories":[758],"tags":[],"acf":[],"_links":{"self":[{"href":"https:\/\/www.cnbb.org.br\/cnbb-app\/wp\/v2\/posts\/939653"}],"collection":[{"href":"https:\/\/www.cnbb.org.br\/cnbb-app\/wp\/v2\/posts"}],"about":[{"href":"https:\/\/www.cnbb.org.br\/cnbb-app\/wp\/v2\/types\/post"}],"author":[{"embeddable":true,"href":"https:\/\/www.cnbb.org.br\/cnbb-app\/wp\/v2\/users\/20"}],"replies":[{"embeddable":true,"href":"https:\/\/www.cnbb.org.br\/cnbb-app\/wp\/v2\/comments?post=939653"}],"version-history":[{"count":1,"href":"https:\/\/www.cnbb.org.br\/cnbb-app\/wp\/v2\/posts\/939653\/revisions"}],"predecessor-version":[{"id":939654,"href":"https:\/\/www.cnbb.org.br\/cnbb-app\/wp\/v2\/posts\/939653\/revisions\/939654"}],"wp:attachment":[{"href":"https:\/\/www.cnbb.org.br\/cnbb-app\/wp\/v2\/media?parent=939653"}],"wp:term":[{"taxonomy":"category","embeddable":true,"href":"https:\/\/www.cnbb.org.br\/cnbb-app\/wp\/v2\/categories?post=939653"},{"taxonomy":"post_tag","embeddable":true,"href":"https:\/\/www.cnbb.org.br\/cnbb-app\/wp\/v2\/tags?post=939653"}],"curies":[{"name":"wp","href":"https:\/\/api.w.org\/{rel}","templated":true}]}}