{"id":939691,"date":"2023-03-03T12:51:00","date_gmt":"2023-03-03T15:51:00","guid":{"rendered":"https:\/\/www.cnbb.org.br\/?p=939691"},"modified":"2023-03-03T12:51:16","modified_gmt":"2023-03-03T15:51:16","slug":"igualdade-da-mulher-para-gerar-um-amanha-sustentavel-e-fraterno","status":"publish","type":"post","link":"https:\/\/www.cnbb.org.br\/igualdade-da-mulher-para-gerar-um-amanha-sustentavel-e-fraterno\/","title":{"rendered":"Igualdade da mulher, para gerar um amanh\u00e3 sustent\u00e1vel e fraterno\u00a0"},"content":{"rendered":"<p style=\"text-align: right;\"><b><span data-contrast=\"auto\">Dom Roberto Francisco Ferreria Paz<\/span><\/b><span data-ccp-props=\"{&quot;201341983&quot;:0,&quot;335551550&quot;:6,&quot;335551620&quot;:6,&quot;335559739&quot;:0,&quot;335559740&quot;:259}\"><br \/>\n<\/span><b><span data-contrast=\"auto\">Bispo de Campos (RJ)<\/span><\/b><\/p>\n<p style=\"text-align: right;\"><span data-ccp-props=\"{&quot;201341983&quot;:0,&quot;335551550&quot;:6,&quot;335551620&quot;:6,&quot;335559739&quot;:0,&quot;335559740&quot;:259}\">\u00a0<\/span><\/p>\n<p style=\"text-align: justify;\"><span data-contrast=\"auto\">Comemorando a data do Dia Internacional da Mulher, n\u00e3o simplesmente aderimos a uma das diretrizes da ONU, para o desenvolvimento sustent\u00e1vel da agenda 2030, mas celebramos o seu contributo imprescind\u00edvel, para um crescimento integral, harmonioso e promiss\u00f3rio, do ser humano e da Cria\u00e7\u00e3o inteira. De fato, como estamos percebendo os sinais graves de uma crise civilizat\u00f3ria em todo o planeta, descobrimos, e acreditamos, tamb\u00e9m, com esperan\u00e7osa vis\u00e3o, que a participa\u00e7\u00e3o e a dignifica\u00e7\u00e3o da mulher s\u00e3o uma das chaves para uma solu\u00e7\u00e3o humanit\u00e1ria e consciente.\u00a0<\/span><span data-ccp-props=\"{&quot;201341983&quot;:0,&quot;335551550&quot;:6,&quot;335551620&quot;:6,&quot;335559739&quot;:160,&quot;335559740&quot;:259}\">\u00a0<\/span><\/p>\n<p style=\"text-align: justify;\"><span data-contrast=\"auto\">Certamente, vincular as mulheres a sua capacidade, e lideran\u00e7a, em cuidar e preservar a vida e a integridade da Natureza, \u00e9 consenso gra\u00e7as ao Deus da Vida, cada vez mais claro e n\u00edtido. N\u00e3o apenas garantem um mundo mais sustent\u00e1vel e limpo, mas s\u00e3o tamb\u00e9m as art\u00edfices e parteiras de uma humanidade em paz, sem guerras e \u00f3dios homicidas. Por isso, torna-se obsoleto e criminoso, a viol\u00eancia contra a mulher, o machismo, e todo tipo de domina\u00e7\u00e3o, por tornar-se cega e injusta.\u00a0<\/span><span data-ccp-props=\"{&quot;201341983&quot;:0,&quot;335551550&quot;:6,&quot;335551620&quot;:6,&quot;335559739&quot;:160,&quot;335559740&quot;:259}\">\u00a0<\/span><\/p>\n<p style=\"text-align: justify;\"><span data-contrast=\"auto\">Se queremos fam\u00edlias que sejam remanso de alegria, paz, e afeto, tudo come\u00e7a com o respeito, com a complementaridade e a singularidade, que a mulher representa no lar, n\u00e3o limitando, ou for\u00e7ando, sua presen\u00e7a exclusivamente \u00e0 esfera dom\u00e9stica, mas compartilhando com elas a lideran\u00e7a civil, econ\u00f4mica e cultural, da edifica\u00e7\u00e3o de uma civiliza\u00e7\u00e3o do dar e do dar-se, da reciprocidade, e parceria fraterna e convergente. Sim, uma vez mais, seguindo a nossa f\u00e9 crist\u00e3, homenageamos e honramos as nossas irm\u00e3s mulheres, aprendendo com elas a ternura e o amor incondicional, a paci\u00eancia e o cuidado, para com a vida e toda a Cria\u00e7\u00e3o.<\/span><span data-ccp-props=\"{&quot;201341983&quot;:0,&quot;335551550&quot;:6,&quot;335551620&quot;:6,&quot;335559739&quot;:160,&quot;335559740&quot;:259}\">\u00a0<\/span><\/p>\n<p style=\"text-align: justify;\"><span data-contrast=\"auto\">Reconhecendo o valor, a intelig\u00eancia espiritual e s\u00f3cio emocional, a solicitude e generosidade da mulher, em todos os planos e dimens\u00f5es, como uma preciosa companheira e irm\u00e3, estaremos sendo fi\u00e9is a nossa voca\u00e7\u00e3o e miss\u00e3o de sermos, com elas, guardi\u00f5es e jardineiros da Terra, dom de nosso querido e amado Pai das miseric\u00f3rdias. Deus seja louvado!<\/span><span data-ccp-props=\"{&quot;201341983&quot;:0,&quot;335551550&quot;:6,&quot;335551620&quot;:6,&quot;335559739&quot;:160,&quot;335559740&quot;:259}\">\u00a0<\/span><\/p>\n<p><span data-ccp-props=\"{&quot;201341983&quot;:0,&quot;335551550&quot;:2,&quot;335551620&quot;:2,&quot;335559739&quot;:0,&quot;335559740&quot;:259}\">\u00a0<\/span><\/p>\n","protected":false},"excerpt":{"rendered":"<p>Dom Roberto Francisco Ferreria Paz Bispo de Campos (RJ) \u00a0 Comemorando a data do Dia Internacional da Mulher, n\u00e3o simplesmente aderimos a uma das diretrizes da ONU, para o desenvolvimento sustent\u00e1vel da agenda 2030, mas celebramos o seu contributo imprescind\u00edvel, para um crescimento integral, harmonioso e promiss\u00f3rio, do ser humano e da Cria\u00e7\u00e3o inteira. De &hellip;<\/p>\n<p class=\"read-more\"> <a class=\"\" href=\"https:\/\/www.cnbb.org.br\/igualdade-da-mulher-para-gerar-um-amanha-sustentavel-e-fraterno\/\"> <span class=\"screen-reader-text\">Igualdade da mulher, para gerar um amanh\u00e3 sustent\u00e1vel e fraterno\u00a0<\/span> Leia mais &raquo;<\/a><\/p>\n","protected":false},"author":23,"featured_media":0,"comment_status":"open","ping_status":"open","sticky":false,"template":"","format":"standard","meta":{"site-sidebar-layout":"default","site-content-layout":"default","ast-global-header-display":"","ast-banner-title-visibility":"","ast-main-header-display":"","ast-hfb-above-header-display":"","ast-hfb-below-header-display":"","ast-hfb-mobile-header-display":"","site-post-title":"","ast-breadcrumbs-content":"","ast-featured-img":"","footer-sml-layout":"","theme-transparent-header-meta":"default","adv-header-id-meta":"","stick-header-meta":"","header-above-stick-meta":"","header-main-stick-meta":"","header-below-stick-meta":""},"categories":[758],"tags":[],"acf":[],"_links":{"self":[{"href":"https:\/\/www.cnbb.org.br\/cnbb-app\/wp\/v2\/posts\/939691"}],"collection":[{"href":"https:\/\/www.cnbb.org.br\/cnbb-app\/wp\/v2\/posts"}],"about":[{"href":"https:\/\/www.cnbb.org.br\/cnbb-app\/wp\/v2\/types\/post"}],"author":[{"embeddable":true,"href":"https:\/\/www.cnbb.org.br\/cnbb-app\/wp\/v2\/users\/23"}],"replies":[{"embeddable":true,"href":"https:\/\/www.cnbb.org.br\/cnbb-app\/wp\/v2\/comments?post=939691"}],"version-history":[{"count":1,"href":"https:\/\/www.cnbb.org.br\/cnbb-app\/wp\/v2\/posts\/939691\/revisions"}],"predecessor-version":[{"id":939692,"href":"https:\/\/www.cnbb.org.br\/cnbb-app\/wp\/v2\/posts\/939691\/revisions\/939692"}],"wp:attachment":[{"href":"https:\/\/www.cnbb.org.br\/cnbb-app\/wp\/v2\/media?parent=939691"}],"wp:term":[{"taxonomy":"category","embeddable":true,"href":"https:\/\/www.cnbb.org.br\/cnbb-app\/wp\/v2\/categories?post=939691"},{"taxonomy":"post_tag","embeddable":true,"href":"https:\/\/www.cnbb.org.br\/cnbb-app\/wp\/v2\/tags?post=939691"}],"curies":[{"name":"wp","href":"https:\/\/api.w.org\/{rel}","templated":true}]}}