{"id":9400,"date":"2010-09-09T00:00:00","date_gmt":"2010-09-09T03:00:00","guid":{"rendered":"https:\/\/www.cnbb.org.br\/teologo-defende-a-formacao-como-caminho-para-tornar-as-paroquias-missionarias\/"},"modified":"2020-03-11T20:04:27","modified_gmt":"2020-03-11T23:04:27","slug":"teologo-defende-a-formacao-como-caminho-para-tornar-as-paroquias-missionarias","status":"publish","type":"post","link":"https:\/\/www.cnbb.org.br\/teologo-defende-a-formacao-como-caminho-para-tornar-as-paroquias-missionarias\/","title":{"rendered":"Te\u00f3logo defende a forma\u00e7\u00e3o como caminho para tornar as par\u00f3quias mission\u00e1rias"},"content":{"rendered":"<\/p>\n<p style=\"text-align: justify\">O soci\u00f3logo e te\u00f3logo, padre Jos\u00e9 Carlos Pereira, defendeu ontem, 7, durante a Semana Brasileira da Miss\u00e3o Continental, que o caminho para tornar as par\u00f3quias mission\u00e1rias \u00e9 a forma\u00e7\u00e3o permanente. A afirma\u00e7\u00e3o tem como base o Documento da Confer\u00eancia de Aparecida. \u201cSe queremos que as par\u00f3quias sejam centros de irradia\u00e7\u00e3o mission\u00e1ria em seus pr\u00f3prios territ\u00f3rios, elas devem ser tamb\u00e9m lugares de forma\u00e7\u00e3o permanente\u201d, diz o Documento no n\u00famero 306.<\/p>\n<p>  <!--more-->  <\/p>\n<p style=\"text-align: justify\">Padre Jos\u00e9 Carlos foi o conferencista desta ter\u00e7a-feira, 8, na Semana Brasileira da Miss\u00e3o Continental, realizada pela CNBB no Centro Cultural Mission\u00e1rio (CCM), em Bras\u00edlia. Organizada pela Comiss\u00e3o Episcopal para a Miss\u00e3o Continental e pelo CCM, a Semana re\u00fane 57 pessoas de todo o pa\u00eds e prossegue at\u00e9 s\u00e1bado, 11.<\/p>\n<p style=\"text-align: justify\">O te\u00f3logo insistiu que a Igreja precisa descobrir as principais demandas para a implanta\u00e7\u00e3o de uma evangeliza\u00e7\u00e3o permanente. \u201cPara a evangeliza\u00e7\u00e3o permanente, precisamos descobrir quais s\u00e3o as principais demandas pastorais e passarmos, da teoria \u00e0 pr\u00e1tica, para uma Igreja em estado permanente de miss\u00e3o, tanto quanto poss\u00edvel e com insist\u00eancia maior, na prepara\u00e7\u00e3o, forma\u00e7\u00e3o e no envio dos seus mission\u00e1rios\u201d, afirmou Pe. Jos\u00e9 Carlos Pereira.<\/p>\n<p style=\"text-align: justify\"><img decoding=\"async\" loading=\"lazy\" class=\" alignright size-full wp-image-6418\" style=\"float: right\" alt=\"Pe_JoseCarlos\" src=\"https:\/\/www.cnbb.org.br\/wp-content\/uploads\/2020\/03\/Pe_JoseCarlos.jpg\" width=\"300\" height=\"298\" \/>O padre enumerou como desafios para a evangeliza\u00e7\u00e3o da Igreja a sa\u00edda dos cat\u00f3licos para as seitas, o fen\u00f4meno da globaliza\u00e7\u00e3o e a seculariza\u00e7\u00e3o, o pluralismo religioso, a desmotiva\u00e7\u00e3o dos agentes pastorais, os graves problemas da viol\u00eancia, da pobreza e injusti\u00e7as. Em sua opini\u00e3o, diante destes desafios \u00e9 preciso resgatar a dimens\u00e3o mission\u00e1ria de cada pessoa batizada, \u201cbuscando trabalhar de maneira intr\u00ednseca a pessoa, a comunidade e a sociedade, num trabalho org\u00e2nico que aponte pistas de a\u00e7\u00e3o para implementar a miss\u00e3o evangelizadora detectando as defici\u00eancias presente naquela determinada realidade paroquial\u201d.<\/p>\n<p style=\"text-align: justify\">O caminho para atingir esta meta, de acordo com o te\u00f3logo, \u201c\u00e9 a busca de uma pastoral de conjunto, a forma\u00e7\u00e3o dos agentes e o envolvimento com pastorais de cunho social\u201d.<\/p>\n<p style=\"text-align: justify\">Padre Jos\u00e9 Carlos lembrou quest\u00f5es pr\u00e1ticas do trabalho paroquial como a pastoral da acolhida, \u201cque \u00e9 parte integrante do processo evangelizador\u201d; a fun\u00e7\u00e3o do conselho pastoral paroquial; a pastoral da escuta, as pastorais sociais voltadas para os problemas sociais numa linha b\u00edblica das a\u00e7\u00f5es socio-transformadora.<\/p>\n<p style=\"text-align: justify\"><strong>Plebiscito<\/strong><\/p>\n<p style=\"text-align: justify\">Os participantes da Semana Brasileira da Miss\u00e3o Continental tamb\u00e9m assinaram o Plebiscito pelo limite de propriedade. Organizado pelo F\u00f3rum Nacional pela Reforma Agr\u00e1ria e Justi\u00e7a no Campo, com apoio das pastorais sociais e de v\u00e1rias entidades e movimentos sociais, o Plebiscito recolheu assinaturas por todo o pa\u00eds ontem, dia da P\u00e1tria, quando se realiza tamb\u00e9m o Grito dos Exclu\u00eddos.<\/p>\n<p style=\"text-align: justify\">\u201cEste gesto busca chamar a aten\u00e7\u00e3o e contribuir para o pa\u00eds que desejamos construir, mais igualit\u00e1rio politicamente, economicamente justo, ecologicamente sustent\u00e1vel e buscando uma verdadeira express\u00e3o de participa\u00e7\u00e3o democr\u00e1tica, atrav\u00e9s de uma proposi\u00e7\u00e3o concreta: a limita\u00e7\u00e3o do latif\u00fandio\u201d, disse o padre Sidnei Marcos Dornelas.<\/p>\n<p style=\"text-align: justify\">\u201c\u00c9 nossa convic\u00e7\u00e3o que a Miss\u00e3o Continental n\u00e3o pode acontecer \u00e0 margem de uma consci\u00eancia cr\u00edtica sobre a realidade em que vivemos e sem uma solidariedade efetiva com todos os brasileiros e latino-americanos, sobretudo aqueles que padecem as injusti\u00e7as criadas pelas situa\u00e7\u00f5es de injusti\u00e7a no campo\u201d, acrescentou. <a href=\"http:\/\/www.obrasilnamissaocontinental.com\/\" target=\"_blank\" rel=\"noopener\"><\/a><\/p>\n<p style=\"text-align: justify\"><a href=\"http:\/\/www.obrasilnamissaocontinental.com\/\" target=\"_blank\" rel=\"noopener\">Veja mais not\u00edcias da Semana no Blog da Miss\u00e3o Continental<\/a><\/p>\n<p><span style=\"font-size: 8pt\"><strong><em>CNBB\/Blog da Miss\u00e3o Continental<\/em><\/strong><\/span><\/p>\n","protected":false},"excerpt":{"rendered":"<p>O soci\u00f3logo e te\u00f3logo, padre Jos\u00e9 Carlos Pereira, defendeu ontem, 7, durante a Semana Brasileira da Miss\u00e3o Continental, que o caminho para tornar as par\u00f3quias mission\u00e1rias \u00e9 a forma\u00e7\u00e3o permanente. A afirma\u00e7\u00e3o tem como base o Documento da Confer\u00eancia de Aparecida. \u201cSe queremos que as par\u00f3quias sejam centros de irradia\u00e7\u00e3o mission\u00e1ria em seus pr\u00f3prios territ\u00f3rios, &hellip;<\/p>\n<p class=\"read-more\"> <a class=\"\" href=\"https:\/\/www.cnbb.org.br\/teologo-defende-a-formacao-como-caminho-para-tornar-as-paroquias-missionarias\/\"> <span class=\"screen-reader-text\">Te\u00f3logo defende a forma\u00e7\u00e3o como caminho para tornar as par\u00f3quias mission\u00e1rias<\/span> Leia mais &raquo;<\/a><\/p>\n","protected":false},"author":83,"featured_media":9401,"comment_status":"open","ping_status":"open","sticky":false,"template":"","format":"standard","meta":{"site-sidebar-layout":"default","site-content-layout":"default","ast-global-header-display":"","ast-banner-title-visibility":"","ast-main-header-display":"","ast-hfb-above-header-display":"","ast-hfb-below-header-display":"","ast-hfb-mobile-header-display":"","site-post-title":"","ast-breadcrumbs-content":"","ast-featured-img":"","footer-sml-layout":"","theme-transparent-header-meta":"","adv-header-id-meta":"","stick-header-meta":"","header-above-stick-meta":"","header-main-stick-meta":"","header-below-stick-meta":""},"categories":[854,878],"tags":[],"acf":[],"_links":{"self":[{"href":"https:\/\/www.cnbb.org.br\/cnbb-app\/wp\/v2\/posts\/9400"}],"collection":[{"href":"https:\/\/www.cnbb.org.br\/cnbb-app\/wp\/v2\/posts"}],"about":[{"href":"https:\/\/www.cnbb.org.br\/cnbb-app\/wp\/v2\/types\/post"}],"author":[{"embeddable":true,"href":"https:\/\/www.cnbb.org.br\/cnbb-app\/wp\/v2\/users\/83"}],"replies":[{"embeddable":true,"href":"https:\/\/www.cnbb.org.br\/cnbb-app\/wp\/v2\/comments?post=9400"}],"version-history":[{"count":0,"href":"https:\/\/www.cnbb.org.br\/cnbb-app\/wp\/v2\/posts\/9400\/revisions"}],"wp:featuredmedia":[{"embeddable":true,"href":"https:\/\/www.cnbb.org.br\/cnbb-app\/wp\/v2\/media\/9401"}],"wp:attachment":[{"href":"https:\/\/www.cnbb.org.br\/cnbb-app\/wp\/v2\/media?parent=9400"}],"wp:term":[{"taxonomy":"category","embeddable":true,"href":"https:\/\/www.cnbb.org.br\/cnbb-app\/wp\/v2\/categories?post=9400"},{"taxonomy":"post_tag","embeddable":true,"href":"https:\/\/www.cnbb.org.br\/cnbb-app\/wp\/v2\/tags?post=9400"}],"curies":[{"name":"wp","href":"https:\/\/api.w.org\/{rel}","templated":true}]}}