{"id":940066,"date":"2023-03-10T12:09:40","date_gmt":"2023-03-10T15:09:40","guid":{"rendered":"https:\/\/www.cnbb.org.br\/?p=940066"},"modified":"2023-03-10T12:10:03","modified_gmt":"2023-03-10T15:10:03","slug":"senhor-dai-nos-sede-de-justica","status":"publish","type":"post","link":"https:\/\/www.cnbb.org.br\/senhor-dai-nos-sede-de-justica\/","title":{"rendered":"Senhor, dai-nos sede de justi\u00e7a!\u00a0"},"content":{"rendered":"<p style=\"text-align: right;\"><strong>Dom Jos\u00e9 Gislon<br \/>\nBispo De Caxias do Sul (RS)<\/strong><\/p>\n<p>&nbsp;<\/p>\n<p style=\"text-align: justify;\"><span data-contrast=\"auto\">Estimados irm\u00e3os e irm\u00e3s em Cristo Jesus! Celebramos com f\u00e9 e esperan\u00e7a este tempo da Quaresma, marcado por uma vida espiritual intensa e pelo apelo da Campanha da Fraternidade<\/span><span data-contrast=\"auto\">, com o tema \u201c<\/span><b><span data-contrast=\"auto\">Fraternidade e Fome\u201d<\/span><\/b><span data-contrast=\"auto\">, e o lema: <\/span><b><span data-contrast=\"auto\">\u201cDai-lhes v\u00f3s mesmos de comer!\u201d<\/span><\/b><span data-contrast=\"auto\"> (Mt 14,16).\u00a0<\/span><span data-ccp-props=\"{&quot;201341983&quot;:0,&quot;335551550&quot;:6,&quot;335551620&quot;:6,&quot;335559739&quot;:0,&quot;335559740&quot;:240}\">\u00a0<\/span><\/p>\n<p style=\"text-align: justify;\"><span data-contrast=\"auto\">Defender e proteger a dignidade vida em todos os seus aspectos pode ser uma op\u00e7\u00e3o de f\u00e9, que nasce de uma profunda comunh\u00e3o com Deus, Pai e Criador do universo. Mas, para vivermos em comunh\u00e3o, precisamos tamb\u00e9m percorrer o caminho da convers\u00e3o interior. Existe um \u00fanico lugar no mundo onde pode acontecer algo verdadeiramente novo. Este lugar \u00e9 o nosso cora\u00e7\u00e3o. Essa novidade acontece quando, libertados do fermento do pecado, passamos a viver os acontecimentos deste mundo tendo presente que somos peregrinos e estamos a caminho da casa do Pai.<\/span><span data-ccp-props=\"{&quot;201341983&quot;:0,&quot;335551550&quot;:6,&quot;335551620&quot;:6,&quot;335559739&quot;:0,&quot;335559740&quot;:240}\">\u00a0<\/span><\/p>\n<p style=\"text-align: justify;\"><span data-contrast=\"auto\">O caminho do ser humano neste mundo pode ser marcado por momentos belos e cr\u00edticos, de dor e de esperan\u00e7a, como foi o caminho do povo de Deus para a terra prometia. A busca por liberdade, dignidade e prote\u00e7\u00e3o da vida, \u00e9 uma realidade presente tamb\u00e9m na vida de milh\u00f5es de pessoas do nosso tempo. Tocou a vida de Jos\u00e9 e Maria, que precisaram fugir para o Egito, para proteger a vida do rec\u00e9m-nascido. A busca da liberdade e da dignidade, faz com que os perseguidos pelas guerras, os humilhados pela falta de trabalho, de seguran\u00e7a e de op\u00e7\u00f5es de vida em rela\u00e7\u00e3o ao futuro, n\u00e3o s\u00f3 arisquem a vida atravessando os desertos, mas tamb\u00e9m os mares e os muros de cimento ou do preconceito, erguidos com a inten\u00e7\u00e3o de segreg\u00e1-los, da possibilidade de poderem recome\u00e7ar a vida e terem um futuro mais digno.<\/span><span data-ccp-props=\"{&quot;201341983&quot;:0,&quot;335551550&quot;:6,&quot;335551620&quot;:6,&quot;335559739&quot;:0,&quot;335559740&quot;:240}\">\u00a0<\/span><\/p>\n<p style=\"text-align: justify;\"><span data-contrast=\"auto\">O Senhor Jesus, percorrendo as cidades da terra prometida e anunciando o Reino de Deus, chegou tamb\u00e9m \u00e0 pequena cidade de Sicar, na Samaria e, cansado da viagem, sentou-se junto ao po\u00e7o de Jac\u00f3. Ele, \u00e1gua viva que sacia para a vida eterna, pede de beber \u00e0 Samaritana, com a inten\u00e7\u00e3o de oferecer-lhe a \u00e1gua do Esp\u00edrito, que a far\u00e1 renascer para uma vida nova. Pela \u00e1gua do batismo, n\u00f3s tamb\u00e9m renascemos como filhos e filhas de Deus, mas, no caminho da vida para a casa do Pai, somos colocados \u00e0 prova. Precisamos atravessar os desertos, n\u00e3o aqueles do espa\u00e7o geogr\u00e1fico, mas aqueles formados no nosso cora\u00e7\u00e3o, atrav\u00e9s das nossas atitudes de comodismo, do preconceito e da indiferen\u00e7a. Eles podem ir se alargando com o passar dos anos, pelo abandono da ora\u00e7\u00e3o pessoal, pela falta de cultivo de um ambiente crist\u00e3o e vida de ora\u00e7\u00e3o na fam\u00edlia, pela n\u00e3o participa\u00e7\u00e3o na vida da comunidade de f\u00e9, pelo orgulho que nos leva a viver o isolamento da autossufici\u00eancia, em rela\u00e7\u00e3o \u00e0s coisas Deus, que dizem respeito \u00e0 nossa vida. Podemos estar morrendo de sede de Deus, que se manifesta na falta de compaix\u00e3o para com os mais fragilizados e famintos. O pecado nos impede de ouvir a voz do Senhor, nos oferecendo a \u00e1gua viva, atrav\u00e9s do seu amor e da sua miseric\u00f3rdia.<\/span> <span data-contrast=\"auto\">Quem n\u00e3o acolhe o Senhor em sua vida vive no medo o presente, \u00e9 um errante sem rumo, um sedento, que n\u00e3o encontra a \u00e1gua da miseric\u00f3rdia, que sacia sua vida e lhe d\u00e1 for\u00e7as para percorrer o caminho que o conduzir\u00e1 \u00e0 casa do Pai.<\/span><span data-contrast=\"auto\">\u00a0<\/span><span data-ccp-props=\"{&quot;201341983&quot;:0,&quot;335551550&quot;:6,&quot;335551620&quot;:6,&quot;335559739&quot;:0,&quot;335559740&quot;:240}\">\u00a0<\/span><\/p>\n<p style=\"text-align: justify;\"><span data-ccp-props=\"{&quot;201341983&quot;:0,&quot;335551550&quot;:6,&quot;335551620&quot;:6,&quot;335559739&quot;:0,&quot;335559740&quot;:240}\">\u00a0<\/span><\/p>\n<p><span data-ccp-props=\"{&quot;201341983&quot;:0,&quot;335551550&quot;:6,&quot;335551620&quot;:6,&quot;335559739&quot;:0,&quot;335559740&quot;:240}\">\u00a0<\/span><\/p>\n<p>&nbsp;<\/p>\n<p><span data-ccp-props=\"{&quot;201341983&quot;:0,&quot;335551550&quot;:6,&quot;335551620&quot;:6,&quot;335559739&quot;:0,&quot;335559740&quot;:240}\">\u00a0<\/span><\/p>\n<p><span data-ccp-props=\"{&quot;201341983&quot;:0,&quot;335559739&quot;:0,&quot;335559740&quot;:240}\">\u00a0<\/span><\/p>\n","protected":false},"excerpt":{"rendered":"<p>Dom Jos\u00e9 Gislon Bispo De Caxias do Sul (RS) &nbsp; Estimados irm\u00e3os e irm\u00e3s em Cristo Jesus! Celebramos com f\u00e9 e esperan\u00e7a este tempo da Quaresma, marcado por uma vida espiritual intensa e pelo apelo da Campanha da Fraternidade, com o tema \u201cFraternidade e Fome\u201d, e o lema: \u201cDai-lhes v\u00f3s mesmos de comer!\u201d (Mt 14,16).\u00a0\u00a0 &hellip;<\/p>\n<p class=\"read-more\"> <a class=\"\" href=\"https:\/\/www.cnbb.org.br\/senhor-dai-nos-sede-de-justica\/\"> <span class=\"screen-reader-text\">Senhor, dai-nos sede de justi\u00e7a!\u00a0<\/span> Leia mais &raquo;<\/a><\/p>\n","protected":false},"author":20,"featured_media":0,"comment_status":"open","ping_status":"open","sticky":false,"template":"","format":"standard","meta":{"site-sidebar-layout":"default","site-content-layout":"default","ast-global-header-display":"","ast-banner-title-visibility":"","ast-main-header-display":"","ast-hfb-above-header-display":"","ast-hfb-below-header-display":"","ast-hfb-mobile-header-display":"","site-post-title":"","ast-breadcrumbs-content":"","ast-featured-img":"","footer-sml-layout":"","theme-transparent-header-meta":"default","adv-header-id-meta":"","stick-header-meta":"","header-above-stick-meta":"","header-main-stick-meta":"","header-below-stick-meta":""},"categories":[758],"tags":[],"acf":[],"_links":{"self":[{"href":"https:\/\/www.cnbb.org.br\/cnbb-app\/wp\/v2\/posts\/940066"}],"collection":[{"href":"https:\/\/www.cnbb.org.br\/cnbb-app\/wp\/v2\/posts"}],"about":[{"href":"https:\/\/www.cnbb.org.br\/cnbb-app\/wp\/v2\/types\/post"}],"author":[{"embeddable":true,"href":"https:\/\/www.cnbb.org.br\/cnbb-app\/wp\/v2\/users\/20"}],"replies":[{"embeddable":true,"href":"https:\/\/www.cnbb.org.br\/cnbb-app\/wp\/v2\/comments?post=940066"}],"version-history":[{"count":1,"href":"https:\/\/www.cnbb.org.br\/cnbb-app\/wp\/v2\/posts\/940066\/revisions"}],"predecessor-version":[{"id":940067,"href":"https:\/\/www.cnbb.org.br\/cnbb-app\/wp\/v2\/posts\/940066\/revisions\/940067"}],"wp:attachment":[{"href":"https:\/\/www.cnbb.org.br\/cnbb-app\/wp\/v2\/media?parent=940066"}],"wp:term":[{"taxonomy":"category","embeddable":true,"href":"https:\/\/www.cnbb.org.br\/cnbb-app\/wp\/v2\/categories?post=940066"},{"taxonomy":"post_tag","embeddable":true,"href":"https:\/\/www.cnbb.org.br\/cnbb-app\/wp\/v2\/tags?post=940066"}],"curies":[{"name":"wp","href":"https:\/\/api.w.org\/{rel}","templated":true}]}}