{"id":940068,"date":"2023-03-10T12:11:49","date_gmt":"2023-03-10T15:11:49","guid":{"rendered":"https:\/\/www.cnbb.org.br\/?p=940068"},"modified":"2023-03-10T12:12:40","modified_gmt":"2023-03-10T15:12:40","slug":"a-campanha-da-fraternidade-2023-e-a-caridade","status":"publish","type":"post","link":"https:\/\/www.cnbb.org.br\/a-campanha-da-fraternidade-2023-e-a-caridade\/","title":{"rendered":"A Campanha da Fraternidade 2023 e a Caridade"},"content":{"rendered":"<p style=\"text-align: right;\"><strong>Dom Vital Corbellini<br \/>\nBispo de Marab\u00e1 (PA) \u00a0<\/strong><\/p>\n<p>&nbsp;<\/p>\n<p style=\"text-align: justify;\"><span data-contrast=\"auto\">A Campanha da Fraternidade 2023 cujo tema \u00e9 a fome lembra-nos o dever para fazer m\u00faltiplos gestos de caridade em favor das pessoas que sofrem com este flagelo no Brasil e no mundo. A caridade \u00e9 uma palavra latina: <\/span><i><span data-contrast=\"auto\">caritas-atis<\/span><\/i><span data-contrast=\"auto\">, cujo significado \u00e9 o amor que une os seres humanos com Deus<\/span><span data-contrast=\"auto\">1<\/span><span data-contrast=\"auto\">. A caridade faz a pessoa abrir-se ao outro que mais sofre que a pessoa por estar em condi\u00e7\u00f5es dignas de vida para assim prestar-lhe ajuda, amor. A fome impulsiona-nos ao desafio constante para a a\u00e7\u00e3o, porque n\u00e3o \u00e9 poss\u00edvel permanecer parado diante do grito da realidade brasileira, sabendo que a ordem de Jesus \u00e9: Dai-lhes v\u00f3s mesmos de comer (Mt 14,16). A caridade \u00e9 tamb\u00e9m a assun\u00e7\u00e3o da dimens\u00e3o social da f\u00e9 que exige atitudes caritativas na busca de solu\u00e7\u00f5es para o drama da fome.\u00a0<\/span><span data-ccp-props=\"{&quot;201341983&quot;:0,&quot;335551550&quot;:6,&quot;335551620&quot;:6,&quot;335559739&quot;:200,&quot;335559740&quot;:276}\">\u00a0<\/span><\/p>\n<p style=\"text-align: justify;\"><span data-contrast=\"auto\">O cora\u00e7\u00e3o do Bom Pastor<\/span><span data-contrast=\"auto\">.<\/span><span data-ccp-props=\"{&quot;201341983&quot;:0,&quot;335551550&quot;:6,&quot;335551620&quot;:6,&quot;335559739&quot;:200,&quot;335559740&quot;:276}\">\u00a0<\/span><\/p>\n<p style=\"text-align: justify;\"><span data-contrast=\"auto\">Jesus foi o bom Pastor que esteve sempre ao lado dos pobres, das multid\u00f5es abandonadas pelas suas lideran\u00e7as. O seu cora\u00e7\u00e3o pulsava o amor para com todas as pessoas, sobretudo as mais abandonadas. Os evangelistas falam que ele sentia compaix\u00e3o ao ver a situa\u00e7\u00e3o das pessoas e das multid\u00f5es, pois n\u00e3o tinham uma lideran\u00e7a como Jesus para se agarrar e ser orientado com amor (Mt 14,14; Mt 15, 32; Lc 7,13). Vemos Jesus como o Bom Pastor que d\u00e1 a vida pelas ovelhas, diferentemente do mercen\u00e1rio que ao ver o lobo chegar, abandona as ovelhas porque ele n\u00e3o se importa com as ovelhas. Mas Jesus \u00e9 o bom Pastor que conhece as ovelhas e as ovelhas o conhecem (Jo 10,11-12). Ele nos ensina a sermos bons pastores no mundo de hoje.\u00a0<\/span><span data-ccp-props=\"{&quot;201341983&quot;:0,&quot;335551550&quot;:6,&quot;335551620&quot;:6,&quot;335559739&quot;:200,&quot;335559740&quot;:276}\">\u00a0<\/span><\/p>\n<p style=\"text-align: justify;\"><span data-contrast=\"auto\">A mobiliza\u00e7\u00e3o dos disc\u00edpulos de Jesus.<\/span><span data-ccp-props=\"{&quot;201341983&quot;:0,&quot;335551550&quot;:6,&quot;335551620&quot;:6,&quot;335559739&quot;:200,&quot;335559740&quot;:276}\">\u00a0<\/span><\/p>\n<p style=\"text-align: justify;\"><span data-contrast=\"auto\">Jesus mobilizou os seus disc\u00edpulos para uma a\u00e7\u00e3o pontual que resolvesse a quest\u00e3o da comida, n\u00e3o fosse a partir da l\u00f3gica do dinheiro, da indiferen\u00e7a, mas a partir da l\u00f3gica de Jesus e do seu Evangelho<\/span><span data-contrast=\"auto\">3<\/span><span data-contrast=\"auto\">. N\u00f3s temos como objetivo geral da Campanha da Fraternidade 2023 a sensibiliza\u00e7\u00e3o da sociedade e da Igreja para o enfrentamento do flagelo da fome, do qual sofre uma multid\u00e3o de irm\u00e3os e irm\u00e3s atrav\u00e9s de compromissos que transformem a realidade a partir do Evangelho de Jesus Cristo<\/span><span data-contrast=\"auto\">4<\/span><span data-contrast=\"auto\">. Se ontem o Senhor Jesus mobilizou os seus disc\u00edpulos para a\u00e7\u00f5es concretas de caridade, na realidade atual ele impulsiona a cada um de n\u00f3s para trabalharmos pelo bem de todas as pessoas, sobretudo as famintas.\u00a0<\/span><span data-ccp-props=\"{&quot;201341983&quot;:0,&quot;335551550&quot;:6,&quot;335551620&quot;:6,&quot;335559731&quot;:708,&quot;335559739&quot;:200,&quot;335559740&quot;:276}\">\u00a0<\/span><\/p>\n<p style=\"text-align: justify;\"><span data-contrast=\"auto\">A palavra de Deus e eucaristia ajudam-nos a agir pela solidariedade.<\/span><span data-ccp-props=\"{&quot;201341983&quot;:0,&quot;335551550&quot;:6,&quot;335551620&quot;:6,&quot;335559731&quot;:708,&quot;335559739&quot;:200,&quot;335559740&quot;:276}\">\u00a0<\/span><\/p>\n<p style=\"text-align: justify;\"><span data-contrast=\"auto\">A participa\u00e7\u00e3o da pessoa crist\u00e3 \u00e0 comunidade possibilita \u00e0 unidade da vida com a palavra de Deus e com a eucaristia, como pontos fundamentais para uma exist\u00eancia de seguimento a Jesus Cristo e \u00e0 Igreja. Tudo faz-nos lembrar que o p\u00e3o \u00e9 para todos, n\u00e3o simplesmente para algumas pessoas. \u00c9 decorrente disso a ora\u00e7\u00e3o do Pai Nosso quando n\u00f3s nos voltamos ao Pai do c\u00e9u como Criador de todas as coisas e pedimos para que o seu Reino venha e fa\u00e7a-se sempre a sua vontade. Na segunda parte n\u00f3s pedimos o p\u00e3o de cada dia para que ele n\u00e3o falte a ningu\u00e9m, bem como o perd\u00e3o de nossos pecados e tamb\u00e9m para que n\u00f3s perdoemos os outros. A medida que a pessoa, o fiel segue ao Senhor pela Palavra de Deus e pela eucaristia tamb\u00e9m vive a solidariedade junto aos outros, sobretudo com pessoas famintas e pobres.\u00a0<\/span><span data-ccp-props=\"{&quot;201341983&quot;:0,&quot;335551550&quot;:6,&quot;335551620&quot;:6,&quot;335559731&quot;:708,&quot;335559739&quot;:200,&quot;335559740&quot;:276}\">\u00a0<\/span><\/p>\n<p style=\"text-align: justify;\"><span data-contrast=\"auto\">A Campanha da Fraternidade e a caridade.<\/span><span data-ccp-props=\"{&quot;201341983&quot;:0,&quot;335551550&quot;:6,&quot;335551620&quot;:6,&quot;335559731&quot;:708,&quot;335559739&quot;:200,&quot;335559740&quot;:276}\">\u00a0<\/span><\/p>\n<p style=\"text-align: justify;\"><span data-contrast=\"auto\">A Campanha da Fraternidade estimula a pr\u00e1ticas de caridade, porque \u00e9 pr\u00f3prio da pessoa fiel viver o amor aos outros. A rela\u00e7\u00e3o com Deus, para ser verdadeira passa pelo amor ao pr\u00f3ximo. O Senhor Jesus Cristo nos disse que somos chamados a amar-nos uns aos outros (Jo 13,34). Ainda o Ap\u00f3stolo S\u00e3o Jo\u00e3o diz que quem ama a Deus, mas n\u00e3o ama o pr\u00f3ximo, o seu amor \u00e9 mentiroso, porque se n\u00e3o ama o irm\u00e3o que v\u00ea, como pode amar a Deus a quem n\u00e3o v\u00ea? (1 Jo 4,20). A caridade \u00e9 fundamental diante da realidade da fome. As pessoas passam por dificuldades de comer, de modo que a ajuda na comida ou em pol\u00edticas p\u00fablicas \u00e9 essencial. A indiferen\u00e7a ou a omiss\u00e3o seriam coisas que n\u00e3o ajudariam em nada diante da possibilidade da caridade a ser percebida pela realidade da fome.\u00a0<\/span><span data-ccp-props=\"{&quot;201341983&quot;:0,&quot;335551550&quot;:6,&quot;335551620&quot;:6,&quot;335559731&quot;:708,&quot;335559739&quot;:200,&quot;335559740&quot;:276}\">\u00a0<\/span><\/p>\n<p style=\"text-align: justify;\"><span data-contrast=\"auto\">A caridade \u00e9 o distintivo do discipulado do Senhor.<\/span><span data-ccp-props=\"{&quot;201341983&quot;:0,&quot;335551550&quot;:6,&quot;335551620&quot;:6,&quot;335559731&quot;:708,&quot;335559739&quot;:200,&quot;335559740&quot;:276}\">\u00a0<\/span><\/p>\n<p style=\"text-align: justify;\"><span data-contrast=\"auto\">A caridade faz a pessoas seguir a Jesus Cristo. Ele deu a sua vida pela salva\u00e7\u00e3o da humanidade. Ele tamb\u00e9m disse que quem quiser salvar a sua vida vai perd\u00ea-la mas quem a perde por causa de Jesus a encontrar\u00e1 (Mt 16,25). \u00c9 preciso perder algo de si mesmo para o bem das pessoas que passam fome. Quando se tem amor pelos pobres como Jesus teve na evangeliza\u00e7\u00e3o (Lc 4, 18), tudo tem sentido na ajuda aos famintos e famintas. \u00c9 o amor-caridade<\/span><span data-contrast=\"auto\">5<\/span><span data-contrast=\"auto\"> que faz a pessoa sair de si mesma para ir ao encontro de quem passa fome ou possui a necessidade para comer.\u00a0<\/span><span data-ccp-props=\"{&quot;201341983&quot;:0,&quot;335551550&quot;:6,&quot;335551620&quot;:6,&quot;335559731&quot;:708,&quot;335559739&quot;:200,&quot;335559740&quot;:276}\">\u00a0<\/span><\/p>\n<p style=\"text-align: justify;\"><span data-contrast=\"auto\">A caridade em vista do julgamento final.<\/span><span data-ccp-props=\"{&quot;201341983&quot;:0,&quot;335551550&quot;:6,&quot;335551620&quot;:6,&quot;335559731&quot;:708,&quot;335559739&quot;:200,&quot;335559740&quot;:276}\">\u00a0<\/span><\/p>\n<p style=\"text-align: justify;\"><span data-contrast=\"auto\">Jesus afirmou o julgamento final ser\u00e1 sobre a\u00e7\u00f5es concretas feitas em nome dele ou n\u00e3o realizadas em nome dele. A caridade ser\u00e1 o ponto fundamental porque ele estava com fome e as pessoas deram de comer, ele estava com sede e as pessoas deram de beber. Os justos e as justas at\u00e9 ficar\u00e3o surpresos com o convite para participar do Reino de Deus, porque eles e elas se perguntar\u00e3o quando \u00e9 que foram realizadas as coisas, quem sabe ir\u00e3o at\u00e9 record\u00e1-las, por serem a\u00e7\u00f5es humanas, necess\u00e1rias, porque viram um faminto pedir comida ou um p\u00e3o, e a pessoa deu-os com maior alegria e amor. No entanto naquela pessoa n\u00e3o era apenas um necessitado que vinha socorrido, mas era o pr\u00f3prio Cristo que foi dado a ajuda de modo que ele dir\u00e1 foi a mim o fizestes ou a mim, n\u00e3o o fizestes, no caso da recusa (Mt 25,40;45).\u00a0<\/span><span data-ccp-props=\"{&quot;201341983&quot;:0,&quot;335551550&quot;:6,&quot;335551620&quot;:6,&quot;335559731&quot;:708,&quot;335559739&quot;:200,&quot;335559740&quot;:276}\">\u00a0<\/span><\/p>\n<p style=\"text-align: justify;\"><span data-contrast=\"auto\">A\u00e7\u00f5es de miseric\u00f3rdia\u00a0<\/span><span data-ccp-props=\"{&quot;201341983&quot;:0,&quot;335551550&quot;:6,&quot;335551620&quot;:6,&quot;335559731&quot;:708,&quot;335559739&quot;:200,&quot;335559740&quot;:276}\">\u00a0<\/span><\/p>\n<p style=\"text-align: justify;\"><span data-contrast=\"auto\">A Campanha da Fraternidade aponta para a\u00e7\u00f5es caritativas, a\u00e7\u00f5es de miseric\u00f3rdia, nas quais se far\u00e1 o julgamento final das pessoas e dos povos. \u00c9 imposs\u00edvel n\u00e3o fazer coisas boas diante da realidade brasileira da fome. Muitas par\u00f3quias, comunidades est\u00e3o fazendo obras de amor, de caridade, de miseric\u00f3rdia. As iniciativas s\u00e3o muitas pela pastoral da caridade, do p\u00e3o. Isto torna a pessoa mais solid\u00e1ria com os sofredores desta vida. \u00c9 claro que n\u00f3s tamb\u00e9m desejamos pol\u00edticas p\u00fablicas que fazem as pessoas necessitadas de p\u00e3o, que est\u00e3o com fome, poderem um dia ter um emprego, vida digna para assim prosseguir a vida humana e crist\u00e3.\u00a0<\/span><span data-ccp-props=\"{&quot;201341983&quot;:0,&quot;335551550&quot;:6,&quot;335551620&quot;:6,&quot;335559731&quot;:708,&quot;335559739&quot;:200,&quot;335559740&quot;:276}\">\u00a0<\/span><\/p>\n<p style=\"text-align: justify;\"><span data-contrast=\"auto\">A caridade jamais acabar\u00e1.\u00a0<\/span><span data-ccp-props=\"{&quot;201341983&quot;:0,&quot;335551550&quot;:6,&quot;335551620&quot;:6,&quot;335559731&quot;:708,&quot;335559739&quot;:200,&quot;335559740&quot;:276}\">\u00a0<\/span><\/p>\n<p style=\"text-align: justify;\"><span data-contrast=\"auto\">S\u00e3o Paulo disse que a caridade jamais acabar\u00e1 (1 Cor 13,8). Na verdade tudo passa neste mundo, mas a caridade permanece para sempre porque Deus \u00e9 amor (1 Jo 4,8). Ela nos une a Deus e aos irm\u00e3os e irm\u00e3s, sobretudo as sofredoras. A ajuda dada fica na lembran\u00e7a das pessoas n\u00e3o s\u00f3 de quem ajuda mas tamb\u00e9m da pessoa ajudada. A caridade \u00e9 a maior das virtudes teologais que faz o ser humano abrir-se para o outro, diante da situa\u00e7\u00e3o de fome pelo qual ele passa. Tudo \u00e9 medido pela caridade demonstrada para com os outros e para com Deus.\u00a0<\/span><span data-ccp-props=\"{&quot;201341983&quot;:0,&quot;335551550&quot;:6,&quot;335551620&quot;:6,&quot;335559731&quot;:708,&quot;335559739&quot;:200,&quot;335559740&quot;:276}\">\u00a0<\/span><\/p>\n<p style=\"text-align: justify;\"><span data-contrast=\"auto\">Dimens\u00e3o social da f\u00e9.\u00a0<\/span><span data-ccp-props=\"{&quot;201341983&quot;:0,&quot;335551550&quot;:6,&quot;335551620&quot;:6,&quot;335559731&quot;:708,&quot;335559739&quot;:200,&quot;335559740&quot;:276}\">\u00a0<\/span><\/p>\n<p style=\"text-align: justify;\"><span data-contrast=\"auto\">A caridade alarga a vis\u00e3o pela f\u00e9 demonstrada para com Deus, pois ela d\u00e1 o realce \u00e0 dimens\u00e3o social da nossa cren\u00e7a em Deus. A pessoa v\u00ea o sofrimento da fome de milhares de pessoas de modo que ela se torna solid\u00e1ria, ajuda os outros, supera o ego\u00edsmo, pois colabora com a gra\u00e7a de Deus em melhorar o mundo, a sociedade. A rela\u00e7\u00e3o com Deus \u00e9 fundamentada pelo amor aos outros. A Doutrina Social da Igreja tem presente \u00e0 dimens\u00e3o social da f\u00e9, porque ela possibilita a caridade a ser feita sempre mais, pois o Senhor est\u00e1 na vida das pessoas, nos pobres e nas pessoas famintas.\u00a0<\/span><span data-ccp-props=\"{&quot;201341983&quot;:0,&quot;335551550&quot;:6,&quot;335551620&quot;:6,&quot;335559731&quot;:708,&quot;335559739&quot;:200,&quot;335559740&quot;:276}\">\u00a0<\/span><\/p>\n<p style=\"text-align: justify;\"><span data-contrast=\"auto\">N\u00f3s somos chamados a viver a gra\u00e7a da caridade neste tempo da Quaresma e da Campanha da Fraternidade 2023, na realidade atual diante do problem\u00e1tica da fome para que o mundo se torne melhor com nossas a\u00e7\u00f5es e o Deus Uno e Trino seja glorificado.\u00a0<\/span><span data-ccp-props=\"{&quot;201341983&quot;:0,&quot;335551550&quot;:6,&quot;335551620&quot;:6,&quot;335559731&quot;:708,&quot;335559739&quot;:200,&quot;335559740&quot;:276}\">\u00a0<\/span><\/p>\n","protected":false},"excerpt":{"rendered":"<p>Dom Vital Corbellini Bispo de Marab\u00e1 (PA) \u00a0 &nbsp; A Campanha da Fraternidade 2023 cujo tema \u00e9 a fome lembra-nos o dever para fazer m\u00faltiplos gestos de caridade em favor das pessoas que sofrem com este flagelo no Brasil e no mundo. A caridade \u00e9 uma palavra latina: caritas-atis, cujo significado \u00e9 o amor que &hellip;<\/p>\n<p class=\"read-more\"> <a class=\"\" href=\"https:\/\/www.cnbb.org.br\/a-campanha-da-fraternidade-2023-e-a-caridade\/\"> <span class=\"screen-reader-text\">A Campanha da Fraternidade 2023 e a Caridade<\/span> Leia mais &raquo;<\/a><\/p>\n","protected":false},"author":16,"featured_media":0,"comment_status":"open","ping_status":"open","sticky":false,"template":"","format":"standard","meta":{"site-sidebar-layout":"default","site-content-layout":"default","ast-global-header-display":"","ast-banner-title-visibility":"","ast-main-header-display":"","ast-hfb-above-header-display":"","ast-hfb-below-header-display":"","ast-hfb-mobile-header-display":"","site-post-title":"","ast-breadcrumbs-content":"","ast-featured-img":"","footer-sml-layout":"","theme-transparent-header-meta":"default","adv-header-id-meta":"","stick-header-meta":"","header-above-stick-meta":"","header-main-stick-meta":"","header-below-stick-meta":""},"categories":[758,1837],"tags":[],"acf":[],"_links":{"self":[{"href":"https:\/\/www.cnbb.org.br\/cnbb-app\/wp\/v2\/posts\/940068"}],"collection":[{"href":"https:\/\/www.cnbb.org.br\/cnbb-app\/wp\/v2\/posts"}],"about":[{"href":"https:\/\/www.cnbb.org.br\/cnbb-app\/wp\/v2\/types\/post"}],"author":[{"embeddable":true,"href":"https:\/\/www.cnbb.org.br\/cnbb-app\/wp\/v2\/users\/16"}],"replies":[{"embeddable":true,"href":"https:\/\/www.cnbb.org.br\/cnbb-app\/wp\/v2\/comments?post=940068"}],"version-history":[{"count":1,"href":"https:\/\/www.cnbb.org.br\/cnbb-app\/wp\/v2\/posts\/940068\/revisions"}],"predecessor-version":[{"id":940070,"href":"https:\/\/www.cnbb.org.br\/cnbb-app\/wp\/v2\/posts\/940068\/revisions\/940070"}],"wp:attachment":[{"href":"https:\/\/www.cnbb.org.br\/cnbb-app\/wp\/v2\/media?parent=940068"}],"wp:term":[{"taxonomy":"category","embeddable":true,"href":"https:\/\/www.cnbb.org.br\/cnbb-app\/wp\/v2\/categories?post=940068"},{"taxonomy":"post_tag","embeddable":true,"href":"https:\/\/www.cnbb.org.br\/cnbb-app\/wp\/v2\/tags?post=940068"}],"curies":[{"name":"wp","href":"https:\/\/api.w.org\/{rel}","templated":true}]}}