{"id":940136,"date":"2023-03-10T15:32:44","date_gmt":"2023-03-10T18:32:44","guid":{"rendered":"https:\/\/www.cnbb.org.br\/?p=940136"},"modified":"2023-03-10T15:57:30","modified_gmt":"2023-03-10T18:57:30","slug":"servico-de-animacao-vocacional-pastoral-vocacional-realiza-encontro-com-coordenadores-regionais-em-brasilia-df","status":"publish","type":"post","link":"https:\/\/www.cnbb.org.br\/servico-de-animacao-vocacional-pastoral-vocacional-realiza-encontro-com-coordenadores-regionais-em-brasilia-df\/","title":{"rendered":"Servi\u00e7o de Anima\u00e7\u00e3o Vocacional\/Pastoral Vocacional realiza encontro com coordenadores regionais em Bras\u00edlia (DF)"},"content":{"rendered":"<p style=\"text-align: justify;\"><span data-contrast=\"auto\">O encontro dos coordenadores regionais do Servi\u00e7o de Anima\u00e7\u00e3o Vocacional-Pastoral Vocacional (SAV-PV) aconteceu de 6 a 8 de mar\u00e7o, no Centro Cultural de Bras\u00edlia (CCB), em Bras\u00edlia (DF). O encontro teve in\u00edcio com uma celebra\u00e7\u00e3o eucar\u00edstica presidida por dom Jos\u00e9 Albuquerque, bispo referencial do SAV-PV e na sequ\u00eancia houveram as apresenta\u00e7\u00e3o de alguns regionais, da caminhada do Instituto da Pastoral Voccional (IPV) e do SAV-PV da Confer\u00eancia dos Religiosos do Brasil (CRB).\u00a0<\/span><\/p>\n<p style=\"text-align: justify;\"><span data-contrast=\"auto\">No segundo dia, na ter\u00e7a-feira, 7, ap\u00f3s o momento aconteceu um momento vivencial &#8220;cuidando de quem acompanha&#8221; conduzida pelas irm\u00e3s Cailla Belfort, do SAV da CRB Nacional e a irm\u00e3 Maristela Ganassini, do SAV da CRB Nacional.\u00a0<\/span><\/p>\n<p style=\"text-align: justify;\"><span data-contrast=\"auto\"><img decoding=\"async\" loading=\"lazy\" class=\"size-medium wp-image-940151 alignleft\" src=\"https:\/\/www.cnbb.org.br\/wp-content\/uploads\/2023\/03\/WhatsApp-Image-2023-03-10-at-15.29.17-225x300.jpeg\" alt=\"\" width=\"225\" height=\"300\" srcset=\"https:\/\/www.cnbb.org.br\/wp-content\/uploads\/2023\/03\/WhatsApp-Image-2023-03-10-at-15.29.17-225x300.jpeg 225w, https:\/\/www.cnbb.org.br\/wp-content\/uploads\/2023\/03\/WhatsApp-Image-2023-03-10-at-15.29.17-500x667.jpeg 500w, https:\/\/www.cnbb.org.br\/wp-content\/uploads\/2023\/03\/WhatsApp-Image-2023-03-10-at-15.29.17.jpeg 768w\" sizes=\"(max-width: 225px) 100vw, 225px\" \/>J\u00e1 no per\u00edodo da tarde, o padre Marlom Malacoski, coordenador nacional do SAV-PV, conduziu a apresenta\u00e7\u00e3o da realidade dos regionais; que puderam partilhar as suas experi\u00eancias de trabalhos dos regionais e da Confer\u00eancia Nacional dos Institutos Seculares do Brasil (CNISB).<\/span><\/p>\n<p style=\"text-align: justify;\"><span data-contrast=\"auto\">Ao final da tarde, foi celebrada missa por dom Jo\u00e3o Francisco Salm, bispo de Novo Hamburgo (RS) e presidente da Comiss\u00e3o para os Minist\u00e9rios Ordenados e a Vida Consagrada da CNBB. Em sua homilia, alertou sobre a necessidade de se ter uma rela\u00e7\u00e3o aberta e profunda com Deus, para sair dos comodismos e colocar-se na presen\u00e7a do outro; que necessita de apoio e incentivo para que vivam a sua voca\u00e7\u00e3o crist\u00e3.<\/span><\/p>\n<p style=\"text-align: justify;\"><span data-ccp-props=\"{&quot;201341983&quot;:0,&quot;335551550&quot;:6,&quot;335551620&quot;:6,&quot;335559731&quot;:851,&quot;335559739&quot;:0,&quot;335559740&quot;:360}\"> <img decoding=\"async\" loading=\"lazy\" class=\"size-medium wp-image-940152 alignright\" src=\"https:\/\/www.cnbb.org.br\/wp-content\/uploads\/2023\/03\/WhatsApp-Image-2023-03-10-at-15.31.17-225x300.jpeg\" alt=\"\" width=\"225\" height=\"300\" srcset=\"https:\/\/www.cnbb.org.br\/wp-content\/uploads\/2023\/03\/WhatsApp-Image-2023-03-10-at-15.31.17-225x300.jpeg 225w, https:\/\/www.cnbb.org.br\/wp-content\/uploads\/2023\/03\/WhatsApp-Image-2023-03-10-at-15.31.17-500x667.jpeg 500w, https:\/\/www.cnbb.org.br\/wp-content\/uploads\/2023\/03\/WhatsApp-Image-2023-03-10-at-15.31.17.jpeg 768w\" sizes=\"(max-width: 225px) 100vw, 225px\" \/><\/span><\/p>\n<p style=\"text-align: justify;\">O terceiro dia do encontro, foi iniciado com uma missa, <span data-contrast=\"auto\">presidida por dom Joel Portella Amado, bispo auxiliar do Rio de Janeiro (RJ) e secret\u00e1rio-geral da Confer\u00eancia Nacional dos Bispos do Brasil (CNBB). No momento da a\u00e7\u00e3o de gra\u00e7as foi apresentado a nomea\u00e7\u00e3o do monsenhor Juarez Albino Destro, como bispo auxiliar de Porto Alegre (RS), pelo papa Francisco.<\/span><\/p>\n<p style=\"text-align: justify;\"><span data-contrast=\"auto\">Ap\u00f3s a ben\u00e7\u00e3o final, os coordenadores se dividiram em grupos para realizar momentos de reflex\u00e3o, questionamentos, e momentos de reflex\u00e3o a partir do texto das Diretrizes do SAV-PV que foram socializadas no grande grupo. Ao t\u00e9rmino das atividades a equipe de coordena\u00e7\u00e3o agradeceu a presen\u00e7a e participa\u00e7\u00e3o de todos os coordenadores regionais do SAV-PV Nacional e seus parceiro de caminhada. <\/span><span data-ccp-props=\"{&quot;201341983&quot;:0,&quot;335551550&quot;:6,&quot;335551620&quot;:6,&quot;335559731&quot;:851,&quot;335559739&quot;:0,&quot;335559740&quot;:360}\">\u00a0<\/span><\/p>\n<p>&nbsp;<\/p>\n<pre>Por padre Armando Nochetti<\/pre>\n","protected":false},"excerpt":{"rendered":"<p>O encontro dos coordenadores regionais do Servi\u00e7o de Anima\u00e7\u00e3o Vocacional-Pastoral Vocacional (SAV-PV) aconteceu de 6 a 8 de mar\u00e7o, no Centro Cultural de Bras\u00edlia (CCB), em Bras\u00edlia (DF). O encontro teve in\u00edcio com uma celebra\u00e7\u00e3o eucar\u00edstica presidida por dom Jos\u00e9 Albuquerque, bispo referencial do SAV-PV e na sequ\u00eancia houveram as apresenta\u00e7\u00e3o de alguns regionais, da &hellip;<\/p>\n<p class=\"read-more\"> <a class=\"\" href=\"https:\/\/www.cnbb.org.br\/servico-de-animacao-vocacional-pastoral-vocacional-realiza-encontro-com-coordenadores-regionais-em-brasilia-df\/\"> <span class=\"screen-reader-text\">Servi\u00e7o de Anima\u00e7\u00e3o Vocacional\/Pastoral Vocacional realiza encontro com coordenadores regionais em Bras\u00edlia (DF)<\/span> Leia mais &raquo;<\/a><\/p>\n","protected":false},"author":141,"featured_media":940150,"comment_status":"open","ping_status":"open","sticky":false,"template":"","format":"standard","meta":{"site-sidebar-layout":"default","site-content-layout":"default","ast-global-header-display":"","ast-banner-title-visibility":"","ast-main-header-display":"","ast-hfb-above-header-display":"","ast-hfb-below-header-display":"","ast-hfb-mobile-header-display":"","site-post-title":"","ast-breadcrumbs-content":"","ast-featured-img":"","footer-sml-layout":"","theme-transparent-header-meta":"default","adv-header-id-meta":"","stick-header-meta":"","header-above-stick-meta":"","header-main-stick-meta":"","header-below-stick-meta":""},"categories":[838],"tags":[4830,2096,2810],"acf":[],"_links":{"self":[{"href":"https:\/\/www.cnbb.org.br\/cnbb-app\/wp\/v2\/posts\/940136"}],"collection":[{"href":"https:\/\/www.cnbb.org.br\/cnbb-app\/wp\/v2\/posts"}],"about":[{"href":"https:\/\/www.cnbb.org.br\/cnbb-app\/wp\/v2\/types\/post"}],"author":[{"embeddable":true,"href":"https:\/\/www.cnbb.org.br\/cnbb-app\/wp\/v2\/users\/141"}],"replies":[{"embeddable":true,"href":"https:\/\/www.cnbb.org.br\/cnbb-app\/wp\/v2\/comments?post=940136"}],"version-history":[{"count":23,"href":"https:\/\/www.cnbb.org.br\/cnbb-app\/wp\/v2\/posts\/940136\/revisions"}],"predecessor-version":[{"id":940165,"href":"https:\/\/www.cnbb.org.br\/cnbb-app\/wp\/v2\/posts\/940136\/revisions\/940165"}],"wp:featuredmedia":[{"embeddable":true,"href":"https:\/\/www.cnbb.org.br\/cnbb-app\/wp\/v2\/media\/940150"}],"wp:attachment":[{"href":"https:\/\/www.cnbb.org.br\/cnbb-app\/wp\/v2\/media?parent=940136"}],"wp:term":[{"taxonomy":"category","embeddable":true,"href":"https:\/\/www.cnbb.org.br\/cnbb-app\/wp\/v2\/categories?post=940136"},{"taxonomy":"post_tag","embeddable":true,"href":"https:\/\/www.cnbb.org.br\/cnbb-app\/wp\/v2\/tags?post=940136"}],"curies":[{"name":"wp","href":"https:\/\/api.w.org\/{rel}","templated":true}]}}