{"id":940333,"date":"2023-03-14T16:50:23","date_gmt":"2023-03-14T19:50:23","guid":{"rendered":"https:\/\/www.cnbb.org.br\/?p=940333"},"modified":"2023-03-14T17:02:31","modified_gmt":"2023-03-14T20:02:31","slug":"comissao-reune-coordenadores-da-animacao-biblico-catequetica-dos-regionais-da-cnbb-em-brasilia-df","status":"publish","type":"post","link":"https:\/\/www.cnbb.org.br\/comissao-reune-coordenadores-da-animacao-biblico-catequetica-dos-regionais-da-cnbb-em-brasilia-df\/","title":{"rendered":"Comiss\u00e3o re\u00fane coordenadores da anima\u00e7\u00e3o b\u00edblico-catequ\u00e9tica dos regionais da CNBB em Bras\u00edlia (DF)"},"content":{"rendered":"<p style=\"text-align: justify;\">A Comiss\u00e3o para a Anima\u00e7\u00e3o B\u00edblico-Catequ\u00e9tica da Confer\u00eancia Nacional dos Bispos do Brasil (CNBB) promove de 13 a 16 de mar\u00e7o, em Bras\u00edlia (DF), o encontro anual com os coordenadores da anima\u00e7\u00e3o b\u00edblico-catequ\u00e9tica dos regionais da CNBB. A iniciativa re\u00fane tamb\u00e9m os bispos referenciais e os assessores da Comiss\u00e3o e conta com o aprofundamento de temas espec\u00edficos, al\u00e9m de reflex\u00f5es e partilhas dos regionais.<\/p>\n<div id='gallery-1' class='gallery galleryid-940333 gallery-columns-4 gallery-size-thumbnail'><figure class='gallery-item'>\n\t\t\t<div class='gallery-icon landscape'>\n\t\t\t\t<a href='https:\/\/www.cnbb.org.br\/wp-content\/uploads\/2023\/03\/IMG_1626-scaled.jpg' title=\"\" data-rl_title=\"\" class=\"rl-gallery-link\" data-rl_caption=\"\" data-rel=\"lightbox-gallery-1\"><img width=\"150\" height=\"150\" src=\"https:\/\/www.cnbb.org.br\/wp-content\/uploads\/2023\/03\/IMG_1626-150x150.jpg\" class=\"attachment-thumbnail size-thumbnail\" alt=\"\" decoding=\"async\" loading=\"lazy\" srcset=\"https:\/\/www.cnbb.org.br\/wp-content\/uploads\/2023\/03\/IMG_1626-150x150.jpg 150w, https:\/\/www.cnbb.org.br\/wp-content\/uploads\/2023\/03\/IMG_1626-800x800.jpg 800w\" sizes=\"(max-width: 150px) 100vw, 150px\" \/><\/a>\n\t\t\t<\/div><\/figure><figure class='gallery-item'>\n\t\t\t<div class='gallery-icon landscape'>\n\t\t\t\t<a href='https:\/\/www.cnbb.org.br\/wp-content\/uploads\/2023\/03\/IMG_1616-scaled.jpg' title=\"\" data-rl_title=\"\" class=\"rl-gallery-link\" data-rl_caption=\"\" data-rel=\"lightbox-gallery-1\"><img width=\"150\" height=\"150\" src=\"https:\/\/www.cnbb.org.br\/wp-content\/uploads\/2023\/03\/IMG_1616-150x150.jpg\" class=\"attachment-thumbnail size-thumbnail\" alt=\"\" decoding=\"async\" loading=\"lazy\" srcset=\"https:\/\/www.cnbb.org.br\/wp-content\/uploads\/2023\/03\/IMG_1616-150x150.jpg 150w, https:\/\/www.cnbb.org.br\/wp-content\/uploads\/2023\/03\/IMG_1616-800x800.jpg 800w\" sizes=\"(max-width: 150px) 100vw, 150px\" \/><\/a>\n\t\t\t<\/div><\/figure><figure class='gallery-item'>\n\t\t\t<div class='gallery-icon landscape'>\n\t\t\t\t<a href='https:\/\/www.cnbb.org.br\/wp-content\/uploads\/2023\/03\/IMG_1625-scaled.jpg' title=\"\" data-rl_title=\"\" class=\"rl-gallery-link\" data-rl_caption=\"\" data-rel=\"lightbox-gallery-1\"><img width=\"150\" height=\"150\" src=\"https:\/\/www.cnbb.org.br\/wp-content\/uploads\/2023\/03\/IMG_1625-150x150.jpg\" class=\"attachment-thumbnail size-thumbnail\" alt=\"\" decoding=\"async\" loading=\"lazy\" srcset=\"https:\/\/www.cnbb.org.br\/wp-content\/uploads\/2023\/03\/IMG_1625-150x150.jpg 150w, https:\/\/www.cnbb.org.br\/wp-content\/uploads\/2023\/03\/IMG_1625-800x800.jpg 800w\" sizes=\"(max-width: 150px) 100vw, 150px\" \/><\/a>\n\t\t\t<\/div><\/figure><figure class='gallery-item'>\n\t\t\t<div class='gallery-icon landscape'>\n\t\t\t\t<a href='https:\/\/www.cnbb.org.br\/wp-content\/uploads\/2023\/03\/IMG_1617-scaled.jpg' title=\"\" data-rl_title=\"\" class=\"rl-gallery-link\" data-rl_caption=\"\" data-rel=\"lightbox-gallery-1\"><img width=\"150\" height=\"150\" src=\"https:\/\/www.cnbb.org.br\/wp-content\/uploads\/2023\/03\/IMG_1617-150x150.jpg\" class=\"attachment-thumbnail size-thumbnail\" alt=\"\" decoding=\"async\" loading=\"lazy\" srcset=\"https:\/\/www.cnbb.org.br\/wp-content\/uploads\/2023\/03\/IMG_1617-150x150.jpg 150w, https:\/\/www.cnbb.org.br\/wp-content\/uploads\/2023\/03\/IMG_1617-800x800.jpg 800w\" sizes=\"(max-width: 150px) 100vw, 150px\" \/><\/a>\n\t\t\t<\/div><\/figure>\n\t\t<\/div>\n\n<p style=\"text-align: justify;\">Segundo o padre J\u00e2nison de S\u00e1,\u00a0 um dos assessores da Comiss\u00e3o para a Anima\u00e7\u00e3o B\u00edblico-Catequ\u00e9tica da CNBB,\u00a0 o encontro \u00e9 importante por manter a colabora\u00e7\u00e3o e o di\u00e1logo com os coordenadores regionais. &#8220;S\u00e3o eles que operacionalizam todas as propostas nas dioceses, ent\u00e3o \u00e9 um trabalho bonito de comunh\u00e3o, de igreja sinodal&#8221;, aponta o padre J\u00e2nison.<\/p>\n<blockquote>\n<p style=\"text-align: justify;\">&#8220;Caminhamos juntos, decidimos juntos e fazemos com que a catequese e toda a anima\u00e7\u00e3o b\u00edblica possa crescer em nossas comunidades&#8221;.<\/p>\n<\/blockquote>\n<p style=\"text-align: justify;\">No encontro s\u00e3o aprofundadas tem\u00e1ticas, com convidados espec\u00edficos, que abordam sobre os caminhos da a\u00e7\u00e3o evangelizadora nos tempos atuais; a evangeliza\u00e7\u00e3o de batizados em tempos l\u00edquidos; b\u00edblia e ecologia e o percurso e os desafios da inicia\u00e7\u00e3o \u00e0 vida crist\u00e3.<\/p>\n<p style=\"text-align: justify;\">Tamb\u00e9m a hist\u00f3ria e a import\u00e2ncia do documento &#8220;Catequese Renovada&#8221;, que este ano completa 40 anos de sua publica\u00e7\u00e3o, ser\u00e3o aprofundadas no encontro. Os coordenadores ter\u00e3o um momento para compartilhar sua incid\u00eancia nos regionais.<\/p>\n<h3><strong>Participa\u00e7\u00e3o<\/strong><\/h3>\n<p style=\"text-align: justify;\">A Ilza Vidal, representante do regional Noroeste da CNBB, destacou a troca de experi\u00eancias entre os coordenadores como a chave principal do encontro. &#8220;Vivemos em um pa\u00eds gigante onde temos realidades diferentes. A minha realidade, que \u00e9 onde os nossos catequistas atuam, \u00e9 muito diferente dos grandes centros urbanos, ent\u00e3o a troca de experi\u00eancias aqui \u00e9 muito enriquecedora&#8221;.<\/p>\n<figure id=\"attachment_940394\" aria-describedby=\"caption-attachment-940394\" style=\"width: 300px\" class=\"wp-caption alignleft\"><img decoding=\"async\" loading=\"lazy\" class=\"wp-image-940394 size-medium\" src=\"https:\/\/www.cnbb.org.br\/wp-content\/uploads\/2023\/03\/IMG_1602-300x200.jpg\" alt=\"\" width=\"300\" height=\"200\" srcset=\"https:\/\/www.cnbb.org.br\/wp-content\/uploads\/2023\/03\/IMG_1602-300x200.jpg 300w, https:\/\/www.cnbb.org.br\/wp-content\/uploads\/2023\/03\/IMG_1602-1024x683.jpg 1024w, https:\/\/www.cnbb.org.br\/wp-content\/uploads\/2023\/03\/IMG_1602-768x512.jpg 768w, https:\/\/www.cnbb.org.br\/wp-content\/uploads\/2023\/03\/IMG_1602-1536x1024.jpg 1536w, https:\/\/www.cnbb.org.br\/wp-content\/uploads\/2023\/03\/IMG_1602-2048x1365.jpg 2048w, https:\/\/www.cnbb.org.br\/wp-content\/uploads\/2023\/03\/IMG_1602-500x333.jpg 500w\" sizes=\"(max-width: 300px) 100vw, 300px\" \/><figcaption id=\"caption-attachment-940394\" class=\"wp-caption-text\">Ilza Vidal, do regional Noroeste da CNBB<\/figcaption><\/figure>\n<p style=\"text-align: justify;\">Sobre o trabalho desenvolvido pelos coordenadores regionais, ela salientou a articula\u00e7\u00e3o como sendo um fator determinante. &#8220;O nosso trabalho \u00e9 importante porque \u00e9 um trabalho de articula\u00e7\u00e3o; porque cada diocese \u00e9 uma igreja particular, ela tem as suas orienta\u00e7\u00f5es e diretrizes e n\u00f3s fazemos essa liga\u00e7\u00e3o&#8221;, disse.<\/p>\n<blockquote>\n<p style=\"text-align: justify;\">&#8220;Somos esse elo de liga\u00e7\u00e3o da equipe nacional com as bases; e a\u00ed vamos articulando, buscando levar conhecimento, essa intera\u00e7\u00e3o com os bispos, para que o mesmo ardor chegue l\u00e1 tamb\u00e9m&#8221;.<\/p>\n<\/blockquote>\n<p style=\"text-align: justify;\">D\u00e9bora Regina Pupo, representante do regionais sul 2, destacou que o encontro tamb\u00e9m \u00e9 um momento de <span style=\"font-size: 16px; text-align: justify;\">refletir sobre a import\u00e2ncia do documento Catequese Renovada para a catequese; seus desafios e a rela\u00e7\u00e3o que tem com a inicia\u00e7\u00e3o \u00e0 vida crist\u00e3. &#8220;Parece que a gente esqueceu a catequese renovada e s\u00f3 fala de inicia\u00e7\u00e3o \u00e0 vida crist\u00e3, mas estamos, na verdade, no mesmo percurso de renova\u00e7\u00e3o, de compreens\u00e3o da catequese e tamb\u00e9m da nossa miss\u00e3o&#8221;, disse.<\/span><\/p>\n<figure id=\"attachment_940393\" aria-describedby=\"caption-attachment-940393\" style=\"width: 300px\" class=\"wp-caption alignright\"><img decoding=\"async\" loading=\"lazy\" class=\"wp-image-940393 size-medium\" src=\"https:\/\/www.cnbb.org.br\/wp-content\/uploads\/2023\/03\/IMG_1604-300x200.jpg\" alt=\"\" width=\"300\" height=\"200\" srcset=\"https:\/\/www.cnbb.org.br\/wp-content\/uploads\/2023\/03\/IMG_1604-300x200.jpg 300w, https:\/\/www.cnbb.org.br\/wp-content\/uploads\/2023\/03\/IMG_1604-1024x683.jpg 1024w, https:\/\/www.cnbb.org.br\/wp-content\/uploads\/2023\/03\/IMG_1604-768x512.jpg 768w, https:\/\/www.cnbb.org.br\/wp-content\/uploads\/2023\/03\/IMG_1604-1536x1024.jpg 1536w, https:\/\/www.cnbb.org.br\/wp-content\/uploads\/2023\/03\/IMG_1604-2048x1365.jpg 2048w, https:\/\/www.cnbb.org.br\/wp-content\/uploads\/2023\/03\/IMG_1604-500x333.jpg 500w\" sizes=\"(max-width: 300px) 100vw, 300px\" \/><figcaption id=\"caption-attachment-940393\" class=\"wp-caption-text\">D\u00e9bora Pupo, do regional Sul 2<\/figcaption><\/figure>\n<blockquote><p>&#8220;Um dos pontos bastante destacado no documento Catequese Renovada e tamb\u00e9m no Diret\u00f3rio Nacional de Catequese \u00e9 a necessidade de organiza\u00e7\u00e3o de uma equipe de coordena\u00e7\u00e3o; ent\u00e3o termos nos regionais as inst\u00e2ncias organizadas de coordena\u00e7\u00e3o e que respondem a uma comiss\u00e3o nacional nos garante um processo mais org\u00e2nico, mais organizado, porque a catequese n\u00e3o \u00e9 uma iniciativa feita de uma hora para outra&#8217;, diz.<\/p><\/blockquote>\n<p style=\"text-align: justify;\">Para ela, o encontro traz a oportunidade de se sentir como &#8220;igreja&#8221;. &#8220;Aqui temos cada regional com a sua especificidade, com o seu diferencial, mas unido no mesmo caminho que \u00e9 pensar a catequese como esse caminho para o discipulado mission\u00e1rio&#8221;, disse. Por fim, ela destacou a import\u00e2ncia das coordena\u00e7\u00f5es regionais estarem presentes na dimens\u00e3o do acompanhamento e da organiza\u00e7\u00e3o dos trabalhos para se pensar em processos formativos e catequ\u00e9ticos, tendo em vista uma caminhada de unidade.<\/p>\n<p>&nbsp;<\/p>\n","protected":false},"excerpt":{"rendered":"<p>A Comiss\u00e3o para a Anima\u00e7\u00e3o B\u00edblico-Catequ\u00e9tica da CNBB promove de 13 a 16 de mar\u00e7o, em Bras\u00edlia (DF), o encontro anual com os coordenadores da anima\u00e7\u00e3o b\u00edblico-catequ\u00e9tica dos regionais da CNBB. A iniciativa re\u00fane tamb\u00e9m os bispos referenciais e os assessores e conta com o aprofundamento de temas espec\u00edficos, al\u00e9m de reflex\u00f5es e partilhas dos regionais<\/p>\n","protected":false},"author":141,"featured_media":940407,"comment_status":"open","ping_status":"open","sticky":false,"template":"","format":"standard","meta":{"site-sidebar-layout":"default","site-content-layout":"default","ast-global-header-display":"","ast-banner-title-visibility":"","ast-main-header-display":"","ast-hfb-above-header-display":"","ast-hfb-below-header-display":"","ast-hfb-mobile-header-display":"","site-post-title":"","ast-breadcrumbs-content":"","ast-featured-img":"","footer-sml-layout":"","theme-transparent-header-meta":"default","adv-header-id-meta":"","stick-header-meta":"","header-above-stick-meta":"","header-main-stick-meta":"","header-below-stick-meta":""},"categories":[800,50],"tags":[1881],"acf":[],"_links":{"self":[{"href":"https:\/\/www.cnbb.org.br\/cnbb-app\/wp\/v2\/posts\/940333"}],"collection":[{"href":"https:\/\/www.cnbb.org.br\/cnbb-app\/wp\/v2\/posts"}],"about":[{"href":"https:\/\/www.cnbb.org.br\/cnbb-app\/wp\/v2\/types\/post"}],"author":[{"embeddable":true,"href":"https:\/\/www.cnbb.org.br\/cnbb-app\/wp\/v2\/users\/141"}],"replies":[{"embeddable":true,"href":"https:\/\/www.cnbb.org.br\/cnbb-app\/wp\/v2\/comments?post=940333"}],"version-history":[{"count":33,"href":"https:\/\/www.cnbb.org.br\/cnbb-app\/wp\/v2\/posts\/940333\/revisions"}],"predecessor-version":[{"id":940414,"href":"https:\/\/www.cnbb.org.br\/cnbb-app\/wp\/v2\/posts\/940333\/revisions\/940414"}],"wp:featuredmedia":[{"embeddable":true,"href":"https:\/\/www.cnbb.org.br\/cnbb-app\/wp\/v2\/media\/940407"}],"wp:attachment":[{"href":"https:\/\/www.cnbb.org.br\/cnbb-app\/wp\/v2\/media?parent=940333"}],"wp:term":[{"taxonomy":"category","embeddable":true,"href":"https:\/\/www.cnbb.org.br\/cnbb-app\/wp\/v2\/categories?post=940333"},{"taxonomy":"post_tag","embeddable":true,"href":"https:\/\/www.cnbb.org.br\/cnbb-app\/wp\/v2\/tags?post=940333"}],"curies":[{"name":"wp","href":"https:\/\/api.w.org\/{rel}","templated":true}]}}