{"id":940369,"date":"2023-03-14T15:10:36","date_gmt":"2023-03-14T18:10:36","guid":{"rendered":"https:\/\/www.cnbb.org.br\/?p=940369"},"modified":"2023-03-14T16:35:53","modified_gmt":"2023-03-14T19:35:53","slug":"signis-brasil-promove-encontro-com-radios-catolicas-do-brasil","status":"publish","type":"post","link":"https:\/\/www.cnbb.org.br\/signis-brasil-promove-encontro-com-radios-catolicas-do-brasil\/","title":{"rendered":"Signis Brasil e Comiss\u00e3o Episcopal para a Comunica\u00e7\u00e3o promovem encontro com r\u00e1dios cat\u00f3licas do Brasil"},"content":{"rendered":"<p style=\"text-align: justify;\"><span data-contrast=\"auto\">A Signis Brasil e a Comiss\u00e3o Episcopal para a Comunica\u00e7\u00e3o da Confer\u00eancia Nacional dos Bispos do Brasil (CNBB) realizaram, na manh\u00e3 de hoje, 14 de mar\u00e7o, o Encontro das R\u00e1dios Cat\u00f3licas com a CNBB. O evento reuniu, de forma virtual, cerca de 80 participantes e contou com exposi\u00e7\u00f5es do bispo auxiliar de Belo Horizonte (MG) e presidente da Comiss\u00e3o para a Comunica\u00e7\u00e3o da CNBB, dom Joaquim Giovani Mol Guimar\u00e3es, e do secret\u00e1rio de Comunica\u00e7\u00e3o Eletr\u00f4nica do Minist\u00e9rio das Comunica\u00e7\u00f5es, Wilson Diniz Wellisch.<\/span><span data-ccp-props=\"{&quot;201341983&quot;:0,&quot;335559739&quot;:160,&quot;335559740&quot;:259}\">\u00a0<\/span><\/p>\n<p style=\"text-align: justify;\"><span data-contrast=\"auto\">A proposta foi de favorecer entre as r\u00e1dios cat\u00f3licas do Brasil \u201cuma oportunidade especial de caminharmos juntos, em comunh\u00e3o com o processo sinodal da Igreja e, ao mesmo tempo, esclarecer d\u00favidas e ficar por dentro das novidades regulat\u00f3rias do nosso setor\u201d, segundo a Signis.<\/span><span data-ccp-props=\"{&quot;134233117&quot;:false,&quot;134233118&quot;:false,&quot;201341983&quot;:0,&quot;335551550&quot;:1,&quot;335551620&quot;:1,&quot;335559685&quot;:0,&quot;335559737&quot;:0,&quot;335559738&quot;:0,&quot;335559739&quot;:160,&quot;335559740&quot;:259}\">\u00a0<\/span><\/p>\n<p style=\"text-align: justify;\"><span data-contrast=\"auto\">O coordenador do Setor Signis R\u00e1dio, Felipe Zangari, ressaltou a\u00a0realiza\u00e7\u00e3o iniciativa conjunta da Signis Brasil com a Comiss\u00e3o Episcopal para a Comunica\u00e7\u00e3o da CNBB e a meta de &#8220;congregar todas as iniciativas de comunica\u00e7\u00e3o cat\u00f3licas do Brasil em todos os seus setores\u201d. Sobre o r\u00e1dio como meio de comunica\u00e7\u00e3o, Zangari destacou a maior capilaridade, \u201ccom a capacidade de atingir as comunidades locais\u201d do Brasil.\u00a0<\/span><span data-ccp-props=\"{&quot;201341983&quot;:0,&quot;335559739&quot;:160,&quot;335559740&quot;:259}\">\u00a0<\/span><\/p>\n<h3 style=\"text-align: justify;\"><span data-contrast=\"auto\">Novidades na radiodifus\u00e3o brasileira<\/span><span data-ccp-props=\"{&quot;201341983&quot;:0,&quot;335559739&quot;:160,&quot;335559740&quot;:259}\">\u00a0<\/span><\/h3>\n<p style=\"text-align: justify;\"><span data-contrast=\"auto\">Em sua participa\u00e7\u00e3o, o secret\u00e1rio de Comunica\u00e7\u00e3o Eletr\u00f4nica do Minist\u00e9rio das Comunica\u00e7\u00f5es, Wilson Diniz Wellisch, apresentou a estrutura da secretaria da qual est\u00e1 \u00e0 frente e os n\u00fameros dos processos em curso relacionados ao tema da radiofus\u00e3o no pa\u00eds. O n\u00famero ultrapassa os 40 mil processos e exige um esfor\u00e7o do governo brasileiro na implanta\u00e7\u00e3o de ferramentas de automa\u00e7\u00e3o para dar agilidade na resposta a pedidos de outorga, transi\u00e7\u00e3o de AM para FM e regulamenta\u00e7\u00f5es, por exemplo. <\/span><span data-ccp-props=\"{&quot;134233117&quot;:false,&quot;134233118&quot;:false,&quot;201341983&quot;:0,&quot;335551550&quot;:1,&quot;335551620&quot;:1,&quot;335559685&quot;:0,&quot;335559737&quot;:0,&quot;335559738&quot;:0,&quot;335559739&quot;:160,&quot;335559740&quot;:259}\">\u00a0<\/span><\/p>\n<p style=\"text-align: justify;\"><span data-contrast=\"auto\">Wilson Wellisch apresentou o planejamento da secretaria para o setor, o qual est\u00e1 organizado em tr\u00eas fases: uma para os primeiros 100 dias deste ano, outra at\u00e9 o final deste ano, e a \u00faltima ap\u00f3s 2023. Esta\u00a0com previs\u00e3o de um novo marco legal para o setor. Nas primeiras fases, destacam a\u00e7\u00f5es de regulamenta\u00e7\u00e3o, por exemplo. <\/span><span data-ccp-props=\"{&quot;201341983&quot;:0,&quot;335559739&quot;:160,&quot;335559740&quot;:259}\">\u00a0<\/span><\/p>\n<p><img decoding=\"async\" loading=\"lazy\" class=\" wp-image-940381 alignleft\" src=\"https:\/\/www.cnbb.org.br\/wp-content\/uploads\/2023\/03\/Wilson-Wellisch.jpg\" alt=\"\" width=\"276\" height=\"162\" srcset=\"https:\/\/www.cnbb.org.br\/wp-content\/uploads\/2023\/03\/Wilson-Wellisch.jpg 970w, https:\/\/www.cnbb.org.br\/wp-content\/uploads\/2023\/03\/Wilson-Wellisch-300x176.jpg 300w, https:\/\/www.cnbb.org.br\/wp-content\/uploads\/2023\/03\/Wilson-Wellisch-768x451.jpg 768w, https:\/\/www.cnbb.org.br\/wp-content\/uploads\/2023\/03\/Wilson-Wellisch-500x293.jpg 500w\" sizes=\"(max-width: 276px) 100vw, 276px\" \/><\/p>\n<p style=\"text-align: justify;\"><span data-contrast=\"auto\">Ap\u00f3s responder a questionamentos dos representantes de r\u00e1dios cat\u00f3licas presentes no encontro, o secret\u00e1rio se comprometeu a receber do presidente da Signis Brasil, Alessandro Gomes, os protocolos para tratar das d\u00favidas levantadas sobre processos. Segundo ele, a organiza\u00e7\u00e3o de pedidos em blocos, por meio de associa\u00e7\u00f5es como a Signis Brasil, facilita no encaminhamento das demandas enquanto n\u00e3o \u00e9 finalizada a implementa\u00e7\u00e3o do fluxo para a plataforma Gov.br.<\/span><span data-ccp-props=\"{&quot;134233117&quot;:false,&quot;134233118&quot;:false,&quot;201341983&quot;:0,&quot;335551550&quot;:1,&quot;335551620&quot;:1,&quot;335559685&quot;:0,&quot;335559737&quot;:0,&quot;335559738&quot;:0,&quot;335559739&quot;:160,&quot;335559740&quot;:259}\">\u00a0<\/span><\/p>\n<h3 style=\"text-align: justify;\"><span data-contrast=\"auto\">A Igreja pelas ondas do r\u00e1dio<\/span><span data-ccp-props=\"{&quot;134233117&quot;:false,&quot;134233118&quot;:false,&quot;201341983&quot;:0,&quot;335551550&quot;:1,&quot;335551620&quot;:1,&quot;335559685&quot;:0,&quot;335559737&quot;:0,&quot;335559738&quot;:0,&quot;335559739&quot;:160,&quot;335559740&quot;:259}\">\u00a0<\/span><\/h3>\n<p style=\"text-align: justify;\"><span data-contrast=\"auto\">Ap\u00f3s a abordagem de quest\u00f5es t\u00e9cnicas, o presidente da Comiss\u00e3o Episcopal para a Comunica\u00e7\u00e3o da CNBB, dom Joaquim Mol, quis oferecer uma reflex\u00e3o sobre aspectos pastorais e evangelizadores. Ele refletiu com os presentes sobre a presen\u00e7a da Igreja nas ondas do r\u00e1dio. <\/span><span data-ccp-props=\"{&quot;134233117&quot;:false,&quot;134233118&quot;:false,&quot;201341983&quot;:0,&quot;335551550&quot;:1,&quot;335551620&quot;:1,&quot;335559685&quot;:0,&quot;335559737&quot;:0,&quot;335559738&quot;:0,&quot;335559739&quot;:160,&quot;335559740&quot;:259}\">\u00a0<\/span><\/p>\n<p><img decoding=\"async\" loading=\"lazy\" class=\"aligncenter size-full wp-image-940380\" src=\"https:\/\/www.cnbb.org.br\/wp-content\/uploads\/2023\/03\/Encontro-Radios-1.jpeg\" alt=\"\" width=\"1600\" height=\"749\" srcset=\"https:\/\/www.cnbb.org.br\/wp-content\/uploads\/2023\/03\/Encontro-Radios-1.jpeg 1600w, https:\/\/www.cnbb.org.br\/wp-content\/uploads\/2023\/03\/Encontro-Radios-1-300x140.jpeg 300w, https:\/\/www.cnbb.org.br\/wp-content\/uploads\/2023\/03\/Encontro-Radios-1-1024x479.jpeg 1024w, https:\/\/www.cnbb.org.br\/wp-content\/uploads\/2023\/03\/Encontro-Radios-1-768x360.jpeg 768w, https:\/\/www.cnbb.org.br\/wp-content\/uploads\/2023\/03\/Encontro-Radios-1-1536x719.jpeg 1536w, https:\/\/www.cnbb.org.br\/wp-content\/uploads\/2023\/03\/Encontro-Radios-1-500x234.jpeg 500w\" sizes=\"(max-width: 1600px) 100vw, 1600px\" \/><\/p>\n<h4 style=\"text-align: justify;\"><span data-contrast=\"auto\">O r\u00e1dio n\u00e3o perde sua import\u00e2ncia<\/span><\/h4>\n<p style=\"text-align: justify;\"><span data-contrast=\"auto\">Come\u00e7ou com uma palavra de motiva\u00e7\u00e3o, para que os profissionais e respons\u00e1veis por esse meio de comunica\u00e7\u00e3o tenham presente a import\u00e2ncia do r\u00e1dio e que n\u00e3o temam. \u201cO r\u00e1dio mant\u00e9m a sua pertin\u00eancia quanto mais r\u00e1dio ele for\u201d, disse, recordando em seguida a pot\u00eancia do r\u00e1dio ao ajudar o ouvinte \u201ca construir a imagem e dar movimento \u00e0 imagem com o som\u201d. <\/span><span data-ccp-props=\"{&quot;134233117&quot;:false,&quot;134233118&quot;:false,&quot;201341983&quot;:0,&quot;335551550&quot;:1,&quot;335551620&quot;:1,&quot;335559685&quot;:0,&quot;335559737&quot;:0,&quot;335559738&quot;:0,&quot;335559739&quot;:160,&quot;335559740&quot;:259}\">\u00a0<\/span><\/p>\n<h4 style=\"text-align: justify;\"><span data-contrast=\"auto\">Para que a Igreja esteja bem no r\u00e1dio<\/span><\/h4>\n<p style=\"text-align: justify;\"><span data-contrast=\"auto\">Convidou a refletir sobre a presen\u00e7a da Igreja no r\u00e1dio, apontando tr\u00eas pontos necess\u00e1rios para que a Igreja esteja bem nesse meio, cumprindo a sua miss\u00e3o. Primeiro, tendo nas m\u00e3os a not\u00edcia, \u201cprezando pela verdade, a sensibilidade e a realidade\u201d. O segundo ponto \u00e9 transmitir a Igreja &#8220;de forma bem alinhada com as orienta\u00e7\u00f5es que emanam do magist\u00e9rio, do Papa, da CNBB e tantas outras orienta\u00e7\u00f5es\u201d. O terceiro \u00e9 fazer a escolha por oferecer Jesus e aprimorar a sua maneira de oferecer a pessoa de Jesus Cristo. <\/span><span data-ccp-props=\"{&quot;134233117&quot;:false,&quot;134233118&quot;:false,&quot;201341983&quot;:0,&quot;335551550&quot;:1,&quot;335551620&quot;:1,&quot;335559685&quot;:0,&quot;335559737&quot;:0,&quot;335559738&quot;:0,&quot;335559739&quot;:160,&quot;335559740&quot;:259}\">\u00a0<\/span><\/p>\n<blockquote>\n<p style=\"text-align: justify;\"><span data-contrast=\"auto\">\u201cEm todos os tempos, contatamos momentos em que a pr\u00f3pria Igreja afastou-se de Jesus, e vivemos um momento em que o Papa Francisco est\u00e1 buscando Jesus novamente para a centralidade da Igreja. Recuperar essa centralidade pode ser expressado em cada r\u00e1dio cat\u00f3lica na oferta da pessoa de Jesus\u201d, disse dom Joaquim Mol. <\/span><span data-ccp-props=\"{&quot;134233117&quot;:false,&quot;134233118&quot;:false,&quot;201341983&quot;:0,&quot;335551550&quot;:1,&quot;335551620&quot;:1,&quot;335559685&quot;:0,&quot;335559737&quot;:0,&quot;335559738&quot;:0,&quot;335559739&quot;:160,&quot;335559740&quot;:259}\">\u00a0<\/span><\/p>\n<\/blockquote>\n<h4 style=\"text-align: justify;\"><span data-contrast=\"auto\">Radialista eclesial<\/span><\/h4>\n<p style=\"text-align: justify;\"><span data-contrast=\"auto\">A reflex\u00e3o de dom Mol foi conclu\u00edda com o perfil do \u201cradialista eclesial\u201d. Essa pessoa que atua numa r\u00e1dio cat\u00f3lica deve ter como caracter\u00edsticas a compet\u00eancia em sua \u00e1rea profissional, ter uma perten\u00e7a a Jesus Cristo, dar testemunho de Jesus e da Igreja, tendo como plano de fundo a espiritualidade.<\/span><span data-ccp-props=\"{&quot;201341983&quot;:0,&quot;335559739&quot;:160,&quot;335559740&quot;:259}\">\u00a0<\/span><\/p>\n<p style=\"text-align: justify;\"><span data-contrast=\"auto\">Dom Joaquim Mol chamou aten\u00e7\u00e3o para a necessidade de se conhecer melhor a Igreja, por meio da Sagrada Escritura, do Magist\u00e9rio da Igreja, da Doutrina Social da Igreja, da Catequese. <\/span><span data-ccp-props=\"{&quot;134233117&quot;:false,&quot;134233118&quot;:false,&quot;201341983&quot;:0,&quot;335551550&quot;:1,&quot;335551620&quot;:1,&quot;335559685&quot;:0,&quot;335559737&quot;:0,&quot;335559738&quot;:0,&quot;335559739&quot;:160,&quot;335559740&quot;:259}\">\u00a0<\/span><\/p>\n","protected":false},"excerpt":{"rendered":"<p>Segundo a Signis Brasil, a proposta foi favorecer entre as r\u00e1dios cat\u00f3licas do Brasil oportunidade de caminhada em conjunto. No encontro, exposi\u00e7\u00f5es do presidente da Comiss\u00e3o para a Comunica\u00e7\u00e3o da CNBB, dom Joaquim Mol, e do secret\u00e1rio de Comunica\u00e7\u00e3o Eletr\u00f4nica do Minist\u00e9rio das Comunica\u00e7\u00f5es<\/p>\n","protected":false},"author":38,"featured_media":940379,"comment_status":"open","ping_status":"open","sticky":false,"template":"","format":"standard","meta":{"site-sidebar-layout":"default","site-content-layout":"default","ast-global-header-display":"","ast-banner-title-visibility":"","ast-main-header-display":"","ast-hfb-above-header-display":"","ast-hfb-below-header-display":"","ast-hfb-mobile-header-display":"","site-post-title":"","ast-breadcrumbs-content":"","ast-featured-img":"","footer-sml-layout":"","theme-transparent-header-meta":"default","adv-header-id-meta":"","stick-header-meta":"","header-above-stick-meta":"","header-main-stick-meta":"","header-below-stick-meta":""},"categories":[878,1841],"tags":[2151,2153,3741],"acf":[],"_links":{"self":[{"href":"https:\/\/www.cnbb.org.br\/cnbb-app\/wp\/v2\/posts\/940369"}],"collection":[{"href":"https:\/\/www.cnbb.org.br\/cnbb-app\/wp\/v2\/posts"}],"about":[{"href":"https:\/\/www.cnbb.org.br\/cnbb-app\/wp\/v2\/types\/post"}],"author":[{"embeddable":true,"href":"https:\/\/www.cnbb.org.br\/cnbb-app\/wp\/v2\/users\/38"}],"replies":[{"embeddable":true,"href":"https:\/\/www.cnbb.org.br\/cnbb-app\/wp\/v2\/comments?post=940369"}],"version-history":[{"count":2,"href":"https:\/\/www.cnbb.org.br\/cnbb-app\/wp\/v2\/posts\/940369\/revisions"}],"predecessor-version":[{"id":940388,"href":"https:\/\/www.cnbb.org.br\/cnbb-app\/wp\/v2\/posts\/940369\/revisions\/940388"}],"wp:featuredmedia":[{"embeddable":true,"href":"https:\/\/www.cnbb.org.br\/cnbb-app\/wp\/v2\/media\/940379"}],"wp:attachment":[{"href":"https:\/\/www.cnbb.org.br\/cnbb-app\/wp\/v2\/media?parent=940369"}],"wp:term":[{"taxonomy":"category","embeddable":true,"href":"https:\/\/www.cnbb.org.br\/cnbb-app\/wp\/v2\/categories?post=940369"},{"taxonomy":"post_tag","embeddable":true,"href":"https:\/\/www.cnbb.org.br\/cnbb-app\/wp\/v2\/tags?post=940369"}],"curies":[{"name":"wp","href":"https:\/\/api.w.org\/{rel}","templated":true}]}}