{"id":940602,"date":"2023-03-17T13:25:58","date_gmt":"2023-03-17T16:25:58","guid":{"rendered":"https:\/\/www.cnbb.org.br\/?p=940602"},"modified":"2023-03-17T13:26:16","modified_gmt":"2023-03-17T16:26:16","slug":"sao-jose-pai-provedor-justo-e-misericordioso","status":"publish","type":"post","link":"https:\/\/www.cnbb.org.br\/sao-jose-pai-provedor-justo-e-misericordioso\/","title":{"rendered":"S\u00e3o Jos\u00e9, Pai provedor, justo e misericordioso\u00a0"},"content":{"rendered":"<p style=\"text-align: right;\"><b><span data-contrast=\"auto\">Dom Roberto Francisco Ferreria Paz<\/span><\/b><span data-ccp-props=\"{&quot;201341983&quot;:0,&quot;335551550&quot;:2,&quot;335551620&quot;:2,&quot;335559739&quot;:0,&quot;335559740&quot;:240}\"><br \/>\n<\/span><b><span data-contrast=\"auto\">Bispo de Campos (RJ)<\/span><\/b><span data-ccp-props=\"{&quot;201341983&quot;:0,&quot;335551550&quot;:2,&quot;335551620&quot;:2,&quot;335559739&quot;:0,&quot;335559740&quot;:240}\">\u00a0<\/span><\/p>\n<p style=\"text-align: right;\"><span data-ccp-props=\"{&quot;201341983&quot;:0,&quot;335551550&quot;:2,&quot;335551620&quot;:2,&quot;335559739&quot;:160,&quot;335559740&quot;:259}\">\u00a0<\/span><\/p>\n<p style=\"text-align: justify;\"><span data-contrast=\"auto\">A solenidade de S\u00e3o Jos\u00e9, que este ano 2023 foi antecipada para 18 de mar\u00e7o (pela preced\u00eancia do domingo da quaresma), nos apresenta um modelo de paternidade e de confian\u00e7a que nos animam na convers\u00e3o quaresmal e renova\u00e7\u00e3o plena da vida crist\u00e3. Sua especial miss\u00e3o, de guardi\u00e3o e protetor da Sagrada Fam\u00edlia e Patriarca Universal da Igreja, revelam um exerc\u00edcio de permanente solicitude e provid\u00eancia amorosa para todos (as) os seus filhos espirituais.\u00a0<\/span><span data-ccp-props=\"{&quot;201341983&quot;:0,&quot;335551550&quot;:6,&quot;335551620&quot;:6,&quot;335559739&quot;:160,&quot;335559740&quot;:259}\">\u00a0<\/span><\/p>\n<p style=\"text-align: justify;\"><span data-contrast=\"auto\">Paternidade vivenciada em face de riscos e desafios, como migrante e refugiado atravessando duas vezes o deserto, e morando no Egito por um per\u00edodo. Num tempo como o atual, de car\u00eancias e necessidades prementes, saber que temos um Pai nutr\u00edcio que cuida e acompanha com desvelo a situa\u00e7\u00e3o prec\u00e1ria de seus preferidos os pobres, nos convida a imit\u00e1-lo e a cooperar com sua benignidade e generosidade proverbiais.\u00a0<\/span><span data-ccp-props=\"{&quot;201341983&quot;:0,&quot;335551550&quot;:6,&quot;335551620&quot;:6,&quot;335559739&quot;:160,&quot;335559740&quot;:259}\">\u00a0<\/span><\/p>\n<p style=\"text-align: justify;\"><span data-contrast=\"auto\">Mas tamb\u00e9m nos estimula a trabalhar com empenho pela justi\u00e7a maior do Reino, fazendo acontecer a solidariedade com os fracos e a defesa dos direitos das fam\u00edlias desamparadas e carentes. Como padroeiro dos oper\u00e1rios e colaboradores da edifica\u00e7\u00e3o de um mundo mais equitativo e sustent\u00e1vel, nos ensina a santificar-nos no trabalho, com o trabalho e pelo trabalho, forjando uma humanidade fraterna que compartilha e com divide os bens da cria\u00e7\u00e3o.\u00a0<\/span><span data-ccp-props=\"{&quot;201341983&quot;:0,&quot;335551550&quot;:6,&quot;335551620&quot;:6,&quot;335559739&quot;:160,&quot;335559740&quot;:259}\">\u00a0<\/span><\/p>\n<p style=\"text-align: justify;\"><span data-contrast=\"auto\">Na sua mansid\u00e3o e humildade transbordantes e luminosas, nos chama a tornar-nos a ser como seu Filho, artes\u00e3os da paz e da n\u00e3o viol\u00eancia, revelando de forma perfeita a miseric\u00f3rdia e a ternura do Pai do C\u00e9u. Sua presen\u00e7a na Igreja nos permite aprender que para viver a sinodalidade e a comunh\u00e3o que o Papa Francisco nos pede, a exercer mais a escuta atenta e silenciosa, para enchermos-nos da Palavra e construir espa\u00e7os de di\u00e1logo e converg\u00eancia na fam\u00edlia, no bairro, na cidade e no mundo inteiro.\u00a0<\/span><span data-ccp-props=\"{&quot;201341983&quot;:0,&quot;335551550&quot;:6,&quot;335551620&quot;:6,&quot;335559739&quot;:160,&quot;335559740&quot;:259}\">\u00a0<\/span><\/p>\n<p style=\"text-align: justify;\"><span data-contrast=\"auto\">Finalmente e n\u00e3o menos importante com seus atributos simb\u00f3licos o l\u00edrio e o nardo, acrescentamos a nossa vida a pureza de cora\u00e7\u00e3o, a simplicidade aut\u00eantica e a alegria de servir a Jesus com Maria sua Esposa e nossa M\u00e3e. Valei-me S\u00e3o Jos\u00e9!<\/span><span data-ccp-props=\"{&quot;201341983&quot;:0,&quot;335551550&quot;:6,&quot;335551620&quot;:6,&quot;335559739&quot;:160,&quot;335559740&quot;:259}\">\u00a0<\/span><\/p>\n<p><span data-ccp-props=\"{&quot;201341983&quot;:0,&quot;335551550&quot;:6,&quot;335551620&quot;:6,&quot;335559739&quot;:160,&quot;335559740&quot;:259}\">\u00a0<\/span><\/p>\n<p><span data-ccp-props=\"{&quot;201341983&quot;:0,&quot;335551550&quot;:2,&quot;335551620&quot;:2,&quot;335559739&quot;:0,&quot;335559740&quot;:240}\">\u00a0<\/span><\/p>\n<p><span data-ccp-props=\"{&quot;201341983&quot;:0,&quot;335551550&quot;:2,&quot;335551620&quot;:2,&quot;335559739&quot;:0,&quot;335559740&quot;:240}\">\u00a0<\/span><\/p>\n<p><span data-ccp-props=\"{&quot;201341983&quot;:0,&quot;335551550&quot;:6,&quot;335551620&quot;:6,&quot;335559739&quot;:160,&quot;335559740&quot;:259}\">\u00a0<\/span><\/p>\n","protected":false},"excerpt":{"rendered":"<p>Dom Roberto Francisco Ferreria Paz Bispo de Campos (RJ)\u00a0 \u00a0 A solenidade de S\u00e3o Jos\u00e9, que este ano 2023 foi antecipada para 18 de mar\u00e7o (pela preced\u00eancia do domingo da quaresma), nos apresenta um modelo de paternidade e de confian\u00e7a que nos animam na convers\u00e3o quaresmal e renova\u00e7\u00e3o plena da vida crist\u00e3. Sua especial miss\u00e3o, &hellip;<\/p>\n<p class=\"read-more\"> <a class=\"\" href=\"https:\/\/www.cnbb.org.br\/sao-jose-pai-provedor-justo-e-misericordioso\/\"> <span class=\"screen-reader-text\">S\u00e3o Jos\u00e9, Pai provedor, justo e misericordioso\u00a0<\/span> Leia mais &raquo;<\/a><\/p>\n","protected":false},"author":23,"featured_media":0,"comment_status":"open","ping_status":"open","sticky":false,"template":"","format":"standard","meta":{"site-sidebar-layout":"default","site-content-layout":"default","ast-global-header-display":"","ast-banner-title-visibility":"","ast-main-header-display":"","ast-hfb-above-header-display":"","ast-hfb-below-header-display":"","ast-hfb-mobile-header-display":"","site-post-title":"","ast-breadcrumbs-content":"","ast-featured-img":"","footer-sml-layout":"","theme-transparent-header-meta":"default","adv-header-id-meta":"","stick-header-meta":"","header-above-stick-meta":"","header-main-stick-meta":"","header-below-stick-meta":""},"categories":[758],"tags":[],"acf":[],"_links":{"self":[{"href":"https:\/\/www.cnbb.org.br\/cnbb-app\/wp\/v2\/posts\/940602"}],"collection":[{"href":"https:\/\/www.cnbb.org.br\/cnbb-app\/wp\/v2\/posts"}],"about":[{"href":"https:\/\/www.cnbb.org.br\/cnbb-app\/wp\/v2\/types\/post"}],"author":[{"embeddable":true,"href":"https:\/\/www.cnbb.org.br\/cnbb-app\/wp\/v2\/users\/23"}],"replies":[{"embeddable":true,"href":"https:\/\/www.cnbb.org.br\/cnbb-app\/wp\/v2\/comments?post=940602"}],"version-history":[{"count":1,"href":"https:\/\/www.cnbb.org.br\/cnbb-app\/wp\/v2\/posts\/940602\/revisions"}],"predecessor-version":[{"id":940603,"href":"https:\/\/www.cnbb.org.br\/cnbb-app\/wp\/v2\/posts\/940602\/revisions\/940603"}],"wp:attachment":[{"href":"https:\/\/www.cnbb.org.br\/cnbb-app\/wp\/v2\/media?parent=940602"}],"wp:term":[{"taxonomy":"category","embeddable":true,"href":"https:\/\/www.cnbb.org.br\/cnbb-app\/wp\/v2\/categories?post=940602"},{"taxonomy":"post_tag","embeddable":true,"href":"https:\/\/www.cnbb.org.br\/cnbb-app\/wp\/v2\/tags?post=940602"}],"curies":[{"name":"wp","href":"https:\/\/api.w.org\/{rel}","templated":true}]}}