{"id":940679,"date":"2023-03-20T15:57:38","date_gmt":"2023-03-20T18:57:38","guid":{"rendered":"https:\/\/www.cnbb.org.br\/?p=940679"},"modified":"2023-03-20T15:59:50","modified_gmt":"2023-03-20T18:59:50","slug":"aberto-o-credenciamento-para-a-60a-assembleia-geral-da-cnbb","status":"publish","type":"post","link":"https:\/\/www.cnbb.org.br\/aberto-o-credenciamento-para-a-60a-assembleia-geral-da-cnbb\/","title":{"rendered":"Aberto o credenciamento para a 60\u00aa Assembleia Geral da CNBB, a ser realizada de 19 a 28 de abril, em Aparecida (SP)"},"content":{"rendered":"<p style=\"text-align: justify;\">Est\u00e1 aberto o\u00a0<a href=\"https:\/\/forms.office.com\/r\/fukuHg43A9\" target=\"_blank\" rel=\"noopener\">credenciamento para jornalistas e equipes de imprensa<\/a>\u00a0que far\u00e3o a cobertura da 60\u00aa Assembleia Geral da Confer\u00eancia Nacional dos Bispos do Brasil (CNBB). O encontro do episcopado brasileiro ser\u00e1 entre os dias 19 e 28 de abril, no Santu\u00e1rio Nacional de Nossa Senhora Aparecida, em Aparecida (SP).<\/p>\n<p style=\"text-align: justify;\">O tema central dessa assembleia \u00e9 a\u00a0<em>Avalia\u00e7\u00e3o Global da Caminhada da CNBB<\/em>\u00a0nos \u00faltimos quatro anos. Ao encerrar o quadri\u00eanio iniciado em 2019, a atual Presid\u00eancia apresenta o relat\u00f3rio das atividades realizadas e encaminha as elei\u00e7\u00f5es dos seus novos membros (presidente, 1\u00ba e 2\u00ba vice-presidentes e secret\u00e1rio-geral) e dos presidentes das 12 Comiss\u00f5es Episcopais Permanentes. Tamb\u00e9m ser\u00e3o escolhidos dois representantes da CNBB no Conselho Episcopal Latino-Americano (Celam) e dois bispos que participar\u00e3o do processo do S\u00ednodo sobre a Sinodalidade, em Roma.<\/p>\n<p style=\"text-align: justify;\">Os jornalistas credenciados poder\u00e3o acessar o Centro de Eventos Padre Vitor Coelho de Almeida, onde os bispos estar\u00e3o reunidos, caso fa\u00e7am a cobertura presencialmente. Tamb\u00e9m v\u00e3o receber comunicados, releases e orienta\u00e7\u00f5es sobre o evento por e-mail e\/ou WhatsApp, al\u00e9m de terem a possibilidade de participa\u00e7\u00e3o nas coletivas de imprensa, tanto presencial quanto remotamente.<\/p>\n<h3 style=\"text-align: justify;\">Diretrizes<\/h3>\n<p style=\"text-align: justify;\">Por conta do processo sinodal, as Diretrizes Gerais da A\u00e7\u00e3o Evangelizadora da Igreja no Brasil (DGAE) n\u00e3o ser\u00e3o atualizadas nesta assembleia eletiva, conforme \u00e9 feito tradicionalmente. O objetivo, neste campo, segundo o secret\u00e1rio-geral da CNBB, dom Joel Portella Amado, ser\u00e1 \u201cdiscernir o caminho da Igreja no Brasil rumo \u00e0 atualiza\u00e7\u00e3o das diretrizes\u201d. Esse processo ser\u00e1 continuado na perspectiva da escuta e da incorpora\u00e7\u00e3o dos resultados do S\u00ednodo cujas assembleias ocorrem neste e no pr\u00f3ximo ano.\u00a0<a href=\"https:\/\/www.cnbb.org.br\/carta-igreja-brasil-cnbb-caminho-sinodal-diretrizes\/\">Os bispos divulgaram uma carta sobre esse processo de atualiza\u00e7\u00e3o<\/a>.<\/p>\n<h3 style=\"text-align: justify;\">Mensagens<\/h3>\n<p style=\"text-align: justify;\">As Assembleias Gerais da CNBB s\u00e3o momentos\u00a0de conviv\u00eancia e de ora\u00e7\u00e3o conjunta entre os bispos e de decis\u00f5es sobre a miss\u00e3o da Igreja no Brasil. Na oportunidade, s\u00e3o preparadas tr\u00eas mensagens do episcopado: ao Papa, ao prefeito do Dicast\u00e9rio para os Bispos e ao Povo Brasileiro. Esta dever\u00e1 ser divulgada no dia 27 de abril.<\/p>\n<h3 style=\"text-align: justify;\">Temas<\/h3>\n<p style=\"text-align: justify;\">Al\u00e9m da reflex\u00e3o sobre a caminhada nos \u00faltimos anos, os bispos abordar\u00e3o prioritariamente quest\u00f5es como o regimento da entidade; o relat\u00f3rio econ\u00f4mico, textos lit\u00fargicos e assuntos de liturgia e doutrina. At\u00e9 o momento, 15 temas diversos j\u00e1 est\u00e3o definidos na pauta, como as an\u00e1lises de conjuntura eclesial e social, o Acordo Brasil \u2013 Santa S\u00e9, as Campanhas da Fraternidade, o 15\u00ba Encontro Intereclesial das CEBs e a sa\u00fade integral do clero.<\/p>\n<p style=\"text-align: justify;\"><a href=\"https:\/\/forms.office.com\/r\/fukuHg43A9\" target=\"_blank\" rel=\"noopener\"><strong><em>Acesse aqui o formul\u00e1rio de credenciamento de imprensa<\/em><\/strong><\/a><\/p>\n<p style=\"text-align: justify;\">Nas pr\u00f3ximas semanas, ser\u00e1 lan\u00e7ado o hotsite da 60\u00aa Assembleia Geral da CNBB no qual poder\u00e3o ser encontradas as principais informa\u00e7\u00f5es do evento.<\/p>\n","protected":false},"excerpt":{"rendered":"<p>Est\u00e1 aberto o\u00a0credenciamento para jornalistas e equipes de imprensa\u00a0que far\u00e3o a cobertura da 60\u00aa Assembleia Geral da Confer\u00eancia Nacional dos Bispos do Brasil (CNBB). O encontro do episcopado brasileiro ser\u00e1 entre os dias 19 e 28 de abril, no Santu\u00e1rio Nacional de Nossa Senhora Aparecida, em Aparecida (SP)<\/p>\n","protected":false},"author":141,"featured_media":940681,"comment_status":"open","ping_status":"open","sticky":false,"template":"","format":"standard","meta":{"site-sidebar-layout":"default","site-content-layout":"default","ast-global-header-display":"","ast-banner-title-visibility":"","ast-main-header-display":"","ast-hfb-above-header-display":"","ast-hfb-below-header-display":"","ast-hfb-mobile-header-display":"","site-post-title":"","ast-breadcrumbs-content":"","ast-featured-img":"","footer-sml-layout":"","theme-transparent-header-meta":"default","adv-header-id-meta":"","stick-header-meta":"","header-above-stick-meta":"","header-main-stick-meta":"","header-below-stick-meta":""},"categories":[4961,1840],"tags":[4793,4292],"acf":[],"_links":{"self":[{"href":"https:\/\/www.cnbb.org.br\/cnbb-app\/wp\/v2\/posts\/940679"}],"collection":[{"href":"https:\/\/www.cnbb.org.br\/cnbb-app\/wp\/v2\/posts"}],"about":[{"href":"https:\/\/www.cnbb.org.br\/cnbb-app\/wp\/v2\/types\/post"}],"author":[{"embeddable":true,"href":"https:\/\/www.cnbb.org.br\/cnbb-app\/wp\/v2\/users\/141"}],"replies":[{"embeddable":true,"href":"https:\/\/www.cnbb.org.br\/cnbb-app\/wp\/v2\/comments?post=940679"}],"version-history":[{"count":4,"href":"https:\/\/www.cnbb.org.br\/cnbb-app\/wp\/v2\/posts\/940679\/revisions"}],"predecessor-version":[{"id":940720,"href":"https:\/\/www.cnbb.org.br\/cnbb-app\/wp\/v2\/posts\/940679\/revisions\/940720"}],"wp:featuredmedia":[{"embeddable":true,"href":"https:\/\/www.cnbb.org.br\/cnbb-app\/wp\/v2\/media\/940681"}],"wp:attachment":[{"href":"https:\/\/www.cnbb.org.br\/cnbb-app\/wp\/v2\/media?parent=940679"}],"wp:term":[{"taxonomy":"category","embeddable":true,"href":"https:\/\/www.cnbb.org.br\/cnbb-app\/wp\/v2\/categories?post=940679"},{"taxonomy":"post_tag","embeddable":true,"href":"https:\/\/www.cnbb.org.br\/cnbb-app\/wp\/v2\/tags?post=940679"}],"curies":[{"name":"wp","href":"https:\/\/api.w.org\/{rel}","templated":true}]}}