{"id":940732,"date":"2023-03-20T10:41:06","date_gmt":"2023-03-20T13:41:06","guid":{"rendered":"https:\/\/www.cnbb.org.br\/?p=940658"},"modified":"2023-03-20T16:24:40","modified_gmt":"2023-03-20T19:24:40","slug":"jornada-nacional-da-infancia-e-adolescencia-missionaria-celebra-os-180-anos-da-obra","status":"publish","type":"post","link":"https:\/\/www.cnbb.org.br\/jornada-nacional-da-infancia-e-adolescencia-missionaria-celebra-os-180-anos-da-obra\/","title":{"rendered":"Jornada Nacional da Inf\u00e2ncia e Adolesc\u00eancia Mission\u00e1ria celebra os 180 anos da obra"},"content":{"rendered":"<p style=\"text-align: justify;\">A Inf\u00e2ncia e Adolesc\u00eancia Mission\u00e1ria (IAM) se prepara para viver em seus quase mil grupos espalhados pelo pa\u00eds a 11\u00aa Jornada Nacional da IAM, celebrando os 180 anos de exist\u00eancia da obra. A atividade acontece no dia 21 de maio e convida as crian\u00e7as e adolescentes de todas as dioceses do Brasil a refletir o tema \u201cA miss\u00e3o se faz em comunh\u00e3o\u201d e o lema \u201cCora\u00e7\u00f5es ardentes, p\u00e9s a caminho\u201d.<\/p>\n<p style=\"text-align: justify;\"><a href=\"https:\/\/www.pom.org.br\/wp-content\/uploads\/2023\/03\/Cartaz-11_jornada-IAM.jpg\" data-rel=\"lightbox-image-0\" data-rl_title=\"\" data-rl_caption=\"\" title=\"\" target=\"_blank\" rel=\"noopener\"><img decoding=\"async\" loading=\"lazy\" class=\"alignright wp-image-25771\" src=\"https:\/\/www.pom.org.br\/wp-content\/uploads\/2023\/03\/Cartaz-11_jornada-IAM-216x300.jpg\" sizes=\"(max-width: 350px) 100vw, 350px\" srcset=\"https:\/\/www.pom.org.br\/wp-content\/uploads\/2023\/03\/Cartaz-11_jornada-IAM-216x300.jpg 216w, https:\/\/www.pom.org.br\/wp-content\/uploads\/2023\/03\/Cartaz-11_jornada-IAM-736x1024.jpg 736w, https:\/\/www.pom.org.br\/wp-content\/uploads\/2023\/03\/Cartaz-11_jornada-IAM-768x1068.jpg 768w, https:\/\/www.pom.org.br\/wp-content\/uploads\/2023\/03\/Cartaz-11_jornada-IAM-1104x1536.jpg 1104w, https:\/\/www.pom.org.br\/wp-content\/uploads\/2023\/03\/Cartaz-11_jornada-IAM.jpg 1304w\" alt=\"\" width=\"350\" height=\"487\" \/><\/a>Durante a Jornada Nacional, os grupos da IAM vivenciam os encontros de reflex\u00e3o do tema e se preparam para viver na comunidade a celebra\u00e7\u00e3o de consagra\u00e7\u00e3o \u00e0 Obra. Na Inf\u00e2ncia e Adolesc\u00eancia Mission\u00e1ria, a consagra\u00e7\u00e3o simboliza de forma p\u00fablica e solene a decis\u00e3o das crian\u00e7as e adolescentes de serem mission\u00e1rias. Durante a celebra\u00e7\u00e3o na comunidade, as crian\u00e7as recebem o len\u00e7o, s\u00edmbolo da IAM que identifica cada integrante, e ofertam o Cofrinho Mission\u00e1rio, gesto que marca a solidariedade com as crian\u00e7as mais carentes do mundo.<\/p>\n<p style=\"text-align: justify;\">A jornada pode acontecer em diferentes \u00e2mbitos: comunit\u00e1rio, paroquial e diocesano. \u00c9 momento de celebrar a caminhada e oportunizar que as crian\u00e7as e adolescentes sejam protagonistas das mais diferentes a\u00e7\u00f5es. Muitos grupos organizam atividades que envolvem a comunidade como gincanas, passeatas, festivais culturais, shows com teatro e m\u00fasica. As experi\u00eancias mission\u00e1rias tamb\u00e9m acontecem, envolvendo a comunidade em a\u00e7\u00f5es como visita a asilos, centros de sa\u00fade, creches e bairros da cidade.<\/p>\n<p style=\"text-align: justify;\"><strong>Cartaz<\/strong><br \/>\nA Miss\u00e3o se faz em comunh\u00e3o \u00e9 o tema da jornada da IAM desse ano e foi a inspira\u00e7\u00e3o na produ\u00e7\u00e3o da arte. A imagem mostra as mascotes da IAM construindo um quebra-cabe\u00e7a no formato do mundo. Simbolizam as crian\u00e7as de v\u00e1rios continentes em seu protagonismo, e a principal mensagem \u00e9 que cada pessoa, pastoral ou movimento pode representar uma dessas pe\u00e7as, mesmo nas suas diferen\u00e7as, valorizando a import\u00e2ncia de todos, podendo contribuir de forma mission\u00e1ria. Ao fundo tamb\u00e9m mostramos imagens de algumas das nossas crian\u00e7as da IAM em a\u00e7\u00e3o mission\u00e1ria.<\/p>\n<p style=\"text-align: justify;\"><strong>Cofrinho Mission\u00e1rio colabora com projetos na \u00c1frica<\/strong><br \/>\nNo cartaz deste ano, o personagem Kamba est\u00e1 no centro da imagem, pois a ajuda do Cofrinho Mission\u00e1rio em 2023 vai para projetos na \u00c1frica.\u00a0As contribui\u00e7\u00f5es enviadas pelos grupos da IAM para as POM, s\u00e3o destinadas ao Fundo Universal de Solidariedade, em Roma. O valor arrecadado pelo Cofrinho Mission\u00e1rio \u00e9 destinado integralmente para apoiar projetos que \u201cprotegem a vida\u201d, tais como centros para crian\u00e7as \u00f3rf\u00e3s, casas de acolhida para crian\u00e7as de rua ou assist\u00eancia de sa\u00fade aos rec\u00e9m-nascidos e escolas infantis. Tamb\u00e9m h\u00e1 projetos na \u00e1rea da forma\u00e7\u00e3o.<\/p>\n<p style=\"text-align: justify;\">Em 2022, segundo dados enviados por grupos da IAM de 126 dioceses, foi arrecadado um total de R$ 75.615,12. Esse valor \u00e9 fruto do sacrif\u00edcio de centenas de crian\u00e7as e adolescentes que fazem a sua doa\u00e7\u00e3o em favor de outras crian\u00e7as e adolescentes no mundo.<\/p>\n<p style=\"text-align: justify;\"><strong>Materiais da Jornada Nacional da IAM<\/strong><br \/>\nPara colaborar com a organiza\u00e7\u00e3o das atividades, a secretaria nacional da IAM disponibiliza diversos materiais que ajudam na anima\u00e7\u00e3o da Jornada Nacional da IAM.<\/p>\n","protected":false},"excerpt":{"rendered":"<p>A Inf\u00e2ncia e Adolesc\u00eancia Mission\u00e1ria (IAM) se prepara para viver em seus quase mil grupos espalhados pelo pa\u00eds a 11\u00aa Jornada Nacional da IAM, celebrando os 180 anos de exist\u00eancia da obra. A atividade acontece no dia 21 de maio e convida as crian\u00e7as e adolescentes de todas as dioceses do Brasil a refletir o &hellip;<\/p>\n<p class=\"read-more\"> <a class=\"\" href=\"https:\/\/www.cnbb.org.br\/jornada-nacional-da-infancia-e-adolescencia-missionaria-celebra-os-180-anos-da-obra\/\"> <span class=\"screen-reader-text\">Jornada Nacional da Inf\u00e2ncia e Adolesc\u00eancia Mission\u00e1ria celebra os 180 anos da obra<\/span> Leia mais &raquo;<\/a><\/p>\n","protected":false},"author":83,"featured_media":940748,"comment_status":"open","ping_status":"open","sticky":false,"template":"","format":"standard","meta":{"site-sidebar-layout":"default","site-content-layout":"default","ast-global-header-display":"","ast-banner-title-visibility":"","ast-main-header-display":"","ast-hfb-above-header-display":"","ast-hfb-below-header-display":"","ast-hfb-mobile-header-display":"","site-post-title":"","ast-breadcrumbs-content":"","ast-featured-img":"","footer-sml-layout":"","theme-transparent-header-meta":"default","adv-header-id-meta":"","stick-header-meta":"","header-above-stick-meta":"","header-main-stick-meta":"","header-below-stick-meta":""},"categories":[826],"tags":[],"acf":[],"_links":{"self":[{"href":"https:\/\/www.cnbb.org.br\/cnbb-app\/wp\/v2\/posts\/940732"}],"collection":[{"href":"https:\/\/www.cnbb.org.br\/cnbb-app\/wp\/v2\/posts"}],"about":[{"href":"https:\/\/www.cnbb.org.br\/cnbb-app\/wp\/v2\/types\/post"}],"author":[{"embeddable":true,"href":"https:\/\/www.cnbb.org.br\/cnbb-app\/wp\/v2\/users\/83"}],"replies":[{"embeddable":true,"href":"https:\/\/www.cnbb.org.br\/cnbb-app\/wp\/v2\/comments?post=940732"}],"version-history":[{"count":1,"href":"https:\/\/www.cnbb.org.br\/cnbb-app\/wp\/v2\/posts\/940732\/revisions"}],"predecessor-version":[{"id":940749,"href":"https:\/\/www.cnbb.org.br\/cnbb-app\/wp\/v2\/posts\/940732\/revisions\/940749"}],"wp:featuredmedia":[{"embeddable":true,"href":"https:\/\/www.cnbb.org.br\/cnbb-app\/wp\/v2\/media\/940748"}],"wp:attachment":[{"href":"https:\/\/www.cnbb.org.br\/cnbb-app\/wp\/v2\/media?parent=940732"}],"wp:term":[{"taxonomy":"category","embeddable":true,"href":"https:\/\/www.cnbb.org.br\/cnbb-app\/wp\/v2\/categories?post=940732"},{"taxonomy":"post_tag","embeddable":true,"href":"https:\/\/www.cnbb.org.br\/cnbb-app\/wp\/v2\/tags?post=940732"}],"curies":[{"name":"wp","href":"https:\/\/api.w.org\/{rel}","templated":true}]}}