{"id":941025,"date":"2023-03-23T11:14:48","date_gmt":"2023-03-23T14:14:48","guid":{"rendered":"https:\/\/www.cnbb.org.br\/?p=941025"},"modified":"2023-03-23T11:15:37","modified_gmt":"2023-03-23T14:15:37","slug":"os-cristaos-leigos-e-leigas-2","status":"publish","type":"post","link":"https:\/\/www.cnbb.org.br\/os-cristaos-leigos-e-leigas-2\/","title":{"rendered":"Os crist\u00e3os leigos e leigas\u00a0"},"content":{"rendered":"<p style=\"text-align: right;\"><strong>Dom Jaime Vieira Rocha\u00a0<\/strong><br \/>\n<strong>Arcebispo de Natal (RN)<\/strong><\/p>\n<p style=\"text-align: justify;\"><strong>\u00a0<\/strong><\/p>\n<p style=\"text-align: justify;\"><span data-contrast=\"auto\">Nesses dias, de 24 a 26 de mar\u00e7o, a nossa Igreja Arquidiocesana sediar\u00e1 a 12\u00aa Assembleia Geral Ordin\u00e1ria do Laicato do Regional Nordeste II, que acontecer\u00e1 no Centro Pastoral Dom Jaime Vieira Rocha, na Ribeira, com o tema: \u201cDeus nos fez profetas na Igreja e na sociedade\u201d.<\/span><span data-ccp-props=\"{&quot;201341983&quot;:0,&quot;335551550&quot;:6,&quot;335551620&quot;:6,&quot;335559739&quot;:0,&quot;335559740&quot;:360}\">\u00a0<\/span><\/p>\n<p style=\"text-align: justify;\"><span data-contrast=\"auto\">Muito j\u00e1 se falou do tema do laicato, da miss\u00e3o dos leigos e leigas. Gra\u00e7as a Deus j\u00e1 passamos de uma apresenta\u00e7\u00e3o negativa \u2013 os leigos e leigas s\u00e3o os que n\u00e3o tem um minist\u00e9rio ordenado \u2013 para uma defini\u00e7\u00e3o positiva e, de acordo com a evolu\u00e7\u00e3o do pensamento moderno, o qual nos oferece pistas de considera\u00e7\u00e3o da pessoa, seus direitos e sua responsabilidade. Assim, do Conc\u00edlio Vaticano II recebemos essa defini\u00e7\u00e3o: os leigos s\u00e3o \u201cos fi\u00e9is que, incorporados em Cristo pelo Batismo, constitu\u00eddos em Povo de Deus e tornados participantes, a seu modo, da fun\u00e7\u00e3o sacerdotal, prof\u00e9tica e real de Cristo, exercem, pela parte que lhes toca, a miss\u00e3o de todo o Povo crist\u00e3o na Igreja e no mundo\u201d (CONC\u00cdLIO VATICANO II. Constitui\u00e7\u00e3o dogm\u00e1tica sobre a Igreja <\/span><i><span data-contrast=\"auto\">Lumen gentium<\/span><\/i><span data-contrast=\"auto\">, 31). E, ainda, o mesmo Conc\u00edlio afirma: \u201cO sagrado Conc\u00edlio, desejando tornar mais intensa a atividade apost\u00f3lica do Povo de Deus, volta-se com muito empenho para os crist\u00e3os leigos&#8230; Com efeito, o apostolado dos leigos, que deriva da pr\u00f3pria voca\u00e7\u00e3o crist\u00e3, jamais poder\u00e1 faltar na Igreja. A mesma Sagrada Escritura demonstra abundantemente como foi espont\u00e2nea e frutuosa esta atividade no come\u00e7o da Igreja (cfr. At 11,19-21; 18,26; Rm 16,1-16; Fl 4,3)\u201d (Decreto sobre o apostolado dos leigos <\/span><i><span data-contrast=\"auto\">Apostolicam actuositatem<\/span><\/i><span data-contrast=\"auto\">, 1).<\/span><span data-ccp-props=\"{&quot;201341983&quot;:0,&quot;335551550&quot;:6,&quot;335551620&quot;:6,&quot;335559739&quot;:0,&quot;335559740&quot;:360}\">\u00a0<\/span><\/p>\n<p style=\"text-align: justify;\"><span data-contrast=\"auto\">A dignidade e a import\u00e2ncia dos leigos e leigas na Igreja foram sempre ressaltadas pelos \u00faltimos Papas. De S\u00e3o Jo\u00e3o Paulo II temos al\u00e9m da realiza\u00e7\u00e3o de um S\u00ednodo dos Bispos com a tem\u00e1tica dos leigos: \u201cA voca\u00e7\u00e3o e miss\u00e3o dos leigos na Igreja e no mundo\u201d, em 1987, tamb\u00e9m a publica\u00e7\u00e3o da Exorta\u00e7\u00e3o Apost\u00f3lica P\u00f3s-sinodal Christifideles laici, em 1988, com a mesma tem\u00e1tica. Em v\u00e1rias ocasi\u00f5es, Bento XVI evocou o texto da Exorta\u00e7\u00e3o de Jo\u00e3o Paulo II, mostrando a sua atualidade e import\u00e2ncia. Para Papa Francisco os leigos s\u00e3o disc\u00edpulos mission\u00e1rios: \u201c<\/span><span data-contrast=\"none\">Em virtude do Batismo recebido, cada membro do povo de Deus tornou-se disc\u00edpulo mission\u00e1rio (cf. Mt<\/span> <span data-contrast=\"none\">28, 19). Cada um dos batizados, independentemente da pr\u00f3pria fun\u00e7\u00e3o na Igreja e do grau de instru\u00e7\u00e3o da sua f\u00e9, \u00e9 um sujeito ativo de evangeliza\u00e7\u00e3o, e seria inapropriado pensar num esquema de evangeliza\u00e7\u00e3o realizado por agentes qualificados enquanto o resto do povo fiel seria apenas receptor das suas a\u00e7\u00f5es. A nova evangeliza\u00e7\u00e3o deve implicar um novo protagonismo de cada um dos batizados. Esta convic\u00e7\u00e3o transforma-se num apelo dirigido a cada crist\u00e3o para que ningu\u00e9m renuncie ao seu compromisso de evangeliza\u00e7\u00e3o, porque, se uma pessoa experimentou verdadeiramente o amor de Deus que o salva, n\u00e3o precisa de muito tempo de prepara\u00e7\u00e3o para sair a anunci\u00e1-lo, n\u00e3o pode esperar que lhe deem muitas li\u00e7\u00f5es ou longas instru\u00e7\u00f5es. Cada crist\u00e3o \u00e9 mission\u00e1rio na medida em que se encontrou com o amor de Deus em Cristo Jesus; n\u00e3o digamos mais que somos \u00abdisc\u00edpulos\u00bb e \u00abmission\u00e1rios\u00bb, mas sempre que somos \u00abdisc\u00edpulos mission\u00e1rios\u00bb<\/span><span data-contrast=\"auto\"> (FRANCISCO. Exorta\u00e7\u00e3o Apost\u00f3lica Evangelii gaudium, 119).<\/span><span data-ccp-props=\"{&quot;201341983&quot;:0,&quot;335551550&quot;:6,&quot;335551620&quot;:6,&quot;335559739&quot;:0,&quot;335559740&quot;:360}\">\u00a0<\/span><\/p>\n<p style=\"text-align: justify;\"><span data-contrast=\"auto\">Aos leigos e leigas s\u00e3o dirigidos esses fundamentos que todos precisam refletir e aprofundar. Eles n\u00e3o s\u00e3o exclusivos dos ministros ordenados, mas de todos os batizados. Tais fundamentos podem ser elencados assim: a) a dignidade da pessoa; b) o ser humano como parceiro de Deus; c) Deus faz alian\u00e7a (pacto) com o homem e a mulher; d) a revela\u00e7\u00e3o do nome de Deus como manifesta\u00e7\u00e3o de sua miseric\u00f3rdia, dirigida a todos; e) a revela\u00e7\u00e3o de Jesus Cristo: Deus \u00e9 Pai dos homens e das mulheres e convida a todos para o seu Reino, que inclui o seguimento a Cristo e a viv\u00eancia da gra\u00e7a da filia\u00e7\u00e3o divina; f) a necessidade de tornar a vida uma miss\u00e3o.<\/span><span data-ccp-props=\"{&quot;201341983&quot;:0,&quot;335551550&quot;:6,&quot;335551620&quot;:6,&quot;335559739&quot;:0,&quot;335559740&quot;:360}\">\u00a0<\/span><\/p>\n<p style=\"text-align: justify;\"><span data-contrast=\"auto\">Convido a todos, ministros ordenados e leigos e leigas, a refletirem em suas par\u00f3quias e comunidades sobre esses fundamentos, a fim de que todos possam crescer na f\u00e9 e na comunh\u00e3o eclesial, pois todos est\u00e3o unidos e fortalecidos no Batismo, sacramento da un\u00e7\u00e3o do Santo que a todos unge para evangelizar.<\/span><span data-ccp-props=\"{&quot;201341983&quot;:0,&quot;335551550&quot;:6,&quot;335551620&quot;:6,&quot;335559739&quot;:0,&quot;335559740&quot;:360}\">\u00a0<\/span><\/p>\n<p><span data-ccp-props=\"{&quot;201341983&quot;:0,&quot;335559739&quot;:160,&quot;335559740&quot;:360}\">\u00a0<\/span><\/p>\n","protected":false},"excerpt":{"rendered":"<p>Dom Jaime Vieira Rocha\u00a0 Arcebispo de Natal (RN) \u00a0 Nesses dias, de 24 a 26 de mar\u00e7o, a nossa Igreja Arquidiocesana sediar\u00e1 a 12\u00aa Assembleia Geral Ordin\u00e1ria do Laicato do Regional Nordeste II, que acontecer\u00e1 no Centro Pastoral Dom Jaime Vieira Rocha, na Ribeira, com o tema: \u201cDeus nos fez profetas na Igreja e na &hellip;<\/p>\n<p class=\"read-more\"> <a class=\"\" href=\"https:\/\/www.cnbb.org.br\/os-cristaos-leigos-e-leigas-2\/\"> <span class=\"screen-reader-text\">Os crist\u00e3os leigos e leigas\u00a0<\/span> Leia mais &raquo;<\/a><\/p>\n","protected":false},"author":19,"featured_media":0,"comment_status":"open","ping_status":"open","sticky":false,"template":"","format":"standard","meta":{"site-sidebar-layout":"default","site-content-layout":"default","ast-global-header-display":"","ast-banner-title-visibility":"","ast-main-header-display":"","ast-hfb-above-header-display":"","ast-hfb-below-header-display":"","ast-hfb-mobile-header-display":"","site-post-title":"","ast-breadcrumbs-content":"","ast-featured-img":"","footer-sml-layout":"","theme-transparent-header-meta":"default","adv-header-id-meta":"","stick-header-meta":"","header-above-stick-meta":"","header-main-stick-meta":"","header-below-stick-meta":""},"categories":[758],"tags":[],"acf":[],"_links":{"self":[{"href":"https:\/\/www.cnbb.org.br\/cnbb-app\/wp\/v2\/posts\/941025"}],"collection":[{"href":"https:\/\/www.cnbb.org.br\/cnbb-app\/wp\/v2\/posts"}],"about":[{"href":"https:\/\/www.cnbb.org.br\/cnbb-app\/wp\/v2\/types\/post"}],"author":[{"embeddable":true,"href":"https:\/\/www.cnbb.org.br\/cnbb-app\/wp\/v2\/users\/19"}],"replies":[{"embeddable":true,"href":"https:\/\/www.cnbb.org.br\/cnbb-app\/wp\/v2\/comments?post=941025"}],"version-history":[{"count":1,"href":"https:\/\/www.cnbb.org.br\/cnbb-app\/wp\/v2\/posts\/941025\/revisions"}],"predecessor-version":[{"id":941026,"href":"https:\/\/www.cnbb.org.br\/cnbb-app\/wp\/v2\/posts\/941025\/revisions\/941026"}],"wp:attachment":[{"href":"https:\/\/www.cnbb.org.br\/cnbb-app\/wp\/v2\/media?parent=941025"}],"wp:term":[{"taxonomy":"category","embeddable":true,"href":"https:\/\/www.cnbb.org.br\/cnbb-app\/wp\/v2\/categories?post=941025"},{"taxonomy":"post_tag","embeddable":true,"href":"https:\/\/www.cnbb.org.br\/cnbb-app\/wp\/v2\/tags?post=941025"}],"curies":[{"name":"wp","href":"https:\/\/api.w.org\/{rel}","templated":true}]}}