{"id":9411,"date":"2011-02-24T00:00:00","date_gmt":"2011-02-24T03:00:00","guid":{"rendered":"https:\/\/www.cnbb.org.br\/regionais-discutem-projeto-missionario-alem-fronteiras\/"},"modified":"2020-03-11T20:04:26","modified_gmt":"2020-03-11T23:04:26","slug":"regionais-discutem-projeto-missionario-alem-fronteiras","status":"publish","type":"post","link":"https:\/\/www.cnbb.org.br\/regionais-discutem-projeto-missionario-alem-fronteiras\/","title":{"rendered":"Regionais discutem Projeto Mission\u00e1rio Al\u00e9m-Fronteiras"},"content":{"rendered":"<p style=\"text-align: justify\">Nesta quarta-feira, 23, a Equipe do Projeto \u00c1frica \u2013 Mo\u00e7ambique, dos Regionais Nordeste 4 e 5 da CNBB, respectivamente Piau\u00ed e Maranh\u00e3o, se reuniram na sede do Regional Nordeste 4, em Teresina (PI).<\/p>\n<p><!--more--><\/p>\n<p style=\"text-align: justify\">O encontro teve por objetivo apresentar a equipe da Coordena\u00e7\u00e3o do Projeto ao bispo diocesano de Floriano (PI) e respons\u00e1vel pela anima\u00e7\u00e3o mission\u00e1ria no Piau\u00ed, dom Valdemir Ferreira dos Santos; discutir a situa\u00e7\u00e3o financeira com expectativas de obter mais desempenho para responder aos apelos que surgem ao longo da caminhada mission\u00e1ria, e o envio de tr\u00eas mission\u00e1rias que ir\u00e3o fazer parte da equipe mission\u00e1ria na diocese de Lichinga em Mo\u00e7ambique.<\/p>\n<p style=\"text-align: justify\">Participaram da reuni\u00e3o o bispo da diocese de Bacabal (MA) e respons\u00e1vel pela Dimens\u00e3o Mission\u00e1ria do Regional Nordeste 5, dom Armando Martin Gutierr\u00e9z; o bispo respons\u00e1vel pela Anima\u00e7\u00e3o Mission\u00e1ria e Liturgia do Regional Nordeste 4, dom Waldemir Ferreira dos Santos; o secret\u00e1rio executivo do Regional Nordeste 4, padre Lu\u00eds Eduardo, entre outros.<\/p>\n<p style=\"text-align: justify\"><strong>O Projeto <\/strong><\/p>\n<p style=\"text-align: justify\">Trata-se de um projeto mission\u00e1rio desenvolvido pelos Regionais Nordeste 4 e 5 da CNBB, com o objetivo de marcar presen\u00e7a na diocese de Lichinga em Mo\u00e7ambique \u2013 \u00c1frica, atrav\u00e9s do envio de mission\u00e1rios para atuarem na evangeliza\u00e7\u00e3o, presen\u00e7a nas comunidades, forma\u00e7\u00e3o b\u00edblica, acompanhamento das pastorais, catequese, Pastoral Vocacional e Legi\u00e3o de Maria; atendimento aos exclu\u00eddos, educa\u00e7\u00e3o nas escolas e promo\u00e7\u00e3o dos direitos humanos.<\/p>\n","protected":false},"excerpt":{"rendered":"<p>Nesta quarta-feira, 23, a Equipe do Projeto \u00c1frica \u2013 Mo\u00e7ambique, dos Regionais Nordeste 4 e 5 da CNBB, respectivamente Piau\u00ed e Maranh\u00e3o, se reuniram na sede do Regional Nordeste 4, em Teresina (PI).<\/p>\n","protected":false},"author":83,"featured_media":9412,"comment_status":"open","ping_status":"open","sticky":false,"template":"","format":"standard","meta":{"site-sidebar-layout":"default","site-content-layout":"default","ast-global-header-display":"","ast-banner-title-visibility":"","ast-main-header-display":"","ast-hfb-above-header-display":"","ast-hfb-below-header-display":"","ast-hfb-mobile-header-display":"","site-post-title":"","ast-breadcrumbs-content":"","ast-featured-img":"","footer-sml-layout":"","theme-transparent-header-meta":"","adv-header-id-meta":"","stick-header-meta":"","header-above-stick-meta":"","header-main-stick-meta":"","header-below-stick-meta":""},"categories":[854,878],"tags":[],"acf":[],"_links":{"self":[{"href":"https:\/\/www.cnbb.org.br\/cnbb-app\/wp\/v2\/posts\/9411"}],"collection":[{"href":"https:\/\/www.cnbb.org.br\/cnbb-app\/wp\/v2\/posts"}],"about":[{"href":"https:\/\/www.cnbb.org.br\/cnbb-app\/wp\/v2\/types\/post"}],"author":[{"embeddable":true,"href":"https:\/\/www.cnbb.org.br\/cnbb-app\/wp\/v2\/users\/83"}],"replies":[{"embeddable":true,"href":"https:\/\/www.cnbb.org.br\/cnbb-app\/wp\/v2\/comments?post=9411"}],"version-history":[{"count":0,"href":"https:\/\/www.cnbb.org.br\/cnbb-app\/wp\/v2\/posts\/9411\/revisions"}],"wp:featuredmedia":[{"embeddable":true,"href":"https:\/\/www.cnbb.org.br\/cnbb-app\/wp\/v2\/media\/9412"}],"wp:attachment":[{"href":"https:\/\/www.cnbb.org.br\/cnbb-app\/wp\/v2\/media?parent=9411"}],"wp:term":[{"taxonomy":"category","embeddable":true,"href":"https:\/\/www.cnbb.org.br\/cnbb-app\/wp\/v2\/categories?post=9411"},{"taxonomy":"post_tag","embeddable":true,"href":"https:\/\/www.cnbb.org.br\/cnbb-app\/wp\/v2\/tags?post=9411"}],"curies":[{"name":"wp","href":"https:\/\/api.w.org\/{rel}","templated":true}]}}