{"id":941573,"date":"2023-03-27T14:05:01","date_gmt":"2023-03-27T17:05:01","guid":{"rendered":"https:\/\/www.cnbb.org.br\/?p=941573"},"modified":"2023-03-27T14:05:01","modified_gmt":"2023-03-27T17:05:01","slug":"crp-do-parana-se-reune-em-uniao-da-vitoria-e-reflete-sobre-cuidado-com-a-saude-psiquica-dos-padres","status":"publish","type":"post","link":"https:\/\/www.cnbb.org.br\/crp-do-parana-se-reune-em-uniao-da-vitoria-e-reflete-sobre-cuidado-com-a-saude-psiquica-dos-padres\/","title":{"rendered":"CRP do Paran\u00e1 se re\u00fane em Uni\u00e3o da Vit\u00f3ria e reflete sobre cuidado com a sa\u00fade ps\u00edquica dos padres"},"content":{"rendered":"<p style=\"text-align: justify;\">O cuidado com a sa\u00fade ps\u00edquica dos padres e o fortalecimento da Pastoral Presbiteral nas dioceses foram temas abordados na primeira reuni\u00e3o da Comiss\u00e3o Regional dos Presb\u00edteros do Paran\u00e1, realizada entre os dias 20 e 22 de mar\u00e7o, em Uni\u00e3o da Vit\u00f3ria (PR). O encontro teve a presen\u00e7a de 19 padres e do bispo diocesano, dom Walter Jorge Pinto, que \u00e9 o referencial para os presb\u00edteros no Regional Sul 2 da Confer\u00eancia Nacional dos Bispos do Brasil (CNBB).<\/p>\n<p style=\"text-align: justify;\">Padre Sidnei Reitz, que al\u00e9m de secret\u00e1rio da CRP tamb\u00e9m \u00e9 coordenador da Pastoral Presbiteral na diocese de Uni\u00e3o da Vit\u00f3ria, falou sobre a ocorr\u00eancia de suic\u00eddios entre os presb\u00edteros.<\/p>\n<p style=\"text-align: justify;\">\u201c\u00c9 um tema espinhoso, triste e preocupante, que nos traz muitas d\u00favidas e poucas respostas. Mas \u00e9 necess\u00e1rio que se enfrente essa quest\u00e3o e se busquem encontrar alternativas para que se evite ao m\u00e1ximo esses acontecimentos de autoexterm\u00ednio, sobretudo entre n\u00f3s, que somos promotores da vida com sentido\u201d, disse o padre.<\/p>\n<p style=\"text-align: justify;\">O presidente da CRP, padre Emerson Lipinski, destacou que a elabora\u00e7\u00e3o das atividades para o ano visa o cuidado do presb\u00edtero na sua dimens\u00e3o integral. \u201cNesta sociedade fragmentada, a CRP busca ajudar o padre a se integrar na sua dimens\u00e3o humano-afetiva, a fim de que ele possa superar os desafios que adv\u00e9m\u201d, disse ele.<\/p>\n<p style=\"text-align: justify;\"><a href=\"https:\/\/cnbbs2.org.br\/2023\/03\/comissao-regional-de-presbiteros-realiza-1o-encontro-do-ano-na-diocese-de-uniao-da-vitoria-pr\/\" target=\"_blank\" rel=\"noopener\">Confira a not\u00edcia na \u00edntegra.<\/a><\/p>\n<p style=\"text-align: justify;\">\n","protected":false},"excerpt":{"rendered":"<p>O cuidado com a sa\u00fade ps\u00edquica dos padres e o fortalecimento da Pastoral Presbiteral nas dioceses foram temas abordados na primeira reuni\u00e3o da Comiss\u00e3o Regional dos Presb\u00edteros do Paran\u00e1, realizada entre os dias 20 e 22 de mar\u00e7o, em Uni\u00e3o da Vit\u00f3ria (PR). O encontro teve a presen\u00e7a de 19 padres e do bispo diocesano, &hellip;<\/p>\n<p class=\"read-more\"> <a class=\"\" href=\"https:\/\/www.cnbb.org.br\/crp-do-parana-se-reune-em-uniao-da-vitoria-e-reflete-sobre-cuidado-com-a-saude-psiquica-dos-padres\/\"> <span class=\"screen-reader-text\">CRP do Paran\u00e1 se re\u00fane em Uni\u00e3o da Vit\u00f3ria e reflete sobre cuidado com a sa\u00fade ps\u00edquica dos padres<\/span> Leia mais &raquo;<\/a><\/p>\n","protected":false},"author":38,"featured_media":941575,"comment_status":"open","ping_status":"open","sticky":false,"template":"","format":"standard","meta":{"site-sidebar-layout":"default","site-content-layout":"default","ast-global-header-display":"","ast-banner-title-visibility":"","ast-main-header-display":"","ast-hfb-above-header-display":"","ast-hfb-below-header-display":"","ast-hfb-mobile-header-display":"","site-post-title":"","ast-breadcrumbs-content":"","ast-featured-img":"","footer-sml-layout":"","theme-transparent-header-meta":"default","adv-header-id-meta":"","stick-header-meta":"","header-above-stick-meta":"","header-main-stick-meta":"","header-below-stick-meta":""},"categories":[781],"tags":[2653,4971,1207],"acf":[],"_links":{"self":[{"href":"https:\/\/www.cnbb.org.br\/cnbb-app\/wp\/v2\/posts\/941573"}],"collection":[{"href":"https:\/\/www.cnbb.org.br\/cnbb-app\/wp\/v2\/posts"}],"about":[{"href":"https:\/\/www.cnbb.org.br\/cnbb-app\/wp\/v2\/types\/post"}],"author":[{"embeddable":true,"href":"https:\/\/www.cnbb.org.br\/cnbb-app\/wp\/v2\/users\/38"}],"replies":[{"embeddable":true,"href":"https:\/\/www.cnbb.org.br\/cnbb-app\/wp\/v2\/comments?post=941573"}],"version-history":[{"count":1,"href":"https:\/\/www.cnbb.org.br\/cnbb-app\/wp\/v2\/posts\/941573\/revisions"}],"predecessor-version":[{"id":941576,"href":"https:\/\/www.cnbb.org.br\/cnbb-app\/wp\/v2\/posts\/941573\/revisions\/941576"}],"wp:featuredmedia":[{"embeddable":true,"href":"https:\/\/www.cnbb.org.br\/cnbb-app\/wp\/v2\/media\/941575"}],"wp:attachment":[{"href":"https:\/\/www.cnbb.org.br\/cnbb-app\/wp\/v2\/media?parent=941573"}],"wp:term":[{"taxonomy":"category","embeddable":true,"href":"https:\/\/www.cnbb.org.br\/cnbb-app\/wp\/v2\/categories?post=941573"},{"taxonomy":"post_tag","embeddable":true,"href":"https:\/\/www.cnbb.org.br\/cnbb-app\/wp\/v2\/tags?post=941573"}],"curies":[{"name":"wp","href":"https:\/\/api.w.org\/{rel}","templated":true}]}}