{"id":941644,"date":"2023-03-28T11:33:01","date_gmt":"2023-03-28T14:33:01","guid":{"rendered":"https:\/\/www.cnbb.org.br\/?p=941644"},"modified":"2023-03-28T11:33:01","modified_gmt":"2023-03-28T14:33:01","slug":"dom-zico-e-apresentado-como-novo-bispo-auxiliar-da-arquidiocese-de-curitiba","status":"publish","type":"post","link":"https:\/\/www.cnbb.org.br\/dom-zico-e-apresentado-como-novo-bispo-auxiliar-da-arquidiocese-de-curitiba\/","title":{"rendered":"Dom Zico \u00e9 apresentado como novo bispo auxiliar da arquidiocese de Curitiba"},"content":{"rendered":"<p style=\"text-align: justify;\">Na manh\u00e3 do \u00faltimo domingo, 26 de mar\u00e7o, o arcebispo metropolitano de Curitiba, dom Jos\u00e9 Antonio Peruzzo, presidiu a missa solene de apresenta\u00e7\u00e3o do novo bispo auxiliar, dom Reginei Jos\u00e9 Modolo \u2013 conhecido como dom Zico. A celebra\u00e7\u00e3o aconteceu na Catedral Bas\u00edlica Menor de Nossa Senhora da Luz dos Pinhais.<\/p>\n<p style=\"text-align: justify;\">Emocionado, o novo bispo auxiliar fez um breve discurso de agradecimento antes da entrega do b\u00e1culo e da b\u00ean\u00e7\u00e3o final: \u201c<em>Minha gratid\u00e3o a todos aqui de Curitiba porque j\u00e1 me sinto acolhido. J\u00e1 me sinto tamb\u00e9m integrado a essa arquidiocese. O que podem esperar de mim? Esperem algu\u00e9m dedicado, algu\u00e9m que realmente se doa, se entrega, algu\u00e9m que leva muito a s\u00e9rio o pedido do Papa Francisco da cultura do encontro e da proximidade. Isso podem esperar e isso farei!<\/em>&#8220;.<\/p>\n<p style=\"text-align: justify;\"><a href=\"https:\/\/cnbbs2.org.br\/2023\/03\/dom-zico-e-apresentado-como-novo-bispo-auxiliar-da-arquidiocese-de-curitiba\/\" target=\"_blank\" rel=\"noopener\">Confira como foi a celebra\u00e7\u00e3o no texto na \u00edntegra.<\/a><\/p>\n<p>&nbsp;<\/p>\n<pre class=\"wp-block-image\" style=\"text-align: justify;\"> Foto de capa: Raphael Pereira<\/pre>\n","protected":false},"excerpt":{"rendered":"<p>Na manh\u00e3 do \u00faltimo domingo, 26 de mar\u00e7o, o arcebispo metropolitano de Curitiba, dom Jos\u00e9 Antonio Peruzzo, presidiu a missa solene de apresenta\u00e7\u00e3o do novo bispo auxiliar, dom Reginei Jos\u00e9 Modolo \u2013 conhecido como dom Zico. A celebra\u00e7\u00e3o aconteceu na Catedral Bas\u00edlica Menor de Nossa Senhora da Luz dos Pinhais. Emocionado, o novo bispo auxiliar &hellip;<\/p>\n<p class=\"read-more\"> <a class=\"\" href=\"https:\/\/www.cnbb.org.br\/dom-zico-e-apresentado-como-novo-bispo-auxiliar-da-arquidiocese-de-curitiba\/\"> <span class=\"screen-reader-text\">Dom Zico \u00e9 apresentado como novo bispo auxiliar da arquidiocese de Curitiba<\/span> Leia mais &raquo;<\/a><\/p>\n","protected":false},"author":38,"featured_media":941645,"comment_status":"open","ping_status":"open","sticky":false,"template":"","format":"standard","meta":{"site-sidebar-layout":"default","site-content-layout":"default","ast-global-header-display":"","ast-banner-title-visibility":"","ast-main-header-display":"","ast-hfb-above-header-display":"","ast-hfb-below-header-display":"","ast-hfb-mobile-header-display":"","site-post-title":"","ast-breadcrumbs-content":"","ast-featured-img":"","footer-sml-layout":"","theme-transparent-header-meta":"default","adv-header-id-meta":"","stick-header-meta":"","header-above-stick-meta":"","header-main-stick-meta":"","header-below-stick-meta":""},"categories":[781],"tags":[4215],"acf":[],"_links":{"self":[{"href":"https:\/\/www.cnbb.org.br\/cnbb-app\/wp\/v2\/posts\/941644"}],"collection":[{"href":"https:\/\/www.cnbb.org.br\/cnbb-app\/wp\/v2\/posts"}],"about":[{"href":"https:\/\/www.cnbb.org.br\/cnbb-app\/wp\/v2\/types\/post"}],"author":[{"embeddable":true,"href":"https:\/\/www.cnbb.org.br\/cnbb-app\/wp\/v2\/users\/38"}],"replies":[{"embeddable":true,"href":"https:\/\/www.cnbb.org.br\/cnbb-app\/wp\/v2\/comments?post=941644"}],"version-history":[{"count":1,"href":"https:\/\/www.cnbb.org.br\/cnbb-app\/wp\/v2\/posts\/941644\/revisions"}],"predecessor-version":[{"id":941646,"href":"https:\/\/www.cnbb.org.br\/cnbb-app\/wp\/v2\/posts\/941644\/revisions\/941646"}],"wp:featuredmedia":[{"embeddable":true,"href":"https:\/\/www.cnbb.org.br\/cnbb-app\/wp\/v2\/media\/941645"}],"wp:attachment":[{"href":"https:\/\/www.cnbb.org.br\/cnbb-app\/wp\/v2\/media?parent=941644"}],"wp:term":[{"taxonomy":"category","embeddable":true,"href":"https:\/\/www.cnbb.org.br\/cnbb-app\/wp\/v2\/categories?post=941644"},{"taxonomy":"post_tag","embeddable":true,"href":"https:\/\/www.cnbb.org.br\/cnbb-app\/wp\/v2\/tags?post=941644"}],"curies":[{"name":"wp","href":"https:\/\/api.w.org\/{rel}","templated":true}]}}