{"id":941934,"date":"2023-03-30T15:24:53","date_gmt":"2023-03-30T18:24:53","guid":{"rendered":"https:\/\/www.cnbb.org.br\/?p=941934"},"modified":"2023-03-30T15:25:11","modified_gmt":"2023-03-30T18:25:11","slug":"os-sete-dias-que-marcaram-o-destino-da-humanidade","status":"publish","type":"post","link":"https:\/\/www.cnbb.org.br\/os-sete-dias-que-marcaram-o-destino-da-humanidade\/","title":{"rendered":"Os sete dias que marcaram o destino da humanidade\u00a0"},"content":{"rendered":"<p style=\"text-align: right;\"><b><span data-contrast=\"auto\">Dom Roberto Francisco Ferreria Paz<\/span><\/b><span data-ccp-props=\"{&quot;201341983&quot;:0,&quot;335551550&quot;:2,&quot;335551620&quot;:2,&quot;335559739&quot;:0,&quot;335559740&quot;:259}\"><br \/>\n<\/span><b><span data-contrast=\"auto\">Bispo de Campos (RJ)<\/span><\/b><span data-ccp-props=\"{&quot;201341983&quot;:0,&quot;335551550&quot;:2,&quot;335551620&quot;:2,&quot;335559739&quot;:0,&quot;335559740&quot;:259}\">\u00a0<\/span><\/p>\n<p style=\"text-align: justify;\"><span data-ccp-props=\"{&quot;201341983&quot;:0,&quot;335559739&quot;:160,&quot;335559740&quot;:259}\">\u00a0<\/span><\/p>\n<p style=\"text-align: justify;\"><span data-contrast=\"auto\">Iniciamos a semana maior, a semana aut\u00eantica, como a chamam em Mil\u00e3o, a semana da miseric\u00f3rdia e da clem\u00eancia divina, onde todos, e at\u00e9 o mais renuente e c\u00e9tico, encontram perd\u00e3o e reconcilia\u00e7\u00e3o e, por fim, a palavra mais conhecida ou corriqueira que, por isso, tem o risco de n\u00e3o despertar e abrasar mais o nosso cora\u00e7\u00e3o: a semana santa. <\/span><span data-ccp-props=\"{&quot;201341983&quot;:0,&quot;335551550&quot;:6,&quot;335551620&quot;:6,&quot;335559739&quot;:160,&quot;335559740&quot;:259}\">\u00a0<\/span><\/p>\n<p style=\"text-align: justify;\"><span data-contrast=\"auto\">A qualifica\u00e7\u00e3o de santa, n\u00e3o \u00e9 um mero adjetivo ou r\u00f3tulo, pois expressa a grande verdade sobre Deus, a vida, e da pr\u00f3pria humanidade, pois nela brilha o amor divino, infinito e incondicional, determinado a morrer na Cruz por cada um de n\u00f3s. Por\u00e9m, o costume e as rotinas, por vezes, exageradamente devocionistas, nos instalam no formalismo religioso que parece ficar apenas no passado, apresentando um <\/span><i><span data-contrast=\"auto\">triller<\/span><\/i><span data-contrast=\"auto\"> com cenas do Bom Jesus que se sacrifica por nossos pecados.\u00a0<\/span><span data-ccp-props=\"{&quot;201341983&quot;:0,&quot;335551550&quot;:6,&quot;335551620&quot;:6,&quot;335559739&quot;:160,&quot;335559740&quot;:259}\">\u00a0<\/span><\/p>\n<p style=\"text-align: justify;\"><span data-contrast=\"auto\">No entanto, a semana santa nos faz reviver, hoje, o mist\u00e9rio da paix\u00e3o, morte e ressurrei\u00e7\u00e3o do homem Deus que assume plenamente nosso drama, nossas dores, e nossas trai\u00e7\u00f5es. A semana santa n\u00e3o pode ficar relegada ao turismo, a um feriado para distra\u00e7\u00e3o ou para desligar-se da realidade, pois trata-se da fonte, do manancial, e da escola raiz do crist\u00e3o, do ber\u00e7o e nascedouro da nossa f\u00e9.\u00a0<\/span><span data-ccp-props=\"{&quot;201341983&quot;:0,&quot;335551550&quot;:6,&quot;335551620&quot;:6,&quot;335559739&quot;:160,&quot;335559740&quot;:259}\">\u00a0<\/span><\/p>\n<p style=\"text-align: justify;\"><span data-contrast=\"auto\">Sim, \u00e9 no hoje da nossa vida banal, por vezes superficial e individualista, que Jesus vem nos encontrar entrando com a suavidade e ternura do pr\u00edncipe da paz e do Salvador misericordioso que restaura e cura todas nossas feridas tornando nossa casa, fam\u00edlia e cidade, a Jerusal\u00e9m celestial. Nos introduz no Tr\u00edduo Pascal, o cora\u00e7\u00e3o da semana, preparando a Ceia para n\u00f3s, lavando nossos p\u00e9s, e ensinando-nos a amar e servir. Se entrega para ser preso e sofrer uma paix\u00e3o terr\u00edvel, e tenebrosa, para morrer totalmente abandonado nas m\u00e3os do Pai para salvar-nos e reconciliar-nos plenamente. Desce a mans\u00e3o dos mortos para resgatar os justos e, na calada da noite da Vig\u00edlia da Grandiosa Noite das Noites, ressuscita abrindo-nos o caminho da felicidade e da vida eterna iluminando claramente todas as esperan\u00e7as e sonhos da humanidade.\u00a0<\/span><span data-ccp-props=\"{&quot;201341983&quot;:0,&quot;335551550&quot;:6,&quot;335551620&quot;:6,&quot;335559739&quot;:160,&quot;335559740&quot;:259}\">\u00a0<\/span><\/p>\n<p style=\"text-align: justify;\"><span data-contrast=\"auto\">No domingo, com Maria Magdalena e as Santas Mulheres, somos convidados a afirmar com f\u00e9: N\u00e3o est\u00e1 mais aqui no t\u00famulo, RESSUSCITOU! Feliz P\u00e1scoa, assumindo com o Cordeiro Pascal vitorioso, a miss\u00e3o de anunciar seu Reino de paz, amor, justi\u00e7a e gra\u00e7a para todas as pessoas e criaturas da Terra. Deus seja louvado!<\/span><span data-ccp-props=\"{&quot;201341983&quot;:0,&quot;335551550&quot;:6,&quot;335551620&quot;:6,&quot;335559739&quot;:160,&quot;335559740&quot;:259}\">\u00a0<\/span><\/p>\n<p><span data-ccp-props=\"{&quot;201341983&quot;:0,&quot;335551550&quot;:2,&quot;335551620&quot;:2,&quot;335559739&quot;:0,&quot;335559740&quot;:259}\">\u00a0<\/span><\/p>\n","protected":false},"excerpt":{"rendered":"<p>Dom Roberto Francisco Ferreria Paz Bispo de Campos (RJ)\u00a0 \u00a0 Iniciamos a semana maior, a semana aut\u00eantica, como a chamam em Mil\u00e3o, a semana da miseric\u00f3rdia e da clem\u00eancia divina, onde todos, e at\u00e9 o mais renuente e c\u00e9tico, encontram perd\u00e3o e reconcilia\u00e7\u00e3o e, por fim, a palavra mais conhecida ou corriqueira que, por isso, &hellip;<\/p>\n<p class=\"read-more\"> <a class=\"\" href=\"https:\/\/www.cnbb.org.br\/os-sete-dias-que-marcaram-o-destino-da-humanidade\/\"> <span class=\"screen-reader-text\">Os sete dias que marcaram o destino da humanidade\u00a0<\/span> Leia mais &raquo;<\/a><\/p>\n","protected":false},"author":23,"featured_media":0,"comment_status":"open","ping_status":"open","sticky":false,"template":"","format":"standard","meta":{"site-sidebar-layout":"default","site-content-layout":"default","ast-global-header-display":"","ast-banner-title-visibility":"","ast-main-header-display":"","ast-hfb-above-header-display":"","ast-hfb-below-header-display":"","ast-hfb-mobile-header-display":"","site-post-title":"","ast-breadcrumbs-content":"","ast-featured-img":"","footer-sml-layout":"","theme-transparent-header-meta":"default","adv-header-id-meta":"","stick-header-meta":"","header-above-stick-meta":"","header-main-stick-meta":"","header-below-stick-meta":""},"categories":[758],"tags":[],"acf":[],"_links":{"self":[{"href":"https:\/\/www.cnbb.org.br\/cnbb-app\/wp\/v2\/posts\/941934"}],"collection":[{"href":"https:\/\/www.cnbb.org.br\/cnbb-app\/wp\/v2\/posts"}],"about":[{"href":"https:\/\/www.cnbb.org.br\/cnbb-app\/wp\/v2\/types\/post"}],"author":[{"embeddable":true,"href":"https:\/\/www.cnbb.org.br\/cnbb-app\/wp\/v2\/users\/23"}],"replies":[{"embeddable":true,"href":"https:\/\/www.cnbb.org.br\/cnbb-app\/wp\/v2\/comments?post=941934"}],"version-history":[{"count":1,"href":"https:\/\/www.cnbb.org.br\/cnbb-app\/wp\/v2\/posts\/941934\/revisions"}],"predecessor-version":[{"id":941935,"href":"https:\/\/www.cnbb.org.br\/cnbb-app\/wp\/v2\/posts\/941934\/revisions\/941935"}],"wp:attachment":[{"href":"https:\/\/www.cnbb.org.br\/cnbb-app\/wp\/v2\/media?parent=941934"}],"wp:term":[{"taxonomy":"category","embeddable":true,"href":"https:\/\/www.cnbb.org.br\/cnbb-app\/wp\/v2\/categories?post=941934"},{"taxonomy":"post_tag","embeddable":true,"href":"https:\/\/www.cnbb.org.br\/cnbb-app\/wp\/v2\/tags?post=941934"}],"curies":[{"name":"wp","href":"https:\/\/api.w.org\/{rel}","templated":true}]}}