{"id":942130,"date":"2023-04-03T16:34:22","date_gmt":"2023-04-03T19:34:22","guid":{"rendered":"https:\/\/www.cnbb.org.br\/?p=942130"},"modified":"2023-04-03T16:34:41","modified_gmt":"2023-04-03T19:34:41","slug":"pascoa-ocasiao-de-conversao-e-de-perdao","status":"publish","type":"post","link":"https:\/\/www.cnbb.org.br\/pascoa-ocasiao-de-conversao-e-de-perdao\/","title":{"rendered":"P\u00e1scoa &#8211; ocasi\u00e3o de convers\u00e3o e de perd\u00e3o"},"content":{"rendered":"<p style=\"text-align: right;\"><span data-ccp-props=\"{&quot;201341983&quot;:0,&quot;335551550&quot;:2,&quot;335551620&quot;:2,&quot;335559739&quot;:0,&quot;335559740&quot;:240}\"><strong>Dom Alo\u00edsio Alberto Dilli<\/strong><br \/>\n<strong>Bispo de Santa Cruz do Sul (RS)<\/strong><br \/>\n<\/span><\/p>\n<p>&nbsp;<\/p>\n<p style=\"text-align: justify;\"><span data-contrast=\"none\">Caros diocesanos. Estamos vivendo a Semana Santa, com suas solenes celebra\u00e7\u00f5es que tornam presente os mist\u00e9rios da morte e da ressurrei\u00e7\u00e3o de Jesus Cristo, na vida da Igreja e do mundo. Diante do infinito amor de Deus, revelado sobretudo no sofrimento e na violenta morte de cruz, nossa tend\u00eancia humana \u00e9 silenciar, pois as palavras se tornam muito pobres para explicar o que aconteceu. Ao refletir sobre estes mist\u00e9rios veio-me \u00e0 mem\u00f3ria o encontro do Papa Francisco, no in\u00edcio de fevereiro passado, com pessoas cruelmente atingidas pela guerra no Leste da Rep\u00fablica do Congo \u2013 \u00c1frica. Crian\u00e7as, jovens e adultos narravam ao Papa as atrocidades que sofreram pessoalmente ou as presenciaram em rela\u00e7\u00e3o a familiares ou pessoas pr\u00f3ximas, como rapto dos bens e das pr\u00f3prias pessoas, quando estas n\u00e3o eram mortas violentamente diante delas. <\/span><span data-contrast=\"none\">Meninos e meninas diziam que somente queriam a paz, e se comprometiam a perdoar seus algozes e a viver em esp\u00edrito de fraternidade e reconcilia\u00e7\u00e3o para construir um futuro melhor em seu pa\u00eds. Colocaram diante de Cristo crucificado os objetos<\/span><span data-contrast=\"none\"> das agress\u00f5es e mortes, com palavras de perd\u00e3o: \u201c<\/span><i><span data-contrast=\"none\">Perdoamos nossos algozes. Eis porque coloco diante da Cruz de Cristo vencedor o fac\u00e3o igual ao que matou meu pai<\/span><\/i><span data-contrast=\"none\">\u201d. Outra crian\u00e7a dizia: \u201c<\/span><i><span data-contrast=\"none\">Pe\u00e7o a Cristo vitorioso na cruz que toque o cora\u00e7\u00e3o dos algozes para que libertem as outras crian\u00e7as que ainda est\u00e3o no mato<\/span><\/i><span data-contrast=\"none\">\u201d. Uma terceira ainda acrescentou: \u201c<\/span><i><span data-contrast=\"none\">Santidade, em tudo isto a Igreja continua a ser o \u00fanico ref\u00fagio que cura as nossas feridas e consola os nossos cora\u00e7\u00f5es por meio dos seus numerosos servi\u00e7os de apoio e conforto<\/span><\/i><span data-contrast=\"none\">\u201d. Dentro deste contexto desastroso dos fatos j\u00e1 consumados, lembrei da frase de Saint-Exupery: \u201c<\/span><i><span data-contrast=\"none\">Ternura in\u00fatil, mas ternura. Conselhos in\u00fateis, mas amigos<\/span><\/i><span data-contrast=\"none\">\u201d (Terra dos Homens). E mais do que isso, como crist\u00e3os, lembramos o Evangelho da Paix\u00e3o, quando Jesus dizia, pendente na cruz: \u201c<\/span><i><span data-contrast=\"none\">Pai, perdoa-lhes! Eles n\u00e3o sabem o que fazem<\/span><\/i><span data-contrast=\"none\">\u201d<\/span><i><span data-contrast=\"none\">! <\/span><\/i><span data-contrast=\"none\">(Lc 23, 34). A atitude das pessoas que narraram as crueldades, com esp\u00edrito de perd\u00e3o e de proposta de recome\u00e7o, fala por si e faz silenciar os cora\u00e7\u00f5es.<\/span><span data-ccp-props=\"{&quot;201341983&quot;:0,&quot;335551550&quot;:6,&quot;335551620&quot;:6,&quot;335559731&quot;:708,&quot;335559739&quot;:0,&quot;335559740&quot;:240}\">\u00a0<\/span><\/p>\n<p style=\"text-align: justify;\"><span data-contrast=\"none\">O Papa Francisco <\/span><span data-contrast=\"none\">ouviu os relatos angustiantes das v\u00edtimas dos conflitos, incluindo estupro, amputa\u00e7\u00e3o, canibalismo for\u00e7ado e escravid\u00e3o sexual, al\u00e9m de outros. Tendo estas pessoas ajoelhadas diante de si, n<\/span><span data-contrast=\"none\">um primeiro momento, o Papa, sensivelmente abalado com as narrativas, apenas imp\u00f4s carinhosamente as m\u00e3os e disse: \u201c<\/span><i><span data-contrast=\"none\">Diante da viol\u00eancia desumana que viram com seus olhos e experimentaram na pr\u00f3pria pele, ficamos impressionados. E n\u00e3o h\u00e1 palavras; s\u00f3 chorar, ficando em sil\u00eancio<\/span><\/i><span data-contrast=\"none\">\u201d.<\/span><span data-ccp-props=\"{&quot;201341983&quot;:0,&quot;335551550&quot;:6,&quot;335551620&quot;:6,&quot;335559731&quot;:708,&quot;335559739&quot;:0,&quot;335559740&quot;:240}\">\u00a0<\/span><\/p>\n<p style=\"text-align: justify;\"><span data-contrast=\"none\">Em seguida o Papa emitiu um discurso de fortes admoesta\u00e7\u00f5es, criticando as atrocidades como crimes de guerra: <\/span><span data-contrast=\"none\">\u201c<\/span><i><span data-contrast=\"none\">Chega! Chega de enriquecer \u00e0s custas dos mais fracos, chega de enriquecer com recursos e dinheiro manchados de sangue<\/span><\/i><span data-contrast=\"none\">\u201d<\/span><i><span data-contrast=\"none\">!<\/span><\/i><span data-contrast=\"none\"> Com o mesmo teor, num encontro com diplomatas e outras autoridades, afirmou profeticamente: \u201c<\/span><i><span data-contrast=\"none\">\u00c9 tr\u00e1gico que o continente africano pade\u00e7a de v\u00e1rias formas de explora\u00e7\u00e3o. (&#8230;) Depois da explora\u00e7\u00e3o pol\u00edtica, desencadeou-se um &#8216;colonialismo econ\u00f4mico&#8217;, igualmente escravizador. (&#8230;) Este pa\u00eds e este continente merecem ser respeitados e ouvidos, merecem espa\u00e7o e aten\u00e7\u00e3o. Tirem as m\u00e3os da Rep\u00fablica Democr\u00e1tica do Congo, tirem as m\u00e3os da \u00c1frica! Chega de sufocar a \u00c1frica: ela n\u00e3o \u00e9 uma mina para explorar, nem uma terra para saquear. Que a \u00c1frica seja protagonista do seu pr\u00f3prio destino<\/span><\/i><span data-contrast=\"none\">\u201d<\/span><i><span data-contrast=\"none\">!<\/span><\/i><span data-contrast=\"none\"> E acrescentou Francisco: \u201c<\/span><i><span data-contrast=\"none\">O veneno da gan\u00e2ncia tornou os seus diamantes ensanguentados. \u00c9 um drama diante do qual, muitas vezes, o mundo economicamente mais desenvolvido fecha os olhos, os ouvidos e a boca<\/span><\/i><span data-contrast=\"none\">\u201d. Finalmente, o Papa Francisco fez veemente apelo \u00e0 paz, pois somente ela pode desencadear a esperan\u00e7a de novo futuro. A P\u00e1scoa seja ocasi\u00e3o de Paz para n\u00f3s e toda humanidade.<\/span><span data-ccp-props=\"{&quot;201341983&quot;:0,&quot;335551550&quot;:6,&quot;335551620&quot;:6,&quot;335559731&quot;:708,&quot;335559739&quot;:0,&quot;335559740&quot;:240}\">\u00a0<\/span><\/p>\n<p>&nbsp;<\/p>\n","protected":false},"excerpt":{"rendered":"<p>Dom Alo\u00edsio Alberto Dilli Bispo de Santa Cruz do Sul (RS) &nbsp; Caros diocesanos. Estamos vivendo a Semana Santa, com suas solenes celebra\u00e7\u00f5es que tornam presente os mist\u00e9rios da morte e da ressurrei\u00e7\u00e3o de Jesus Cristo, na vida da Igreja e do mundo. Diante do infinito amor de Deus, revelado sobretudo no sofrimento e na &hellip;<\/p>\n<p class=\"read-more\"> <a class=\"\" href=\"https:\/\/www.cnbb.org.br\/pascoa-ocasiao-de-conversao-e-de-perdao\/\"> <span class=\"screen-reader-text\">P\u00e1scoa &#8211; ocasi\u00e3o de convers\u00e3o e de perd\u00e3o<\/span> Leia mais &raquo;<\/a><\/p>\n","protected":false},"author":33,"featured_media":0,"comment_status":"open","ping_status":"open","sticky":false,"template":"","format":"standard","meta":{"site-sidebar-layout":"default","site-content-layout":"default","ast-global-header-display":"","ast-banner-title-visibility":"","ast-main-header-display":"","ast-hfb-above-header-display":"","ast-hfb-below-header-display":"","ast-hfb-mobile-header-display":"","site-post-title":"","ast-breadcrumbs-content":"","ast-featured-img":"","footer-sml-layout":"","theme-transparent-header-meta":"default","adv-header-id-meta":"","stick-header-meta":"","header-above-stick-meta":"","header-main-stick-meta":"","header-below-stick-meta":""},"categories":[758],"tags":[],"acf":[],"_links":{"self":[{"href":"https:\/\/www.cnbb.org.br\/cnbb-app\/wp\/v2\/posts\/942130"}],"collection":[{"href":"https:\/\/www.cnbb.org.br\/cnbb-app\/wp\/v2\/posts"}],"about":[{"href":"https:\/\/www.cnbb.org.br\/cnbb-app\/wp\/v2\/types\/post"}],"author":[{"embeddable":true,"href":"https:\/\/www.cnbb.org.br\/cnbb-app\/wp\/v2\/users\/33"}],"replies":[{"embeddable":true,"href":"https:\/\/www.cnbb.org.br\/cnbb-app\/wp\/v2\/comments?post=942130"}],"version-history":[{"count":2,"href":"https:\/\/www.cnbb.org.br\/cnbb-app\/wp\/v2\/posts\/942130\/revisions"}],"predecessor-version":[{"id":942132,"href":"https:\/\/www.cnbb.org.br\/cnbb-app\/wp\/v2\/posts\/942130\/revisions\/942132"}],"wp:attachment":[{"href":"https:\/\/www.cnbb.org.br\/cnbb-app\/wp\/v2\/media?parent=942130"}],"wp:term":[{"taxonomy":"category","embeddable":true,"href":"https:\/\/www.cnbb.org.br\/cnbb-app\/wp\/v2\/categories?post=942130"},{"taxonomy":"post_tag","embeddable":true,"href":"https:\/\/www.cnbb.org.br\/cnbb-app\/wp\/v2\/tags?post=942130"}],"curies":[{"name":"wp","href":"https:\/\/api.w.org\/{rel}","templated":true}]}}