{"id":942197,"date":"2023-04-05T11:16:26","date_gmt":"2023-04-05T14:16:26","guid":{"rendered":"https:\/\/www.cnbb.org.br\/?p=942197"},"modified":"2023-04-05T11:24:51","modified_gmt":"2023-04-05T14:24:51","slug":"o-triduo-pascal-e-a-pascoa-de-jesus-cristo","status":"publish","type":"post","link":"https:\/\/www.cnbb.org.br\/o-triduo-pascal-e-a-pascoa-de-jesus-cristo\/","title":{"rendered":"O Tr\u00edduo Pascal e a P\u00e1scoa de Jesus Cristo"},"content":{"rendered":"<p class=\"x_MsoNormal\" style=\"text-align: right;\" align=\"center\"><b>Dom Adelar Baruffi<br \/>\n<\/b><b>Arcebispo de Cascavel (PR)<\/b><\/p>\n<p align=\"center\">\n<p class=\"x_MsoNormal\" style=\"text-align: justify;\">\u00a0\u00a0\u00a0\u00a0\u00a0\u00a0\u00a0\u00a0\u00a0\u00a0\u00a0 Celebramos a P\u00e1scoa do Senhor. Faremos isso em tr\u00eas dias, que chamamos de Tr\u00edduo Pascal. Preparamos nossa P\u00e1scoa desde o dia da Quarta-Feira de Cinzas, quando nos apresentamos numa Igreja e apresentamos a cabe\u00e7a para receber a imposi\u00e7\u00e3o das cinzas. Da\u00ed j\u00e1 se foram a nossa Quaresma, nossos quarenta dias, cheios de ora\u00e7\u00e3o, jejum e penit\u00eancia e a liturgia carregada de muitos s\u00edmbolos. Agora, por tr\u00eas dias, queremos celebrar tudo isso, com nosso cora\u00e7\u00e3o engrandecido. Fiquemos despertos. \u00c9 dia de rezar bastante. Afinal, o Senhor foi morto e ressuscitou!<\/p>\n<p class=\"x_MsoNormal\" style=\"text-align: justify;\">\u00a0\u00a0\u00a0\u00a0\u00a0\u00a0\u00a0\u00a0\u00a0\u00a0\u00a0 O Tr\u00edduo Pascal inicia na Missa Vespertina da Ceia do Senhor, na Quinta-feira Santa. O evangelho ser\u00e1 sempre aquele de Jo 13,1-15, que fala de Jesus Cristo, que lava os p\u00e9s dos ap\u00f3stolos. \u201cEra antes da festa da P\u00e1scoa. Jesus sabia que tinha chegado a sua hora de passar deste mundo para o Pai; tendo amado os seus que estavam no mundo, amou-os at\u00e9 o fim\u201d (Jo 13,1). E Jesus lava os p\u00e9s dos onze que est\u00e3o com ele. Este texto nos convida a refletir sobre o sentido da Eucaristia, do sacerd\u00f3cio e do amor fraterno. Depois de distribuir a eucaristia aos fi\u00e9is, os ministros s\u00e3o convidados a limpar o altar. Levamos para outro lugar o Cristo presente na Eucaristia e, no sil\u00eancio, sem rezar em voz alta, rezamos a Deus.<\/p>\n<p class=\"x_MsoNormal\" style=\"text-align: justify;\">\u00a0\u00a0\u00a0\u00a0\u00a0\u00a0\u00a0\u00a0\u00a0\u00a0\u00a0 O segundo dia do Tr\u00edduo Pascal \u00e9 a celebra\u00e7\u00e3o da Paix\u00e3o do Senhor, na Sexta-feira da Semana Santa. Sempre se celebra \u00e0s quinze horas, no momento em que Ele deu sua vida por n\u00f3s! N\u00e3o h\u00e1 celebra\u00e7\u00e3o da eucaristia neste dia. Tudo em sil\u00eancio. \u00c9 dia de jejum. Os bispos, padres e di\u00e1conos entram em prociss\u00e3o e, diante do altar, se prostram no sil\u00eancio. Depois, temos as leituras, que s\u00e3o profundas e significativas. Seguem-se a Ora\u00e7\u00e3o Universal. Ainda, temos o momento da \u201cAdora\u00e7\u00e3o da cruz\u201d. Aqui o presidente da celebra\u00e7\u00e3o canta: \u201cEis o lenho da cruz, do qual pendeu a salva\u00e7\u00e3o do mundo!\u201d E todo o povo responde: \u201cVinde, adoremos\u201d. \u00c9 o momento da celebra\u00e7\u00e3o e adora\u00e7\u00e3o da cruz de Cristo, que deu sua vida por n\u00f3s. Enfim, temos a comunh\u00e3o eucar\u00edstica, que se arruma o altar para esta finalidade. Depois o altar volta \u00e0 sua normalidade. Este \u00e9 um dia diferente, de mais sil\u00eancio, de maior ora\u00e7\u00e3o e, nosso cora\u00e7\u00e3o deve estar mais aberto a perdoar tudo o que for necess\u00e1rio.<\/p>\n<p class=\"x_MsoNormal\" style=\"text-align: justify;\">\u00a0\u00a0\u00a0\u00a0\u00a0\u00a0\u00a0\u00a0\u00a0\u00a0\u00a0 O terceiro dia, o \u201cGrande S\u00e1bado\u201d ou Vig\u00edlia Pascal na Noite Santa, recordemos Jesus Cristo que ressuscita. J\u00e1 \u00e9 noite! \u201cQue est\u00e1 acontecendo hoje? Um grande sil\u00eancio reina sobre a terra. Um grande sil\u00eancio e uma grande solid\u00e3o. Um grande sil\u00eancio, porque o Rei est\u00e1 dormindo; a terra estremeceu e ficou silenciosa, porque o Deus feito homem adormeceu e acordou os que dormiam h\u00e1 s\u00e9culos. Deus morreu na carne e despertou a mans\u00e3o dos mortos\u201d (Antiga homilia do Grande S\u00e1bado Santo). Vivemos o s\u00e1bado, em primeiro lugar, silencioso. Tudo nos fala muito. Antes de tudo, iniciamos fora da Igreja. Faz-se o acendimento do C\u00edrio Pascal, acompanhado das velas, com tr\u00eas vezes sendo cantado: \u201cEis a luz de Cristo!\u201d e o povo responde: \u201cDemos gra\u00e7as a Deus\u201d. Depois, temos uma s\u00e9rie longa da liturgia da palavra, s\u00e3o nove leituras e nove salmos diferentes. Fazemos com calma, sem pressa. Depois, temos a Liturgia Batismal, caso tenham sido preparados. Ainda a B\u00ean\u00e7\u00e3o da \u00c1gua Batismal. Depois, solenemente, elevamos a Deus Pai, nossa gratid\u00e3o, pela Liturgia Eucar\u00edstica. Hoje, \u00e9 dia de P\u00e1scoa!<\/p>\n<p class=\"x_MsoNormal\" style=\"text-align: justify;\">\u00a0\u00a0\u00a0\u00a0\u00a0\u00a0\u00a0\u00a0\u00a0\u00a0\u00a0 No dia seguinte, o Domingo da P\u00e1scoa, todos devem ir \u00e0 missa. Ningu\u00e9m pode faltar. \u00c9 dia do Senhor. Feliz e aben\u00e7oada P\u00e1scoa!<\/p>\n<p class=\"x_MsoNormal\" style=\"text-align: justify;\" align=\"center\">\n","protected":false},"excerpt":{"rendered":"<p>Dom Adelar Baruffi Arcebispo de Cascavel (PR) \u00a0\u00a0\u00a0\u00a0\u00a0\u00a0\u00a0\u00a0\u00a0\u00a0\u00a0 Celebramos a P\u00e1scoa do Senhor. Faremos isso em tr\u00eas dias, que chamamos de Tr\u00edduo Pascal. Preparamos nossa P\u00e1scoa desde o dia da Quarta-Feira de Cinzas, quando nos apresentamos numa Igreja e apresentamos a cabe\u00e7a para receber a imposi\u00e7\u00e3o das cinzas. Da\u00ed j\u00e1 se foram a nossa Quaresma, &hellip;<\/p>\n<p class=\"read-more\"> <a class=\"\" href=\"https:\/\/www.cnbb.org.br\/o-triduo-pascal-e-a-pascoa-de-jesus-cristo\/\"> <span class=\"screen-reader-text\">O Tr\u00edduo Pascal e a P\u00e1scoa de Jesus Cristo<\/span> Leia mais &raquo;<\/a><\/p>\n","protected":false},"author":26,"featured_media":0,"comment_status":"open","ping_status":"open","sticky":false,"template":"","format":"standard","meta":{"site-sidebar-layout":"default","site-content-layout":"default","ast-global-header-display":"","ast-banner-title-visibility":"","ast-main-header-display":"","ast-hfb-above-header-display":"","ast-hfb-below-header-display":"","ast-hfb-mobile-header-display":"","site-post-title":"","ast-breadcrumbs-content":"","ast-featured-img":"","footer-sml-layout":"","theme-transparent-header-meta":"default","adv-header-id-meta":"","stick-header-meta":"","header-above-stick-meta":"","header-main-stick-meta":"","header-below-stick-meta":""},"categories":[758,1837],"tags":[],"acf":[],"_links":{"self":[{"href":"https:\/\/www.cnbb.org.br\/cnbb-app\/wp\/v2\/posts\/942197"}],"collection":[{"href":"https:\/\/www.cnbb.org.br\/cnbb-app\/wp\/v2\/posts"}],"about":[{"href":"https:\/\/www.cnbb.org.br\/cnbb-app\/wp\/v2\/types\/post"}],"author":[{"embeddable":true,"href":"https:\/\/www.cnbb.org.br\/cnbb-app\/wp\/v2\/users\/26"}],"replies":[{"embeddable":true,"href":"https:\/\/www.cnbb.org.br\/cnbb-app\/wp\/v2\/comments?post=942197"}],"version-history":[{"count":1,"href":"https:\/\/www.cnbb.org.br\/cnbb-app\/wp\/v2\/posts\/942197\/revisions"}],"predecessor-version":[{"id":942200,"href":"https:\/\/www.cnbb.org.br\/cnbb-app\/wp\/v2\/posts\/942197\/revisions\/942200"}],"wp:attachment":[{"href":"https:\/\/www.cnbb.org.br\/cnbb-app\/wp\/v2\/media?parent=942197"}],"wp:term":[{"taxonomy":"category","embeddable":true,"href":"https:\/\/www.cnbb.org.br\/cnbb-app\/wp\/v2\/categories?post=942197"},{"taxonomy":"post_tag","embeddable":true,"href":"https:\/\/www.cnbb.org.br\/cnbb-app\/wp\/v2\/tags?post=942197"}],"curies":[{"name":"wp","href":"https:\/\/api.w.org\/{rel}","templated":true}]}}