{"id":9422,"date":"2011-08-05T00:00:00","date_gmt":"2011-08-05T03:00:00","guid":{"rendered":"https:\/\/www.cnbb.org.br\/ccm-e-comissao-da-cnbb-realizam-curso-de-extensao-para-missionarios-enviados-a-amazonia\/"},"modified":"2020-03-11T20:04:24","modified_gmt":"2020-03-11T23:04:24","slug":"ccm-e-comissao-da-cnbb-realizam-curso-de-extensao-para-missionarios-enviados-a-amazonia","status":"publish","type":"post","link":"https:\/\/www.cnbb.org.br\/ccm-e-comissao-da-cnbb-realizam-curso-de-extensao-para-missionarios-enviados-a-amazonia\/","title":{"rendered":"CCM e Comiss\u00e3o da CNBB realizam curso de extens\u00e3o para mission\u00e1rios"},"content":{"rendered":"<p style=\"text-align: justify\">O Centro Cultural Mission\u00e1rio (CCM) e a Comiss\u00e3o Episcopal Pastoral para a Amaz\u00f4nia da Confer\u00eancia Nacional dos Bispos do Brasil (CNBB) deram in\u00edcio, no CCM, em Bras\u00edlia, ao Curso de Forma\u00e7\u00e3o para Mission\u00e1rios que atuam no Brasil com enfoque na Amaz\u00f4nia.<\/p>\n<p>  <!--more-->  <\/p>\n<p style=\"text-align: justify\">Este ano, a forma\u00e7\u00e3o conta com a parceria do Instituto Superior de Filosofia Berthier (IFIBE) de Passo Fundo (RS), sendo reconhecido como curso de extens\u00e3o, de qualifica\u00e7\u00e3o e capacita\u00e7\u00e3o, para mission\u00e1rios enviados a regi\u00f5es e situa\u00e7\u00f5es tipicamente mission\u00e1rias no Brasil. O grupo dos participantes \u00e9 formado por 21 mission\u00e1rios leigos, religiosos e presb\u00edteros de todo Brasil, enviados especialmente para as regi\u00f5es amaz\u00f4nicas.<\/p>\n<p style=\"text-align: justify\">De acordo com o diretor do CCM, padre Est\u00eav\u00e3o Raschietti, o curso visa fornecer mecanismos te\u00f3ricos e pr\u00e1ticos para que os participantes possam desenvolver a a\u00e7\u00e3o mission\u00e1ria de maneira mais eficiente nos campos de atua\u00e7\u00e3o. \u201c\u00c9 preciso fornecer aos participantes referenciais essenciais te\u00f3ricos e pr\u00e1ticos para a a\u00e7\u00e3o mission\u00e1ria, recorrendo a v\u00e1rios tipos de media\u00e7\u00f5es inter-disciplinares, como tamb\u00e9m proporcionar momentos de discernimento participativo, de revigoramento espiritual e de atualiza\u00e7\u00e3o sobre os caminhos da Igreja no Brasil\u201d, disse.<\/p>\n<p style=\"text-align: justify\">Ainda segundo o diretor, o curso tem o objetivo de \u201caprofundar as motiva\u00e7\u00f5es pessoais, a pr\u00f3pria compreens\u00e3o da miss\u00e3o, a vis\u00e3o dos desafios mission\u00e1rios, os fundamentos b\u00edblicos e teol\u00f3gicos\u201d.<\/p>\n<p style=\"text-align: justify\">Para a assessora da Comiss\u00e3o para a Amaz\u00f4nia da CNBB, irm\u00e3 Maria Irene Lopes, \u201ca forma\u00e7\u00e3o dos mission\u00e1rios \u00e9 um fator b\u00e1sico para o desenvolvimento das atividades. Esse curso quer proporcionar um importante momento de reflex\u00e3o e antes de partir para essa experi\u00eancia tremenda e fascinante de tornarem-se h\u00f3spedes na casa dos outros\u201d.<\/p>\n<p style=\"text-align: justify\"><strong>A pessoa do mission\u00e1rio<\/strong><\/p>\n<p style=\"text-align: justify\">Este \u00e9 o foco do curso que come\u00e7a pela dimens\u00e3o humano-afetiva da miss\u00e3o, com a media\u00e7\u00e3o da psicologia, para indagar sobre as motiva\u00e7\u00f5es que levam \u00e0 miss\u00e3o. Passa pela dimens\u00e3o b\u00edblica, para discernir as ra\u00edzes da miss\u00e3o na caminhada do povo de Deus, de Jesus e da comunidade dos disc\u00edpulos.O curso continua com a dimens\u00e3o hist\u00f3rica, para aprender com aqueles que nos antecederam. Encara os desafios de hoje com a dimens\u00e3o antropol\u00f3gica, buscando instrumentos de an\u00e1lise na antropologia cultural, na sociologia e nas ci\u00eancias da religi\u00e3o.<\/p>\n<p style=\"text-align: justify\">H\u00e1 ainda um aprofundamento nos conhecimentos da doutrina da Igreja sobre a miss\u00e3o, com a dimens\u00e3o teol\u00f3gica e os documentos do magist\u00e9rio. Na dimens\u00e3o pr\u00e1tica, afina a capacita\u00e7\u00e3o, considerando as exig\u00eancias pedag\u00f3gicas, metodol\u00f3gicas e administrativas da a\u00e7\u00e3o evangelizadora e conclui, enfim, com a dimens\u00e3o espiritual, deixando que a gra\u00e7a de Deus penetre e transforme toda miss\u00e3o.<\/p>\n<p style=\"text-align: justify\">Cada abordagem tem 20 horas\/aula. O curso prev\u00ea tamb\u00e9m tr\u00eas sess\u00f5es \u00e0 noite e um dia inteiro de confer\u00eancias e debates sobre a realidade da Amaz\u00f4nia. A dura\u00e7\u00e3o do curso \u00e9 de tr\u00eas semanas e tr\u00eas dias. Teve in\u00edcio no dia 31 de julho e segue at\u00e9 21 de agosto.<\/p>\n","protected":false},"excerpt":{"rendered":"<p>O Centro Cultural Mission\u00e1rio (CCM) e a Comiss\u00e3o Episcopal Pastoral para a Amaz\u00f4nia da Confer\u00eancia Nacional dos Bispos do Brasil (CNBB) deram in\u00edcio, no CCM, em Bras\u00edlia, ao Curso de Forma\u00e7\u00e3o para Mission\u00e1rios que atuam no Brasil com enfoque na Amaz\u00f4nia.<\/p>\n","protected":false},"author":83,"featured_media":9423,"comment_status":"open","ping_status":"open","sticky":false,"template":"","format":"standard","meta":{"site-sidebar-layout":"default","site-content-layout":"default","ast-global-header-display":"","ast-banner-title-visibility":"","ast-main-header-display":"","ast-hfb-above-header-display":"","ast-hfb-below-header-display":"","ast-hfb-mobile-header-display":"","site-post-title":"","ast-breadcrumbs-content":"","ast-featured-img":"","footer-sml-layout":"","theme-transparent-header-meta":"","adv-header-id-meta":"","stick-header-meta":"","header-above-stick-meta":"","header-main-stick-meta":"","header-below-stick-meta":""},"categories":[854,878],"tags":[],"acf":[],"_links":{"self":[{"href":"https:\/\/www.cnbb.org.br\/cnbb-app\/wp\/v2\/posts\/9422"}],"collection":[{"href":"https:\/\/www.cnbb.org.br\/cnbb-app\/wp\/v2\/posts"}],"about":[{"href":"https:\/\/www.cnbb.org.br\/cnbb-app\/wp\/v2\/types\/post"}],"author":[{"embeddable":true,"href":"https:\/\/www.cnbb.org.br\/cnbb-app\/wp\/v2\/users\/83"}],"replies":[{"embeddable":true,"href":"https:\/\/www.cnbb.org.br\/cnbb-app\/wp\/v2\/comments?post=9422"}],"version-history":[{"count":0,"href":"https:\/\/www.cnbb.org.br\/cnbb-app\/wp\/v2\/posts\/9422\/revisions"}],"wp:featuredmedia":[{"embeddable":true,"href":"https:\/\/www.cnbb.org.br\/cnbb-app\/wp\/v2\/media\/9423"}],"wp:attachment":[{"href":"https:\/\/www.cnbb.org.br\/cnbb-app\/wp\/v2\/media?parent=9422"}],"wp:term":[{"taxonomy":"category","embeddable":true,"href":"https:\/\/www.cnbb.org.br\/cnbb-app\/wp\/v2\/categories?post=9422"},{"taxonomy":"post_tag","embeddable":true,"href":"https:\/\/www.cnbb.org.br\/cnbb-app\/wp\/v2\/tags?post=9422"}],"curies":[{"name":"wp","href":"https:\/\/api.w.org\/{rel}","templated":true}]}}