{"id":942359,"date":"2023-04-10T13:25:53","date_gmt":"2023-04-10T16:25:53","guid":{"rendered":"https:\/\/www.cnbb.org.br\/?p=942359"},"modified":"2023-04-10T13:25:53","modified_gmt":"2023-04-10T16:25:53","slug":"papa-francisco-tira-duvidas-de-jovens","status":"publish","type":"post","link":"https:\/\/www.cnbb.org.br\/papa-francisco-tira-duvidas-de-jovens\/","title":{"rendered":"Papa Francisco tira d\u00favidas de jovens sobre principais preocupa\u00e7\u00f5es em rela\u00e7\u00e3o \u00e0s posi\u00e7\u00f5es da Igreja"},"content":{"rendered":"<p style=\"text-align: justify;\">O longa-metragem &#8220;Am\u00e9n. Francis responde&#8221;, lan\u00e7ado na quarta-feira, 5 de abril, apresenta uma conversa de mais de uma hora entre o Pont\u00edfice e 10 jovens &#8211; quase todos distantes da Igreja &#8211; que o questionam sobre as principais preocupa\u00e7\u00f5es de sua gera\u00e7\u00e3o em rela\u00e7\u00e3o \u00e0s posi\u00e7\u00f5es da Igreja: identidade sexual, feminismo, aborto, migra\u00e7\u00e3o, abusos, perda da f\u00e9 e o papel da mulher. O Papa acolhe e responde a tudo.<\/p>\n<p style=\"text-align: justify;\">Relaxado, sorridente e brincalh\u00e3o e, em outros momentos, muito s\u00e9rio, comovido e desolado. Mas sempre pronto a responder sem meios termos a cada uma das complexas perguntas que lhe s\u00e3o feitas por jovens de todo o mundo. \u00c9 assim que o Papa se mostra em &#8216;Am\u00e9n. Francisco responde&#8221;, um document\u00e1rio de 83 minutos dirigido pelos espanh\u00f3is Jordi \u00c9vole e M\u00e0rius S\u00e1nchez, e lan\u00e7ado na quarta-feira, 5 de abril, na plataforma de streaming Disney+.<\/p>\n<p style=\"text-align: justify;\">O longa-metragem foi filmado em junho de 2022 em um pr\u00e9dio no bairro Pigneto, em Roma, quando o Papa sofria de fortes dores em seu joelho direito. \u00c9 por isso que ele parece fr\u00e1gil ao caminhar, mas n\u00e3o ao responder \u00e0s perguntas urgentes dos seus interlocutores, todos de l\u00edngua espanhola, entre 20 e 25 anos de idade, da Espanha, Senegal, Argentina, Estados Unidos, Peru e Col\u00f4mbia. Mesmo se no in\u00edcio parecem agitados pelo di\u00e1logo iminente com o chefe da Igreja Cat\u00f3lica, ap\u00f3s a chegada de Francisco logo passam da timidez \u00e0 confian\u00e7a, e \u00e0s vezes \u00e0 ousadia, tratando, entre outros temas, do papel da mulher na Igreja, do feminismo e do aborto, do testemunho da f\u00e9 e da sua perda, da identidade sexual, do drama da migra\u00e7\u00e3o e do racismo.<\/p>\n<h3 style=\"text-align: justify;\"><strong>&#8220;Eles n\u00e3o me pagam nada&#8221;<\/strong><\/h3>\n<p style=\"text-align: justify;\">O gelo \u00e9 quebrado pelo pr\u00f3prio Francisco, que toma a iniciativa e, com uma imagem simb\u00f3lica do futebol, e diz: &#8220;bola no centro, que comece o jogo&#8221;. Imediatamente V\u00edctor, que se define como agn\u00f3stico, pergunta-lhe se recebe um sal\u00e1rio por seu trabalho e o Papa n\u00e3o hesita em responder: &#8220;n\u00e3o, n\u00e3o me pagam! E quando preciso de dinheiro para comprar sapatos ou outra coisa, vou e pe\u00e7o. Eu n\u00e3o tenho um sal\u00e1rio, mas isso n\u00e3o me preocupa, porque sei que me d\u00e3o de comer de gra\u00e7a&#8221;. Depois, conta aos jovens que seu estilo de vida \u00e9 bastante simples, &#8220;como aquele de um trabalhador de escrit\u00f3rio&#8221;, e que para uma despesa maior, prefere n\u00e3o sobrecarregar a Santa S\u00e9, mas pedir ajuda a outros.<\/p>\n<p style=\"text-align: justify;\">Com uma certa dose de ironia, explica aos jovens que quando v\u00ea que uma organiza\u00e7\u00e3o social que precisa de ajuda financeira, \u00e9 ele mesmo que os encoraja a pedir recursos, porque ele sabe bem onde encontrar e a quem recorrer. &#8220;Voc\u00ea pede, digo a eles, que de qualquer maneira aqui dentro todos roubam! Ent\u00e3o, eu sei onde se pode roubar e eu lhe envio o dinheiro. Com isso quero dizer que quando vejo que algu\u00e9m precisa ser ajudado, ent\u00e3o, sim, eu vou e pe\u00e7o ajuda \u00e0 pessoa encarregada&#8221;, afirma o Pont\u00edfice.<\/p>\n<p>Veja o trailer oficial:<\/p>\n<div class=\"ast-oembed-container\" style=\"height: 100%;\"><iframe loading=\"lazy\" title=\"AM\u00c9N: Francisco Responde | Trailer Oficial | Disney+\" width=\"500\" height=\"281\" src=\"https:\/\/www.youtube.com\/embed\/0pL0uCuf7Kg?feature=oembed\" frameborder=\"0\" allow=\"accelerometer; autoplay; clipboard-write; encrypted-media; gyroscope; picture-in-picture; web-share\" allowfullscreen><\/iframe><\/div>\n<p>&nbsp;<\/p>\n<p>&nbsp;<\/p>\n<pre>Por Felipe Herrera-Espaliat \/ Vatican News<\/pre>\n","protected":false},"excerpt":{"rendered":"<p>O longa-metragem &#8220;Am\u00e9n. Francis responde&#8221;, lan\u00e7ado na quarta-feira, 5 de abril, apresenta uma conversa entre o Pont\u00edfice e 10 jovens &#8211; quase todos distantes da Igreja &#8211; que o questionam sobre as principais preocupa\u00e7\u00f5es de sua gera\u00e7\u00e3o em rela\u00e7\u00e3o \u00e0s posi\u00e7\u00f5es da Igreja: identidade sexual, feminismo, aborto, migra\u00e7\u00e3o, abusos, perda da f\u00e9 e o papel da mulher<\/p>\n","protected":false},"author":141,"featured_media":942376,"comment_status":"open","ping_status":"open","sticky":false,"template":"","format":"standard","meta":{"site-sidebar-layout":"default","site-content-layout":"default","ast-global-header-display":"","ast-banner-title-visibility":"","ast-main-header-display":"","ast-hfb-above-header-display":"","ast-hfb-below-header-display":"","ast-hfb-mobile-header-display":"","site-post-title":"","ast-breadcrumbs-content":"","ast-featured-img":"","footer-sml-layout":"","theme-transparent-header-meta":"default","adv-header-id-meta":"","stick-header-meta":"","header-above-stick-meta":"","header-main-stick-meta":"","header-below-stick-meta":""},"categories":[50,1851],"tags":[4996,1199],"acf":[],"_links":{"self":[{"href":"https:\/\/www.cnbb.org.br\/cnbb-app\/wp\/v2\/posts\/942359"}],"collection":[{"href":"https:\/\/www.cnbb.org.br\/cnbb-app\/wp\/v2\/posts"}],"about":[{"href":"https:\/\/www.cnbb.org.br\/cnbb-app\/wp\/v2\/types\/post"}],"author":[{"embeddable":true,"href":"https:\/\/www.cnbb.org.br\/cnbb-app\/wp\/v2\/users\/141"}],"replies":[{"embeddable":true,"href":"https:\/\/www.cnbb.org.br\/cnbb-app\/wp\/v2\/comments?post=942359"}],"version-history":[{"count":7,"href":"https:\/\/www.cnbb.org.br\/cnbb-app\/wp\/v2\/posts\/942359\/revisions"}],"predecessor-version":[{"id":942384,"href":"https:\/\/www.cnbb.org.br\/cnbb-app\/wp\/v2\/posts\/942359\/revisions\/942384"}],"wp:featuredmedia":[{"embeddable":true,"href":"https:\/\/www.cnbb.org.br\/cnbb-app\/wp\/v2\/media\/942376"}],"wp:attachment":[{"href":"https:\/\/www.cnbb.org.br\/cnbb-app\/wp\/v2\/media?parent=942359"}],"wp:term":[{"taxonomy":"category","embeddable":true,"href":"https:\/\/www.cnbb.org.br\/cnbb-app\/wp\/v2\/categories?post=942359"},{"taxonomy":"post_tag","embeddable":true,"href":"https:\/\/www.cnbb.org.br\/cnbb-app\/wp\/v2\/tags?post=942359"}],"curies":[{"name":"wp","href":"https:\/\/api.w.org\/{rel}","templated":true}]}}