{"id":9424,"date":"2011-08-16T00:00:00","date_gmt":"2011-08-16T03:00:00","guid":{"rendered":"https:\/\/www.cnbb.org.br\/inicia-o-curso-de-extensao-para-missionarios-que-atuam-no-brasil\/"},"modified":"2020-03-11T20:04:24","modified_gmt":"2020-03-11T23:04:24","slug":"inicia-o-curso-de-extensao-para-missionarios-que-atuam-no-brasil","status":"publish","type":"post","link":"https:\/\/www.cnbb.org.br\/inicia-o-curso-de-extensao-para-missionarios-que-atuam-no-brasil\/","title":{"rendered":"Inicia o Curso de Extens\u00e3o para mission\u00e1rios que atuam no Brasil"},"content":{"rendered":"<p style=\"text-align: justify\">Teve in\u00edcio no dia 31 de julho, no Centro Cultural Mission\u00e1rio (CCM) em Bras\u00edlia, o Curso de Forma\u00e7\u00e3o para mission\u00e1rios que atuam no Brasil, com enfoque na Amaz\u00f4nia. O evento promovido pelo CCM juntamente \u00e0 Comiss\u00e3o Episcopal para Amaz\u00f4nia e a Confer\u00eancia dos Religiosos do Brasil (CRB), contou esse ano com a parceria do Instituto Superior de Filosofia Berthier (IFIBE), de Passo Fundo (RS), sendo reconhecido como curso de extens\u00e3o, de qualifica\u00e7\u00e3o e capacita\u00e7\u00e3o, para mission\u00e1rios enviados a regi\u00f5es e situa\u00e7\u00f5es tipicamente mission\u00e1rias no Brasil.<\/p>\n<p>  <!--more-->  <\/p>\n<p style=\"text-align: justify\">O grupo de participantes \u00e9 formado por 21 mission\u00e1rios leigos, religiosos e presb\u00edteros de v\u00e1rias partes do Brasil, enviados especialmente para as regi\u00f5es amaz\u00f4nicas. Segundo o diretor do CCM, padre Est\u00eav\u00e3o Raschietti, objetivo desta iniciativa \u00e9 &#8220;aprofundar as motiva\u00e7\u00f5es pessoais, a pr\u00f3pria compreens\u00e3o da miss\u00e3o, a vis\u00e3o dos desafios mission\u00e1rios, os fundamentos b\u00edblicos e teol\u00f3gicos. Al\u00e9m do mais \u00e9 preciso fornecer aos participantes referenciais essenciais te\u00f3ricos e pr\u00e1ticos para a a\u00e7\u00e3o mission\u00e1ria, recorrendo a v\u00e1rios tipos de media\u00e7\u00f5es inter-disciplinares, como tamb\u00e9m proporcionar momentos de discernimento participativo, de revigoramento espiritual e de atualiza\u00e7\u00e3o sobre os caminhos da Igreja no Brasil&#8221;, disse.<\/p>\n<p style=\"text-align: justify\">&#8220;A forma\u00e7\u00e3o dos mission\u00e1rios \u00e9 um fator b\u00e1sico para o desenvolvimento das atividades&#8221;, explicou a assessora da Comiss\u00e3o para a Amaz\u00f4nia, da CNBB, irm\u00e3 Maria Irene Lopes dos Santos. De acordo com a irm\u00e3 o curso quer proporcionar um importante momento de reflex\u00e3o e antes de partir para uma experi\u00eancia \u201ctremenda e fascinante de tornar-se h\u00f3spedes na casa dos outros&#8221;.<\/p>\n<p style=\"text-align: justify\">O padre Est\u00eav\u00e3o explicou a grade de programa\u00e7\u00e3o do curso. \u201cO foco do curso \u00e9 a pessoa do mission\u00e1rio e da mission\u00e1ria. Come\u00e7a pela dimens\u00e3o humano-afetiva da miss\u00e3o, com a media\u00e7\u00e3o da psicologia, para indagar sobre as motiva\u00e7\u00f5es que nos levam \u00e0 miss\u00e3o. Passa pela dimens\u00e3o b\u00edblica, para discernir as ra\u00edzes da miss\u00e3o na caminhada do povo de Deus, de Jesus e da comunidade dos disc\u00edpulos. Continua com a dimens\u00e3o hist\u00f3rica, para aprender com aqueles que nos antecederam. Encara os desafios de hoje com a dimens\u00e3o antropol\u00f3gica, buscando instrumentos de analise na antropologia cultural, na sociologia e nas ci\u00eancias da religi\u00e3o. Aprofunda os conhecimentos da doutrina da Igreja sobre a miss\u00e3o, com a dimens\u00e3o teol\u00f3gica e os documentos do magist\u00e9rio. Afina a capacita\u00e7\u00e3o na dimens\u00e3o pratica, considerando as exig\u00eancias pedag\u00f3gicas, metodol\u00f3gicas e administrativas da a\u00e7\u00e3o evangelizadora. Conclui, enfim, com a dimens\u00e3o espiritual, deixando que a gra\u00e7a de Deus penetre e transforme toda miss\u00e3o\u201d.<\/p>\n<p style=\"text-align: justify\">Cada abordagem tem 20 horas-aula. O curso prev\u00ea tamb\u00e9m tr\u00eas sess\u00f5es \u00e0 noite e um dia inteiro de confer\u00eancias e debates sobre a realidade da Amaz\u00f4nia. A dura\u00e7\u00e3o do curso \u00e9 de tr\u00eas semanas e tr\u00eas dias, e vai at\u00e9 21 de agosto.<\/p>\n<p style=\"text-align: justify\">Ontem, 15, os mission\u00e1rios visitaram a sede da Confer\u00eancia dos Religiosos do Brasil (CRB) e da Confer\u00eancia Nacional dos Bispos do Brasil, onde puderam conhecer, mais a fundo, as institui\u00e7\u00f5es da Igreja no Brasil.<\/p>\n<p style=\"text-align: justify\">Na CNBB, os mission\u00e1rios conheceram a din\u00e2mica da casa, em uma palestra feita pelo funcion\u00e1rio da Assessoria de Imprensa, Alex Barreto, que apresentou a estrutura da CNBB e a funcionabilidade do site da institui\u00e7\u00e3o. Em seguida o bispo em\u00e9rito de Ji-Paran\u00e1 (RO), dom Ant\u00f4nio Possamai, que est\u00e1 em Bras\u00edlia, fez um breve discurso aos mission\u00e1rios. O bispo falou da migra\u00e7\u00e3o dos povos do sul e sudeste para a regi\u00e3o amaz\u00f4nica e pediu respeito ao povo, a cultura, e a natureza.<\/p>\n<p style=\"text-align: justify\">Segundo Izalene Tiene, de Campinas (SP), assistente social aposentada e que se prepara para seguir em miss\u00e3o em Tabatinga (AM), Alto Solim\u00f5es, o curso tem uma fundamenta\u00e7\u00e3o interessante, uma missiologia forte e prepara\u00e7\u00e3o para a realidade da Amaz\u00f4nia. \u201cN\u00e3o estudamos pontos tur\u00edsticos, mas sim a realidade daquele povo\u201d, disse.<\/p>\n<p style=\"text-align: justify\">Para o padre Jo\u00e3o Selhorst, de Santa Catarina, que est\u00e1 em miss\u00e3o no Mato Grosso, mas est\u00e1 se preparando para ir para a Amaz\u00f4nia, explicou que o curso \u00e9 importante para aquele que est\u00e1 iniciando a sua miss\u00e3o. \u201cEu, quando fui para o Mato Grosso, n\u00e3o fiz o curso e me arrependo de n\u00e3o ter feito \u00e0 \u00e9poca. Agora fiz quest\u00e3o de curs\u00e1-lo e vejo que \u00e9 um aprendizado importante. \u00c9 uma bagagem interessante de conhecimento que levamos em nossa miss\u00e3o\u201d, ressaltou.<\/p>\n","protected":false},"excerpt":{"rendered":"<p>Teve in\u00edcio no dia 31 de julho, no Centro Cultural Mission\u00e1rio (CCM) em Bras\u00edlia, o Curso de Forma\u00e7\u00e3o para mission\u00e1rios que atuam no Brasil, com enfoque na Amaz\u00f4nia. O evento promovido pelo CCM juntamente \u00e0 Comiss\u00e3o Episcopal para Amaz\u00f4nia e a Confer\u00eancia dos Religiosos do Brasil (CRB), contou esse ano com a parceria do Instituto &hellip;<\/p>\n<p class=\"read-more\"> <a class=\"\" href=\"https:\/\/www.cnbb.org.br\/inicia-o-curso-de-extensao-para-missionarios-que-atuam-no-brasil\/\"> <span class=\"screen-reader-text\">Inicia o Curso de Extens\u00e3o para mission\u00e1rios que atuam no Brasil<\/span> Leia mais &raquo;<\/a><\/p>\n","protected":false},"author":83,"featured_media":9425,"comment_status":"open","ping_status":"open","sticky":false,"template":"","format":"standard","meta":{"site-sidebar-layout":"default","site-content-layout":"default","ast-global-header-display":"","ast-banner-title-visibility":"","ast-main-header-display":"","ast-hfb-above-header-display":"","ast-hfb-below-header-display":"","ast-hfb-mobile-header-display":"","site-post-title":"","ast-breadcrumbs-content":"","ast-featured-img":"","footer-sml-layout":"","theme-transparent-header-meta":"","adv-header-id-meta":"","stick-header-meta":"","header-above-stick-meta":"","header-main-stick-meta":"","header-below-stick-meta":""},"categories":[854,878],"tags":[],"acf":[],"_links":{"self":[{"href":"https:\/\/www.cnbb.org.br\/cnbb-app\/wp\/v2\/posts\/9424"}],"collection":[{"href":"https:\/\/www.cnbb.org.br\/cnbb-app\/wp\/v2\/posts"}],"about":[{"href":"https:\/\/www.cnbb.org.br\/cnbb-app\/wp\/v2\/types\/post"}],"author":[{"embeddable":true,"href":"https:\/\/www.cnbb.org.br\/cnbb-app\/wp\/v2\/users\/83"}],"replies":[{"embeddable":true,"href":"https:\/\/www.cnbb.org.br\/cnbb-app\/wp\/v2\/comments?post=9424"}],"version-history":[{"count":0,"href":"https:\/\/www.cnbb.org.br\/cnbb-app\/wp\/v2\/posts\/9424\/revisions"}],"wp:featuredmedia":[{"embeddable":true,"href":"https:\/\/www.cnbb.org.br\/cnbb-app\/wp\/v2\/media\/9425"}],"wp:attachment":[{"href":"https:\/\/www.cnbb.org.br\/cnbb-app\/wp\/v2\/media?parent=9424"}],"wp:term":[{"taxonomy":"category","embeddable":true,"href":"https:\/\/www.cnbb.org.br\/cnbb-app\/wp\/v2\/categories?post=9424"},{"taxonomy":"post_tag","embeddable":true,"href":"https:\/\/www.cnbb.org.br\/cnbb-app\/wp\/v2\/tags?post=9424"}],"curies":[{"name":"wp","href":"https:\/\/api.w.org\/{rel}","templated":true}]}}