{"id":942693,"date":"2023-04-13T15:55:21","date_gmt":"2023-04-13T18:55:21","guid":{"rendered":"https:\/\/www.cnbb.org.br\/?p=942693"},"modified":"2023-04-13T15:55:39","modified_gmt":"2023-04-13T18:55:39","slug":"o-sentido-da-pascoa-crista","status":"publish","type":"post","link":"https:\/\/www.cnbb.org.br\/o-sentido-da-pascoa-crista\/","title":{"rendered":"O sentido da P\u00e1scoa crist\u00e3"},"content":{"rendered":"<p style=\"text-align: right;\"><strong>Dom Vital Corbellini<br \/>\nBispo de Marab\u00e1 (PA)<\/strong><\/p>\n<p style=\"text-align: right;\"><strong> \u00a0<\/strong><\/p>\n<p style=\"text-align: justify;\"><span data-contrast=\"auto\">Desde os prim\u00f3rdios da Igreja celebrou-se o mist\u00e9rio da P\u00e1scoa crist\u00e3, pelo seu valor fundamental e salv\u00edfico relacionado \u00e0 vida crist\u00e3. O fato era que no cora\u00e7\u00e3o da P\u00e1scoa, comemoram os crist\u00e3os o mist\u00e9rio da reden\u00e7\u00e3o humana, mediante a morte e ressurrei\u00e7\u00e3o do Senhor Jesus. Pela P\u00e1scoa, a Igreja celebra a passagem da morte do Senhor para a vida divina.\u00a0<\/span><span data-ccp-props=\"{&quot;201341983&quot;:0,&quot;335551550&quot;:6,&quot;335551620&quot;:6,&quot;335559739&quot;:200,&quot;335559740&quot;:276}\">\u00a0<\/span><\/p>\n<p style=\"text-align: justify;\"><span data-contrast=\"auto\">Jesus Cristo ressuscitou dos mortos: Ele n\u00e3o est\u00e1 mais no sepulcro (Mt 28,6). Eles n\u00e3o tinham compreendido a Escritura, segundo a qual ele devia ressuscitar dos mortos (Jo 20, 9). O Senhor ressuscitado \u00e9 a prim\u00edcia da nova cria\u00e7\u00e3o. A Ressurrei\u00e7\u00e3o de Jesus \u00e9 o penhor da renova\u00e7\u00e3o do Universo. Jesus falou por diversas vezes que passaria pelos sofrimentos, morte, mas no terceiro dia ressuscitaria dos mortos. Para os ap\u00f3stolos, aquele linguajar era dif\u00edcil de compreender, o que ser\u00e1 dado s\u00f3 em Pentecostes.\u00a0<\/span><span data-ccp-props=\"{&quot;201341983&quot;:0,&quot;335551550&quot;:6,&quot;335551620&quot;:6,&quot;335559731&quot;:708,&quot;335559739&quot;:200,&quot;335559740&quot;:276}\">\u00a0<\/span><\/p>\n<p style=\"text-align: justify;\"><span data-contrast=\"auto\">As mulheres foram as primeiras anunciadoras da ressurrei\u00e7\u00e3o.<\/span><span data-ccp-props=\"{&quot;201341983&quot;:0,&quot;335551550&quot;:6,&quot;335551620&quot;:6,&quot;335559731&quot;:708,&quot;335559739&quot;:200,&quot;335559740&quot;:276}\">\u00a0<\/span><\/p>\n<p style=\"text-align: justify;\"><span data-contrast=\"auto\">Pela Palavra de Deus vemos a presen\u00e7a das mulheres como as primeiras anunciadoras da ressurrei\u00e7\u00e3o do Senhor. O evangelista Mateus colocou que no primeiro dia da semana, portanto no domingo, Maria Madalena e a outra Maria foram ao sepulcro. L\u00e1 encontraram o anjo que disse para as mulheres que Jesus n\u00e3o estava mais no sepulcro, ressuscitou como havia dito. Ele tamb\u00e9m disse que era para elas irem depressa contar aos disc\u00edpulos do Senhor Jesus que ele ressuscitou dos mortos. As mulheres ao sa\u00edrem do sepulcro, correram com alegria para dar a not\u00edcia aos disc\u00edpulos. O Senhor ressuscitado apareceu a elas dizendo que n\u00e3o era para ter medo, mas elas eram chamadas a anunciar aos irm\u00e3os para se dirigirem para a Galileia, porque l\u00e1 eles o veriam (Mt 28, 1-10).\u00a0<\/span><span data-ccp-props=\"{&quot;201341983&quot;:0,&quot;335551550&quot;:6,&quot;335551620&quot;:6,&quot;335559739&quot;:200,&quot;335559740&quot;:276}\">\u00a0<\/span><\/p>\n<p style=\"text-align: justify;\"><span data-contrast=\"auto\">Pelo evangelista Jo\u00e3o, recebeu Maria Madalena de Jesus a miss\u00e3o de anunciar aos disc\u00edpulos que Ele estava vivo, ressuscitou dos mortos. Ela chorava no t\u00famulo, e o Senhor a chamou pelo nome de modo que ela o identificou como Mestre. Mas Jesus disse-lhe para n\u00e3o a segurar porque ele n\u00e3o tinha ainda subido para junto do Pai. Mas ela era enviada para dizer aos irm\u00e3os, os disc\u00edpulos que Jesus sobe ao seu Pai e ao Pai dela e dos disc\u00edpulos, ao seu Deus e ao Deus dela e dos disc\u00edpulos. Jesus colocou a sua condi\u00e7\u00e3o divina, junto do Pai diferente da condi\u00e7\u00e3o humana em que Maria estava. Jesus \u00e9 Deus e homem, na qual est\u00e3o nele as naturezas humana e divina na \u00fanica pessoa do Verbo de Deus. Maria foi dizer aos disc\u00edpulos que ela viu o Senhor e contou o que Jesus lhe tinha dito (Jo 20, 16-18). \u00c9 importante analisar as considera\u00e7\u00f5es dos Padres da Igreja, os primeiros autores crist\u00e3os a respeito da ressurrei\u00e7\u00e3o do Senhor, da P\u00e1scoa crist\u00e3.\u00a0<\/span><span data-ccp-props=\"{&quot;201341983&quot;:0,&quot;335551550&quot;:6,&quot;335551620&quot;:6,&quot;335559739&quot;:200,&quot;335559740&quot;:276}\">\u00a0<\/span><\/p>\n<p style=\"text-align: justify;\"><span data-contrast=\"auto\">P\u00e1scoa: a passagem de Cristo para p\u00e1tria celeste.<\/span><span data-ccp-props=\"{&quot;201341983&quot;:0,&quot;335551550&quot;:6,&quot;335551620&quot;:6,&quot;335559739&quot;:200,&quot;335559740&quot;:276}\">\u00a0<\/span><\/p>\n<p style=\"text-align: justify;\"><span data-contrast=\"auto\">S\u00e3o Le\u00e3o Magno, Papa no s\u00e9culo V afirmou que a festa da P\u00e1scoa chamada pelos hebreus <\/span><i><span data-contrast=\"auto\">Phase<\/span><\/i><span data-contrast=\"auto\">, cujo significado era passagem, foi atestada pelo evangelista Jo\u00e3o, que antes da festa da P\u00e1scoa, Jesus sabia que estava chegando a sua hora de passar deste mundo para o Pai (Jo 13,1). A natureza que efetuaria a passagem era a humana, uma vez que o Pai estava de uma forma insepar\u00e1vel no Filho e o Filho no Pai. S\u00e3o Paulo colocou o ponto de que Deus o exaltou e lhe deu o nome que est\u00e1 acima de todo o nome (Fl 2,9). A exalta\u00e7\u00e3o da natureza humana foi assumida por ocasi\u00e3o da passagem da P\u00e1scoa. Com a sua paix\u00e3o, a divindade permaneceu indivisa, pois \u00e9 ele co-eterno na gl\u00f3ria de Deus Pai<\/span><span data-contrast=\"auto\">1<\/span><span data-contrast=\"auto\">.\u00a0<\/span><span data-ccp-props=\"{&quot;201341983&quot;:0,&quot;335551550&quot;:6,&quot;335551620&quot;:6,&quot;335559739&quot;:200,&quot;335559740&quot;:276}\">\u00a0<\/span><\/p>\n<p style=\"text-align: justify;\"><span data-contrast=\"auto\">A afirma\u00e7\u00e3o da natureza humana na P\u00e1scoa.<\/span><span data-ccp-props=\"{&quot;201341983&quot;:0,&quot;335551550&quot;:6,&quot;335551620&quot;:6,&quot;335559739&quot;:200,&quot;335559740&quot;:276}\">\u00a0<\/span><\/p>\n<p style=\"text-align: justify;\"><span data-contrast=\"auto\">S\u00e3o Le\u00e3o Magno tamb\u00e9m criticou as pessoas que n\u00e3o acreditassem que na P\u00e1scoa teve a exalta\u00e7\u00e3o humana de Jesus, de modo que n\u00e3o participavam da grande festa crist\u00e3. A P\u00e1scoa deu sentido a todas as coisas feitas pelo Senhor que como verdadeiro Filho de Deus, permaneceu nele, a natureza humana. O mist\u00e9rio da salva\u00e7\u00e3o aludiu \u00e0 festa pascal, porque a pessoa seguidora do Senhor n\u00e3o discordaria do Evangelho e nem do S\u00edmbolo para desta forma fazer bem a celebra\u00e7\u00e3o pascal. Jesus Cristo nasceu segundo a carne, padeceu a sua morte, e teve a sua ressurrei\u00e7\u00e3o de forma segundo a carne, a sua condi\u00e7\u00e3o corporal. N\u00e3o existe a separa\u00e7\u00e3o de sua divindade e de sua humanidade, na Pessoa do Verbo de Deus<\/span><span data-contrast=\"auto\">2<\/span><span data-contrast=\"auto\">.\u00a0<\/span><span data-ccp-props=\"{&quot;201341983&quot;:0,&quot;335551550&quot;:6,&quot;335551620&quot;:6,&quot;335559739&quot;:200,&quot;335559740&quot;:276}\">\u00a0<\/span><\/p>\n<p style=\"text-align: justify;\"><span data-contrast=\"auto\">Jesus passou pelo sofrimento \u00e0 ressurrei\u00e7\u00e3o<\/span><span data-ccp-props=\"{&quot;201341983&quot;:0,&quot;335551550&quot;:6,&quot;335551620&quot;:6,&quot;335559739&quot;:200,&quot;335559740&quot;:276}\">\u00a0<\/span><\/p>\n<p style=\"text-align: justify;\"><span data-contrast=\"auto\">Santo Anast\u00e1cio, bispo de Antioquia, no s\u00e9culo VI, afirmou que o Senhor enfrentou o sofrimento para chegar \u00e0 ressurrei\u00e7\u00e3o. A Sagrada Escritura previu que Jesus passaria pela morte. No entanto era fundamental afirmar segundo ele, que <\/span><span data-contrast=\"none\">nunca as pessoas afirmariam que era Deus se, ao contemplar a verdade da encarna\u00e7\u00e3o, o povo n\u00e3o encontrasse nela raz\u00f5es para proclamar, com clareza e justi\u00e7a, uma e outra coisa, ou seja, seu sofrimento e sua impassibilidade. Desta forma o Verbo de Deus passou pela morte em vista da salva\u00e7\u00e3o do ser humano<\/span><span data-contrast=\"none\">3<\/span><span data-contrast=\"none\">.\u00a0<\/span><span data-ccp-props=\"{&quot;201341983&quot;:0,&quot;335551550&quot;:6,&quot;335551620&quot;:6,&quot;335559739&quot;:200,&quot;335559740&quot;:276}\">\u00a0<\/span><\/p>\n<p style=\"text-align: justify;\"><span data-contrast=\"none\">A paix\u00e3o ligada com a P\u00e1scoa.<\/span><span data-ccp-props=\"{&quot;201341983&quot;:0,&quot;335551550&quot;:6,&quot;335551620&quot;:6,&quot;335559739&quot;:200,&quot;335559740&quot;:276}\">\u00a0<\/span><\/p>\n<p style=\"text-align: justify;\"><span data-contrast=\"none\">Numa homilia de um antigo autor an\u00f4nimo falou da Paix\u00e3o do Salvador em unidade com a P\u00e1scoa, a passagem de Jesus de sua morte para a vida. A Paix\u00e3o foi a salva\u00e7\u00e3o da vida humana. Ele quis morrer por todo o g\u00eanero humano para que crendo nele, todos vivessem para sempre. Ele quis tornar-se o que foi a vida humana para viver com ele para sempre. Foi assim o dom da P\u00e1scoa, esta esperada festa do ano, o inicio do da nova cria\u00e7\u00e3o. Ela afirmava tamb\u00e9m que naquela solenidade, os novos filhos e filhas que s\u00e3o gerados nas \u00e1guas vivificantes da santa Igreja, ouvem o balbuciar da sua consci\u00eancia inocente. Na festa da P\u00e1scoa, os pais e m\u00e3es crist\u00e3os obt\u00eam, por meio da f\u00e9, uma nova e inumer\u00e1vel descend\u00eancia e, \u00e0 sombra da \u00e1rvore da f\u00e9, brilha o esplendor dos c\u00edrios com o fulgor que irradia da pura fonte batismal <\/span><span data-contrast=\"none\">4<\/span><span data-contrast=\"none\">.<\/span><span data-ccp-props=\"{&quot;201341983&quot;:0,&quot;335551550&quot;:6,&quot;335551620&quot;:6,&quot;335559731&quot;:708,&quot;335559739&quot;:200,&quot;335559740&quot;:276}\">\u00a0<\/span><\/p>\n<p style=\"text-align: justify;\"><span data-contrast=\"auto\">A P\u00e1scoa \u00e9 a festa das festas na express\u00e3o de S\u00e3o Greg\u00f3rio de Nazianzo. Ela \u00e9 grande e sagrada, porque o Logos, a Palavra do Senhor venceu o pecado e a morte para dar a todos a luz divina, a vida verdadeira<\/span><span data-contrast=\"auto\">5<\/span><span data-contrast=\"auto\">. Ela engloba a toda a liturgia, pois o Senhor venceu a morte e ressurgiu glorioso do sepulcro, porque Deus Pai ressuscitou o seu Filho (At 10,40). Vivamos o esp\u00edrito pascal em nossas vidas de seguidores e seguidoras de Jesus Cristo na fam\u00edlia, na comunidade e na sociedade. Somos chamados a lutar pelo bem, pela justi\u00e7a e pelo amor a Deus, ao pr\u00f3ximo como a si mesmo, a partir da ressurrei\u00e7\u00e3o de Jesus.\u00a0<\/span><span data-ccp-props=\"{&quot;201341983&quot;:0,&quot;335551550&quot;:6,&quot;335551620&quot;:6,&quot;335559739&quot;:200,&quot;335559740&quot;:276}\">\u00a0<\/span><\/p>\n","protected":false},"excerpt":{"rendered":"<p>Dom Vital Corbellini Bispo de Marab\u00e1 (PA) \u00a0 Desde os prim\u00f3rdios da Igreja celebrou-se o mist\u00e9rio da P\u00e1scoa crist\u00e3, pelo seu valor fundamental e salv\u00edfico relacionado \u00e0 vida crist\u00e3. O fato era que no cora\u00e7\u00e3o da P\u00e1scoa, comemoram os crist\u00e3os o mist\u00e9rio da reden\u00e7\u00e3o humana, mediante a morte e ressurrei\u00e7\u00e3o do Senhor Jesus. Pela P\u00e1scoa, &hellip;<\/p>\n<p class=\"read-more\"> <a class=\"\" href=\"https:\/\/www.cnbb.org.br\/o-sentido-da-pascoa-crista\/\"> <span class=\"screen-reader-text\">O sentido da P\u00e1scoa crist\u00e3<\/span> Leia mais &raquo;<\/a><\/p>\n","protected":false},"author":16,"featured_media":0,"comment_status":"open","ping_status":"open","sticky":false,"template":"","format":"standard","meta":{"site-sidebar-layout":"default","site-content-layout":"default","ast-global-header-display":"","ast-banner-title-visibility":"","ast-main-header-display":"","ast-hfb-above-header-display":"","ast-hfb-below-header-display":"","ast-hfb-mobile-header-display":"","site-post-title":"","ast-breadcrumbs-content":"","ast-featured-img":"","footer-sml-layout":"","theme-transparent-header-meta":"default","adv-header-id-meta":"","stick-header-meta":"","header-above-stick-meta":"","header-main-stick-meta":"","header-below-stick-meta":""},"categories":[758],"tags":[],"acf":[],"_links":{"self":[{"href":"https:\/\/www.cnbb.org.br\/cnbb-app\/wp\/v2\/posts\/942693"}],"collection":[{"href":"https:\/\/www.cnbb.org.br\/cnbb-app\/wp\/v2\/posts"}],"about":[{"href":"https:\/\/www.cnbb.org.br\/cnbb-app\/wp\/v2\/types\/post"}],"author":[{"embeddable":true,"href":"https:\/\/www.cnbb.org.br\/cnbb-app\/wp\/v2\/users\/16"}],"replies":[{"embeddable":true,"href":"https:\/\/www.cnbb.org.br\/cnbb-app\/wp\/v2\/comments?post=942693"}],"version-history":[{"count":1,"href":"https:\/\/www.cnbb.org.br\/cnbb-app\/wp\/v2\/posts\/942693\/revisions"}],"predecessor-version":[{"id":942694,"href":"https:\/\/www.cnbb.org.br\/cnbb-app\/wp\/v2\/posts\/942693\/revisions\/942694"}],"wp:attachment":[{"href":"https:\/\/www.cnbb.org.br\/cnbb-app\/wp\/v2\/media?parent=942693"}],"wp:term":[{"taxonomy":"category","embeddable":true,"href":"https:\/\/www.cnbb.org.br\/cnbb-app\/wp\/v2\/categories?post=942693"},{"taxonomy":"post_tag","embeddable":true,"href":"https:\/\/www.cnbb.org.br\/cnbb-app\/wp\/v2\/tags?post=942693"}],"curies":[{"name":"wp","href":"https:\/\/api.w.org\/{rel}","templated":true}]}}