{"id":943433,"date":"2023-04-25T07:43:10","date_gmt":"2023-04-25T10:43:10","guid":{"rendered":"https:\/\/www.cnbb.org.br\/?p=943433"},"modified":"2023-04-25T07:43:38","modified_gmt":"2023-04-25T10:43:38","slug":"adote-um-padre","status":"publish","type":"post","link":"https:\/\/www.cnbb.org.br\/adote-um-padre\/","title":{"rendered":"Adote um padre"},"content":{"rendered":"<p style=\"text-align: right;\"><strong>Dom Murilo S.R. Krieger<\/strong><br \/>\n<strong>Arcebispo de Salvador (BA)<\/strong><\/p>\n<p>&nbsp;<\/p>\n<p style=\"text-align: justify;\">A Igreja no Brasil est\u00e1 vivendo, em 2023, o 3\u00ba Ano Vocacional, com o tema: \u201cVoca\u00e7\u00e3o: gra\u00e7a e miss\u00e3o\u201d, e o lema: \u201cCora\u00e7\u00f5es ardentes, p\u00e9s a caminho\u201d (cf. Lc 24,32-33).<\/p>\n<p style=\"text-align: justify;\">Gra\u00e7as \u00e0s reflex\u00f5es e textos do Conc\u00edlio Ecum\u00eanico Vaticano II (1962-1965), houve uma reviravolta na maneira de se abordar a quest\u00e3o das voca\u00e7\u00f5es na vida da Igreja. At\u00e9 ent\u00e3o, falar de voca\u00e7\u00f5es era referir-se particularmente \u00e0s voca\u00e7\u00f5es sacerdotais. A partir do Conc\u00edlio Vaticano II, os horizontes tornaram-se mais amplos: passou-se a insistir, primeiramente, na voca\u00e7\u00e3o de todos \u00e0 santidade. Pelo batismo, Deus nos chama \u2013 chama cada batizado \u2013 a ser santo. Num segundo momento \u00e9 que se vai pensar nas voca\u00e7\u00f5es espec\u00edficas \u2013 isto \u00e9, na voca\u00e7\u00e3o dos crist\u00e3os leigos e leigas, na dos religiosos e religiosas, e na voca\u00e7\u00e3o dos ministros ordenados (di\u00e1conos, presb\u00edteros e bispos).<\/p>\n<p style=\"text-align: justify;\">Fiz essa introdu\u00e7\u00e3o para deixar claro que n\u00e3o ignoro a import\u00e2ncia de todas as voca\u00e7\u00f5es. A partir de minha viv\u00eancia episcopal \u2013 trinta e oito anos como bispo, em quatro dioceses diferentes \u2013convenci-me profundamente de quanto \u00e9 importante, para nossas comunidades, a presen\u00e7a e a atua\u00e7\u00e3o do sacerdote. N\u00e3o h\u00e1 novidade nisso. O pr\u00f3prio Vaticano II j\u00e1 havia afirmado que \u201cos presb\u00edteros, quer se entreguem \u00e0 ora\u00e7\u00e3o e \u00e0 adora\u00e7\u00e3o, quer preguem a palavra de Deus, quer ofere\u00e7am o sacrif\u00edcio eucar\u00edstico e administrem os demais sacramentos, quer exer\u00e7am outros minist\u00e9rios a favor dos homens, concorrem n\u00e3o s\u00f3 para aumentar a gl\u00f3ria de Deus, mas tamb\u00e9m para fazer progredir os homens na vida divina\u201d (PO, 2).<\/p>\n<p style=\"text-align: justify;\">A vida dos sacerdotes sempre foi exigente. E nem poderia ser diferente, j\u00e1 que s\u00e3o chamados a continuar a miss\u00e3o de Cristo, o Bom Pastor. Em nossos tempos, por\u00e9m, os desafios se multiplicam e exigem respostas s\u00e1bias, decis\u00f5es imediatas e constantes posicionamentos sobre os mais diversos temas. Portanto, quanto mais santo e s\u00e1bio for o presb\u00edtero, mais e melhor servir\u00e1 a Igreja. Al\u00e9m disso, como a voca\u00e7\u00e3o sacerdotal \u00e9 um dom de Deus n\u00e3o s\u00f3 para aquele que \u00e9 seu primeiro destinat\u00e1rio, mas para a Igreja inteira, toda a Igreja \u00e9 chamada a proteger esse dom, a estim\u00e1-lo e a am\u00e1-lo. Dito isso com palavras do saudoso Papa S\u00e3o Jo\u00e3o Paulo II: \u201cTodos os membros da Igreja, sem exce\u00e7\u00e3o, t\u00eam a gra\u00e7a e a responsabilidade do cuidado pelas voca\u00e7\u00f5es\u201d (PDV, 41). Essa responsabilidade sempre foi cultivada na Igreja. Prova disso \u00e9, entre outras coisas, o apelo constante para que todos rezem n\u00e3o s\u00f3 pelo aumento das voca\u00e7\u00f5es, mas tamb\u00e9m para a santifica\u00e7\u00e3o daqueles que j\u00e1 s\u00e3o padres. Sempre houve na Igreja grupos, comunidades e associa\u00e7\u00f5es com o prop\u00f3sito principal de rezar pelos sacerdotes.<\/p>\n<p style=\"text-align: justify;\">\u00c9 nessa linha que se entende a sugest\u00e3o que apresento:\u00a0<strong>ADOTE UM PADRE! <\/strong>Dentre os sacerdotes que voc\u00ea conhece ou que atuam na Igreja, escolha um deles, e passe a rezar diariamente por sua santifica\u00e7\u00e3o. Ofere\u00e7a sacrif\u00edcios para que ele exer\u00e7a bem o seu minist\u00e9rio. Se for o caso, ofere\u00e7a por ele at\u00e9 a sua vida. De prefer\u00eancia, nunca lhe fale sobre isso, nem fa\u00e7a coment\u00e1rios a esse respeito com outras pessoas. Os detalhes dessa \u201cado\u00e7\u00e3o\u201d sejam conhecidos somente por voc\u00ea e pelo Bom Pastor. Guarde esse segredo cuidadosamente em seu cora\u00e7\u00e3o, mas seja fiel a ele, dia por dia. Fazendo isso, voc\u00ea estar\u00e1 respondendo a um apelo da Igreja, que constantemente nos recorda: \u201cTodo o Povo de Deus deve incansavelmente rezar e trabalhar pelas voca\u00e7\u00f5es sacerdotais\u201d (PDV, 82). Sua resposta ao apelo de adotar um padre determinado ter\u00e1 uma particularidade: voc\u00ea n\u00e3o estar\u00e1 rezando somente pelo clero em geral, mas por um padre com um nome e um rosto, o que, certamente, motivar\u00e1 ainda mais suas ora\u00e7\u00f5es, jejuns e sacrif\u00edcios. E, tenha certeza: com a santifica\u00e7\u00e3o de seu \u201cadotado\u201d, todo o clero se santificar\u00e1. Deus, ent\u00e3o, ser\u00e1 mais glorificado. E o Povo de Deus, mais e mais se enriquecer\u00e1.<\/p>\n<p>&nbsp;<\/p>\n","protected":false},"excerpt":{"rendered":"<p>Dom Murilo S.R. Krieger Arcebispo de Salvador (BA) &nbsp; A Igreja no Brasil est\u00e1 vivendo, em 2023, o 3\u00ba Ano Vocacional, com o tema: \u201cVoca\u00e7\u00e3o: gra\u00e7a e miss\u00e3o\u201d, e o lema: \u201cCora\u00e7\u00f5es ardentes, p\u00e9s a caminho\u201d (cf. Lc 24,32-33). Gra\u00e7as \u00e0s reflex\u00f5es e textos do Conc\u00edlio Ecum\u00eanico Vaticano II (1962-1965), houve uma reviravolta na maneira &hellip;<\/p>\n<p class=\"read-more\"> <a class=\"\" href=\"https:\/\/www.cnbb.org.br\/adote-um-padre\/\"> <span class=\"screen-reader-text\">Adote um padre<\/span> Leia mais &raquo;<\/a><\/p>\n","protected":false},"author":14,"featured_media":0,"comment_status":"open","ping_status":"open","sticky":false,"template":"","format":"standard","meta":{"site-sidebar-layout":"default","site-content-layout":"default","ast-global-header-display":"","ast-banner-title-visibility":"","ast-main-header-display":"","ast-hfb-above-header-display":"","ast-hfb-below-header-display":"","ast-hfb-mobile-header-display":"","site-post-title":"","ast-breadcrumbs-content":"","ast-featured-img":"","footer-sml-layout":"","theme-transparent-header-meta":"default","adv-header-id-meta":"","stick-header-meta":"","header-above-stick-meta":"","header-main-stick-meta":"","header-below-stick-meta":""},"categories":[758],"tags":[],"acf":[],"_links":{"self":[{"href":"https:\/\/www.cnbb.org.br\/cnbb-app\/wp\/v2\/posts\/943433"}],"collection":[{"href":"https:\/\/www.cnbb.org.br\/cnbb-app\/wp\/v2\/posts"}],"about":[{"href":"https:\/\/www.cnbb.org.br\/cnbb-app\/wp\/v2\/types\/post"}],"author":[{"embeddable":true,"href":"https:\/\/www.cnbb.org.br\/cnbb-app\/wp\/v2\/users\/14"}],"replies":[{"embeddable":true,"href":"https:\/\/www.cnbb.org.br\/cnbb-app\/wp\/v2\/comments?post=943433"}],"version-history":[{"count":2,"href":"https:\/\/www.cnbb.org.br\/cnbb-app\/wp\/v2\/posts\/943433\/revisions"}],"predecessor-version":[{"id":943435,"href":"https:\/\/www.cnbb.org.br\/cnbb-app\/wp\/v2\/posts\/943433\/revisions\/943435"}],"wp:attachment":[{"href":"https:\/\/www.cnbb.org.br\/cnbb-app\/wp\/v2\/media?parent=943433"}],"wp:term":[{"taxonomy":"category","embeddable":true,"href":"https:\/\/www.cnbb.org.br\/cnbb-app\/wp\/v2\/categories?post=943433"},{"taxonomy":"post_tag","embeddable":true,"href":"https:\/\/www.cnbb.org.br\/cnbb-app\/wp\/v2\/tags?post=943433"}],"curies":[{"name":"wp","href":"https:\/\/api.w.org\/{rel}","templated":true}]}}