{"id":943970,"date":"2023-04-28T13:48:06","date_gmt":"2023-04-28T16:48:06","guid":{"rendered":"https:\/\/www.cnbb.org.br\/?p=943970"},"modified":"2023-04-28T13:49:51","modified_gmt":"2023-04-28T16:49:51","slug":"defender-direitos-e-a-dignidade-dos-trabalhadores-e-das-trabalhadoras","status":"publish","type":"post","link":"https:\/\/www.cnbb.org.br\/defender-direitos-e-a-dignidade-dos-trabalhadores-e-das-trabalhadoras\/","title":{"rendered":"Defender direitos e a dignidade dos trabalhadores e das trabalhadoras"},"content":{"rendered":"<p style=\"text-align: right;\"><strong>Dom Reginaldo Andrietta<\/strong><br \/>\n<strong>Bispo de Jales (SP)<\/strong><\/p>\n<p style=\"text-align: justify;\">\n<p style=\"text-align: justify;\">\n<p style=\"text-align: justify;\">A miss\u00e3o que Cristo conferiu a seus disc\u00edpulos de serem \u201csal da terra e luz do mundo\u201d (cf. Mt 5,13-16), nos inspira como Igreja que atua no mundo do trabalho, a exemplo da Pastoral Oper\u00e1ria, da Juventude Oper\u00e1ria Cat\u00f3lica e do Movimento de Trabalhadores Crist\u00e3os, a nos manifestarmos, por ocasi\u00e3o do Dia 1\u00ba de Maio, solid\u00e1rios \u00e0 justa reivindica\u00e7\u00e3o da classe trabalhadora e de outros setores socialmente exclu\u00eddos do Brasil, pela universaliza\u00e7\u00e3o de direitos.<\/p>\n<p style=\"text-align: justify;\">H\u00e1 cerca de 150 anos, trabalhadores e trabalhadoras de muitos pa\u00edses, motivados por defender seus direitos e sua dignidade, passaram a lutar por reduzir para oito horas a jornada di\u00e1ria de trabalho, que, na \u00e9poca, chegava a 16 horas. O 1\u00ba de Maio \u00e9 um s\u00edmbolo dessa e de outras lutas que garantiram a conquista de muitos direitos e beneficiaram a sociedade no seu todo. Fruto dessas lutas, a democracia no Brasil avan\u00e7ou e recuperou-se quando foi cerceada.<\/p>\n<p style=\"text-align: justify;\">Os \u00faltimos anos foram de cerceamento, comprovado pelo congelamento de investimentos sociais por 20 anos; pela reforma trabalhista que precarizou as condi\u00e7\u00f5es de trabalho; pela privatiza\u00e7\u00e3o de empresas estatais; pelo favorecimento de grandes grupos econ\u00f4micos, sobretudo transnacionais; pela canaliza\u00e7\u00e3o excessiva de recursos a bancos nacionais e estrangeiros para pagamento de d\u00edvidas p\u00fablicas; pela alta taxa de juros e muitos outros fatores.<\/p>\n<p style=\"text-align: justify;\">Essas e outras situa\u00e7\u00f5es desafiam a classe trabalhadora deste pa\u00eds, a agir de forma unit\u00e1ria. As comemora\u00e7\u00f5es do 1\u00b0 de Maio s\u00e3o oportunas, portanto, para unificar ainda mais suas a\u00e7\u00f5es, visando, prioritariamente, hoje, revisar os crit\u00e9rios de pagamento da d\u00edvida p\u00fablica, o congelamento de gastos sociais e as \u00faltimas reformas trabalhistas; estancar as privatiza\u00e7\u00f5es e implementar pol\u00edticas de gera\u00e7\u00e3o de emprego em condi\u00e7\u00f5es dignas, especialmente para a juventude.<\/p>\n<p style=\"text-align: justify;\">O \u201cComit\u00ea Trabalho\u201d da Comiss\u00e3o Sociotransformadora da CNBB, com suas \u201cReflex\u00f5es para o 1\u00b0 de Maio\u201d, e a Pastoral Oper\u00e1ria Nacional, com sua cartilha de encontros, \u00e0 luz do tema \u201cDireito ao trabalho e trabalho com direitos\u201d, oferecem conte\u00fados de reflex\u00e3o aos organismos eclesiais e sociais que celebrar\u00e3o o 1\u00b0 de Maio, com o intuito de colaborar para fortalecer a hist\u00f3rica luta dos trabalhadores e das trabalhadoras em defesa de seus direitos e sua dignidade.<\/p>\n<p>&nbsp;<\/p>\n<p>&nbsp;<\/p>\n<p>&nbsp;<\/p>\n","protected":false},"excerpt":{"rendered":"<p>Dom Reginaldo Andrietta Bispo de Jales (SP) A miss\u00e3o que Cristo conferiu a seus disc\u00edpulos de serem \u201csal da terra e luz do mundo\u201d (cf. Mt 5,13-16), nos inspira como Igreja que atua no mundo do trabalho, a exemplo da Pastoral Oper\u00e1ria, da Juventude Oper\u00e1ria Cat\u00f3lica e do Movimento de Trabalhadores Crist\u00e3os, a nos manifestarmos, &hellip;<\/p>\n<p class=\"read-more\"> <a class=\"\" href=\"https:\/\/www.cnbb.org.br\/defender-direitos-e-a-dignidade-dos-trabalhadores-e-das-trabalhadoras\/\"> <span class=\"screen-reader-text\">Defender direitos e a dignidade dos trabalhadores e das trabalhadoras<\/span> Leia mais &raquo;<\/a><\/p>\n","protected":false},"author":32,"featured_media":0,"comment_status":"open","ping_status":"open","sticky":false,"template":"","format":"standard","meta":{"site-sidebar-layout":"default","site-content-layout":"default","ast-global-header-display":"","ast-banner-title-visibility":"","ast-main-header-display":"","ast-hfb-above-header-display":"","ast-hfb-below-header-display":"","ast-hfb-mobile-header-display":"","site-post-title":"","ast-breadcrumbs-content":"","ast-featured-img":"","footer-sml-layout":"","theme-transparent-header-meta":"default","adv-header-id-meta":"","stick-header-meta":"","header-above-stick-meta":"","header-main-stick-meta":"","header-below-stick-meta":""},"categories":[758,1837],"tags":[],"acf":[],"_links":{"self":[{"href":"https:\/\/www.cnbb.org.br\/cnbb-app\/wp\/v2\/posts\/943970"}],"collection":[{"href":"https:\/\/www.cnbb.org.br\/cnbb-app\/wp\/v2\/posts"}],"about":[{"href":"https:\/\/www.cnbb.org.br\/cnbb-app\/wp\/v2\/types\/post"}],"author":[{"embeddable":true,"href":"https:\/\/www.cnbb.org.br\/cnbb-app\/wp\/v2\/users\/32"}],"replies":[{"embeddable":true,"href":"https:\/\/www.cnbb.org.br\/cnbb-app\/wp\/v2\/comments?post=943970"}],"version-history":[{"count":1,"href":"https:\/\/www.cnbb.org.br\/cnbb-app\/wp\/v2\/posts\/943970\/revisions"}],"predecessor-version":[{"id":943971,"href":"https:\/\/www.cnbb.org.br\/cnbb-app\/wp\/v2\/posts\/943970\/revisions\/943971"}],"wp:attachment":[{"href":"https:\/\/www.cnbb.org.br\/cnbb-app\/wp\/v2\/media?parent=943970"}],"wp:term":[{"taxonomy":"category","embeddable":true,"href":"https:\/\/www.cnbb.org.br\/cnbb-app\/wp\/v2\/categories?post=943970"},{"taxonomy":"post_tag","embeddable":true,"href":"https:\/\/www.cnbb.org.br\/cnbb-app\/wp\/v2\/tags?post=943970"}],"curies":[{"name":"wp","href":"https:\/\/api.w.org\/{rel}","templated":true}]}}