{"id":944172,"date":"2023-05-05T11:35:47","date_gmt":"2023-05-05T14:35:47","guid":{"rendered":"https:\/\/www.cnbb.org.br\/?p=944172"},"modified":"2023-05-05T11:36:02","modified_gmt":"2023-05-05T14:36:02","slug":"santa-ingenuidade","status":"publish","type":"post","link":"https:\/\/www.cnbb.org.br\/santa-ingenuidade\/","title":{"rendered":"Santa Ingenuidade"},"content":{"rendered":"<p style=\"text-align: right;\"><strong>Dom Alberto Taveira Corr\u00eaa<\/strong><br \/>\n<strong>Arcebispo Metropolitano de Bel\u00e9m do Par\u00e1<\/strong><\/p>\n<p style=\"text-align: justify;\">Em processos de aquisi\u00e7\u00e3o de casa pr\u00f3pria ou em outras transa\u00e7\u00f5es comerciais que envolvem fam\u00edlias, n\u00e3o \u00e9 raro que as responsabilidades sejam assumidas pelas mulheres, m\u00e3es que trazem sobre si tarefa de ser chefes de fam\u00edlia, consideradas mais confi\u00e1veis. Em nosso Estado, mais de setecentas e trinta e quatro mil fam\u00edlias s\u00e3o chefiadas pelas m\u00e3es e n\u00e3o poucas vezes as av\u00f3s, que tamb\u00e9m exercem a tarefa de pai.<\/p>\n<p style=\"text-align: justify;\">Estes e outros dados apontam para uma mudan\u00e7a profunda nos pap\u00e9is desempenhados pelos homens e pelas mulheres na sociedade. De um lado, a paternidade e a maternidade est\u00e3o presentes em nossa natureza humana. Toda pessoa recebe esta miss\u00e3o, ainda que de formas diferentes. Ningu\u00e9m nasceu para a esterilidade, mas todos nascemos para gerar, e n\u00e3o poderia ser de outro modo, pois somos imagem e semelhan\u00e7a de Deus, no qual est\u00e3o presentes as caracter\u00edsticas que no ambiente humano chamamos de paternidade e maternidade. E \u00e9 o que de mais decisivo e maravilhoso Jesus nos contou a respeito de Deus: Ele \u00e9 Pai que nos ama! Mas h\u00e1 uma crise na maternidade e de modo especial na paternidade.<\/p>\n<p style=\"text-align: justify;\">A voca\u00e7\u00e3o paterna est\u00e1 em crise, o que leva a uma car\u00eancia de lideran\u00e7as maduras e corajosas no mundo. E quando faltam pais, idolatra-se a imagem de uma eterna juventude. N\u00e3o basta ao homem ter filhos. \u00c9 necess\u00e1rio assumir de forma madura o modo de amar, para ser pais. Constatamos a aus\u00eancia dos pais: aus\u00eancia f\u00edsica; aus\u00eancia afetiva, com medo de expressar carinho e afeto; aus\u00eancia normativa, que sejam claros em seus crit\u00e9rios e n\u00e3o temam estabelecer limites, homens capazes de amar com vigor, assumindo a masculinidade e os tra\u00e7os de ternura que o pr\u00f3prio Deus, forte e terno, plantou no cora\u00e7\u00e3o.<\/p>\n<p style=\"text-align: justify;\">Na Liturgia do quinto Domingo da P\u00e1scoa, h\u00e1 um pedido que pode soar ing\u00eanuo: \u201cFilipe disse: \u201cSenhor, mostra-nos o Pai, isso nos basta\u201d. Jesus respondeu: \u201cFilipe, h\u00e1 tanto tempo estou convosco, e n\u00e3o me conheces? Quem me viu, tem visto o Pai. Como \u00e9 que tu dizes: \u2018Mostra-nos o Pai\u2019? N\u00e3o acreditas que eu estou no Pai e que o Pai est\u00e1 em mim? As palavras que eu vos digo, n\u00e3o as digo por mim mesmo; \u00e9 o Pai que, permanecendo em mim, realiza as suas obras. Crede-me: eu estou no Pai e o Pai est\u00e1 em mim. Crede, ao menos, por causa destas obras.\u201d (Jo 14, 8-11).<\/p>\n<p style=\"text-align: justify;\">Bendita ingenuidade que nos aponta o essencial que \u00e9 conhecer o Pai. Com frequ\u00eancia se afirma que \u00e9 dif\u00edcil conhecer a Deus como Pai porque os modelos de paternidade est\u00e3o em crise na terra, quando, na verdade, \u00e9 o C\u00e9u e a paternidade de Deus que v\u00eam a ser acolhidos como modelo. \u00c9 para o Pai Eterno que os pais da terra h\u00e3o de levantar os olhos para contemplar o modo de viver aqui sua sublime voca\u00e7\u00e3o.<\/p>\n<p style=\"text-align: justify;\">Para nosso consolo e forma\u00e7\u00e3o, Jesus se mostra como aquele que \u00e9 verdade e vida, a serem alcan\u00e7adas passando pelo caminho para o Pai que \u00e9 Ele mesmo (Jo 14,1-12). Tanto os pais, como as m\u00e3es ou filhos ou qualquer pessoa que queira se realizar<\/p>\n<p style=\"text-align: justify;\">plenamente tem no relacionamento com Deus ponto de chegada, mapa, caminho, sustento.<\/p>\n<p style=\"text-align: justify;\">Aos crist\u00e3os cabem responsabilidades irrenunci\u00e1veis. N\u00e3o lhes \u00e9 l\u00edcito viver como \u00f3rf\u00e3os ambulantes, lamentando-se da vida. Sabendo ter Pai no C\u00e9u, vivem para gerar vida e relacionamento, cabendo-lhes sempre a iniciativa do servi\u00e7o e do amor a todas as pessoas, sem exce\u00e7\u00e3o. Seu relacionamento com os outros \u00e9 de transbordamento da vida plena que encontraram. A paternidade e a maternidade a serem restauradas no mundo s\u00e3o assumidas como tarefa por eles.<\/p>\n<p style=\"text-align: justify;\">\u00c9 pr\u00f3prio dos crist\u00e3os a paix\u00e3o pela verdade, que abra\u00e7am com toda clareza e oferecem, sem violentar nem impor, dando raz\u00f5es da esperan\u00e7a que move seus cora\u00e7\u00f5es a quem quer que seja. O caminho que percorrem \u00e9 o do seguimento de Jesus Cristo, o Evangelho \u00e9 sua luz e b\u00fassola segura. Sabendo que nasceram do amor eterno do Pai, ningu\u00e9m lhes tira a alegria. Tais caracter\u00edsticas da vida crist\u00e3 n\u00e3o s\u00e3o privil\u00e9gio de poucos. Antes, a todos os que foram batizados em nome do Pai e do Filho e do Esp\u00edrito Santo \u00e9 aberta tal possibilidade e entregue esta miss\u00e3o de restaura\u00e7\u00e3o.<\/p>\n<p style=\"text-align: justify;\">Para tanto, o caminho da convers\u00e3o pede verdadeira viol\u00eancia interior positiva, segundo a recomenda\u00e7\u00e3o do Ap\u00f3stolo S\u00e3o Pedro (Cf. 1Pd 2,4-9): \u201cDespojai-vos de toda maldade, de toda mentira, hipocrisia e inveja, e de toda cal\u00fania. Como como pedras vivas, formai um edif\u00edcio espiritual, um sacerd\u00f3cio santo, a fim de oferecerdes sacrif\u00edcios espirituais, agrad\u00e1veis a Deus, por Jesus Cristo. V\u00f3s sois a gente escolhida, o sacerd\u00f3cio r\u00e9gio, a na\u00e7\u00e3o santa, o povo que ele adquiriu, a fim de que proclameis os grandes feitos daquele que vos chamou das trevas para a sua luz maravilhosa. V\u00f3s sois aqueles que antes n\u00e3o eram povo, agora, por\u00e9m, s\u00e3o povo de Deus; os que n\u00e3o eram objeto de miseric\u00f3rdia, agora, por\u00e9m, alcan\u00e7aram miseric\u00f3rdia\u201d. Nada de moleza e pusilanimidade! Antes, a coragem e a firmeza de quem edificou a casa de sua exist\u00eancia sobre a rocha, que \u00e9 Jesus Cristo (Cf. Mt 7,24-27). Cada pessoa, no grande ou pequeno espa\u00e7o que lhe cabe na vida, d\u00ea o primeiro passo!<\/p>\n<p style=\"text-align: justify;\">Outra express\u00e3o do percurso a ser feito \u00e9 a criatividade, responsabilidade e capacidade de decis\u00f5es fortes. Diante do desafio da aten\u00e7\u00e3o aos mais pobres, as primeiras Comunidades Crist\u00e3s descobriram solu\u00e7\u00f5es inovadoras, como testemunha o texto dos Atos dos Ap\u00f3stolos: \u201cReuniram a multid\u00e3o dos disc\u00edpulos e disseram: \u2018N\u00e3o est\u00e1 certo de que n\u00f3s abandonemos a prega\u00e7\u00e3o da palavra de Deus para servirmos \u00e0s mesas. Portanto, irm\u00e3os, escolhei entre v\u00f3s sete homens de boa reputa\u00e7\u00e3o, cheios do Esp\u00edrito e de sabedoria, para que lhes confiemos essa tarefa. Deste modo, n\u00f3s poderemos dedicar-nos inteiramente \u00e0 ora\u00e7\u00e3o e ao servi\u00e7o da Palavra\u2019. Escolheram ent\u00e3o Est\u00eav\u00e3o, homem cheio de f\u00e9 e do Esp\u00edrito Santo; e tamb\u00e9m Filipe, Pr\u00f3coro, Nicanor, T\u00edmon, P\u00e1rmenas e Nicolau de Antioquia, um pros\u00e9lito. Eles foram apresentados aos ap\u00f3stolos, que oraram e impuseram as m\u00e3os sobre eles\u201d (Cf. At 6,1-7). A positiva multiplica\u00e7\u00e3o de pastorais e servi\u00e7os existentes na Igreja expressa justamente esta disposi\u00e7\u00e3o para mostrar a face de Deus, atrav\u00e9s dos frutos da Ressurrei\u00e7\u00e3o do Senhor Jesus, Caminho, Verdade e Vida, postos \u00e0 disposi\u00e7\u00e3o pelo Esp\u00edrito Santo que nos conduz.<\/p>\n","protected":false},"excerpt":{"rendered":"<p>Dom Alberto Taveira Corr\u00eaa Arcebispo Metropolitano de Bel\u00e9m do Par\u00e1 Em processos de aquisi\u00e7\u00e3o de casa pr\u00f3pria ou em outras transa\u00e7\u00f5es comerciais que envolvem fam\u00edlias, n\u00e3o \u00e9 raro que as responsabilidades sejam assumidas pelas mulheres, m\u00e3es que trazem sobre si tarefa de ser chefes de fam\u00edlia, consideradas mais confi\u00e1veis. Em nosso Estado, mais de setecentas &hellip;<\/p>\n<p class=\"read-more\"> <a class=\"\" href=\"https:\/\/www.cnbb.org.br\/santa-ingenuidade\/\"> <span class=\"screen-reader-text\">Santa Ingenuidade<\/span> Leia mais &raquo;<\/a><\/p>\n","protected":false},"author":21,"featured_media":0,"comment_status":"open","ping_status":"open","sticky":false,"template":"","format":"standard","meta":{"site-sidebar-layout":"default","site-content-layout":"default","ast-global-header-display":"","ast-banner-title-visibility":"","ast-main-header-display":"","ast-hfb-above-header-display":"","ast-hfb-below-header-display":"","ast-hfb-mobile-header-display":"","site-post-title":"","ast-breadcrumbs-content":"","ast-featured-img":"","footer-sml-layout":"","theme-transparent-header-meta":"default","adv-header-id-meta":"","stick-header-meta":"","header-above-stick-meta":"","header-main-stick-meta":"","header-below-stick-meta":""},"categories":[758],"tags":[],"acf":[],"_links":{"self":[{"href":"https:\/\/www.cnbb.org.br\/cnbb-app\/wp\/v2\/posts\/944172"}],"collection":[{"href":"https:\/\/www.cnbb.org.br\/cnbb-app\/wp\/v2\/posts"}],"about":[{"href":"https:\/\/www.cnbb.org.br\/cnbb-app\/wp\/v2\/types\/post"}],"author":[{"embeddable":true,"href":"https:\/\/www.cnbb.org.br\/cnbb-app\/wp\/v2\/users\/21"}],"replies":[{"embeddable":true,"href":"https:\/\/www.cnbb.org.br\/cnbb-app\/wp\/v2\/comments?post=944172"}],"version-history":[{"count":1,"href":"https:\/\/www.cnbb.org.br\/cnbb-app\/wp\/v2\/posts\/944172\/revisions"}],"predecessor-version":[{"id":944173,"href":"https:\/\/www.cnbb.org.br\/cnbb-app\/wp\/v2\/posts\/944172\/revisions\/944173"}],"wp:attachment":[{"href":"https:\/\/www.cnbb.org.br\/cnbb-app\/wp\/v2\/media?parent=944172"}],"wp:term":[{"taxonomy":"category","embeddable":true,"href":"https:\/\/www.cnbb.org.br\/cnbb-app\/wp\/v2\/categories?post=944172"},{"taxonomy":"post_tag","embeddable":true,"href":"https:\/\/www.cnbb.org.br\/cnbb-app\/wp\/v2\/tags?post=944172"}],"curies":[{"name":"wp","href":"https:\/\/api.w.org\/{rel}","templated":true}]}}