{"id":944199,"date":"2023-05-05T12:09:04","date_gmt":"2023-05-05T15:09:04","guid":{"rendered":"https:\/\/www.cnbb.org.br\/?p=944199"},"modified":"2023-05-05T12:09:37","modified_gmt":"2023-05-05T15:09:37","slug":"jesus-cristo-e-o-caminho-a-verdade-e-a-vida","status":"publish","type":"post","link":"https:\/\/www.cnbb.org.br\/jesus-cristo-e-o-caminho-a-verdade-e-a-vida\/","title":{"rendered":"Jesus Cristo \u00e9 o Caminho, a Verdade e a Vida"},"content":{"rendered":"<p style=\"text-align: right;\"><strong>Dom Adimir Antonio Mazali<\/strong><br \/>\n<strong>Bispo Diocesano de Erexim \u2013 RS<\/strong><\/p>\n<p style=\"text-align: justify;\">Minha sauda\u00e7\u00e3o aos irm\u00e3os e irm\u00e3s que acompanham a Voz da Diocese. Estamos iniciando o m\u00eas de maio, dedicado \u00e0 devo\u00e7\u00e3o Mariana. Nesse Domingo iniciamdo a quinta semana do tempo pascal, celebramos a manifesta\u00e7\u00e3o de Jesus Ressuscitado como Caminho, Verdade e Vida, que nos leva ao Pai. Perante as inseguran\u00e7as do seguimento e diante das incertezas do futuro, Jesus nos d\u00e1 alento em nosso caminhar, por meio de sua presen\u00e7a confortadora. Jesus deixa claro que Ele, e n\u00e3o outro, sua proposta, e n\u00e3o outra, \u00e9 o Caminho para o Pai, isto \u00e9, para a realiza\u00e7\u00e3o plena de toda e qualquer pessoa humana.<\/p>\n<p style=\"text-align: justify;\">O texto do Evangelho, desse domingo (Jo 14,1-12), pertence ao discurso de despedida de Jesus, na \u00daltima Ceia. Diante da imin\u00eancia de sua morte, os disc\u00edpulos estavam com medo e muito perturbados. N\u00e3o podia ser diferente! Este estado de des\u00e2nimo dos disc\u00edpulos revela a situa\u00e7\u00e3o de muitos disc\u00edpulos de Jesus de hoje. \u00c9 a realidade de muitos de n\u00f3s, ou seja, raz\u00f5es que s\u00e3o pr\u00f3prias do nosso tempo. Jesus, consciente de tudo e muito sereno, confortou os disc\u00edpulos dizendo-lhes: \u201cN\u00e3o se perturbe o vosso cora\u00e7\u00e3o\u201d (Jo 14,1a). Diante daquele momento dram\u00e1tico, eles deviam crer Nele e em suas palavras. Por isso, disse-lhes: \u201cTendes f\u00e9 em Deus, tende f\u00e9 em mim tamb\u00e9m\u201d (Jo 14,1b). Trata-se de uma palavra de encorajamento. E, tamb\u00e9m, mostrou-lhes que em Deus h\u00e1 lugar para todos, pois Ele mesmo indo at\u00e9 o Pai, iria preparar-lhes um lugar.<\/p>\n<p style=\"text-align: justify;\">Prezados irm\u00e3os e irm\u00e3s. A pergunta que Tom\u00e9 faz: \u201cSenhor, n\u00f3s n\u00e3o sabemos para onde vais. Como podemos conhecer o caminho?\u201d (Jo 14,5), provocou a declara\u00e7\u00e3o central de Jesus: \u201cEu sou o Caminho, a Verdade e a Vida. Ningu\u00e9m vai a Pai sen\u00e3o por mim!\u201d (Jo 14,6).<\/p>\n<p style=\"text-align: justify;\">Jesus \u00e9 o Caminho que conduz ao Pai, por meio de sua Palavra e de sua morte-ressurrei\u00e7\u00e3o. Jesus \u00e9 a Verdade de Deus Pai para o mundo, para os pobres e para todos n\u00f3s. A Verdade que Jesus anuncia \u00e9 o Reino de Deus. Acolhendo-o, acolhe-se todo o projeto do Pai: \u201cEu estou no Pai e o Pai est\u00e1 em mim\u201d (Jo 14,11). Jesus \u00e9 a Vida: \u201cNele estava a vida e a vida era a luz dos homens\u201d (Jo 1,4). O objetivo de Jesus sempre foi revelar a vida em abund\u00e2ncia para todos, rumo \u00e0 vida plena. Experimentar Jesus enquanto Caminho, Verdade e Vida \u00e9 experimentar o Pai, \u00e9 entrar em intimidade com o pr\u00f3prio Pai: \u201cN\u00e3o acreditas que eu estou no Pai e o Pai est\u00e1 em mim?\u201d (Jo 14,10), disse Jesus.<\/p>\n<p style=\"text-align: justify;\">Portanto, Jesus \u00e9 o Caminho que conduz ao Pai. Ele \u00e9 a Verdade que liberta. Caminho e Verdade que s\u00e3o testemunhadas, por Jesus, no amor e na fidelidade at\u00e9 o fim. Ele \u00e9 o Caminho da salva\u00e7\u00e3o que oferece vida plena. Quem segue os passos de Jesus encontra o caminho, a verdade e a vida em sua Pessoa, e a oportunidade da experi\u00eancia de comunh\u00e3o com o Pai. Na segunda leitura, S\u00e3o Pedro corrobora com a mensagem do evangelho, ao dizer \u00e0 nova Comunidade dos disc\u00edpulos de Jesus: \u201cAproximai-vos do Senhor, pedra viva (&#8230;); trope\u00e7am os que n\u00e3o acolhem sua Palavra\u201d (1Pd 2,4.8). Pois, a Palavra de Jesus \u00e9 a verdade que liberta e salva a todos os que a acolhem com alegria e a p\u00f5em em pr\u00e1tica.<\/p>\n<p style=\"text-align: justify;\">Car\u00edssimos irm\u00e3os e irm\u00e3s, de tudo isso decorre a grande preocupa\u00e7\u00e3o dos Ap\u00f3stolos, no livro dos Atos dos Ap\u00f3stolos. Tinha-se a necessidade de mais oper\u00e1rios para a messe do Senhor. As fun\u00e7\u00f5es eram muitas. Eles deviam repartir as tarefas, encontrar mais pessoas para dividir as fun\u00e7\u00f5es. \u201cEscolhais entre v\u00f3s sete homens de boa fama, repletos do Esp\u00edrito e de sabedoria\u201d (At 6,3). Assim, os Ap\u00f3stolos poderiam dedicar-se \u201cinteiramente \u00e0 ora\u00e7\u00e3o e ao servi\u00e7o da Palavra\u201d (At. 6,4). O detalhe est\u00e1 na inten\u00e7\u00e3o ou na necessidade de dedicar-se inteiramente \u00e0quilo que se faz. Este parece ser o grande segredo para que algo d\u00ea certo na vida: \u201cdedicar-se inteiramente\u201d, com toda a vida, com todo amor, com toda convic\u00e7\u00e3o. O an\u00fancio do Evangelho de Jesus, Caminho, Verdade e Vida, implica dedica\u00e7\u00e3o inteira, amor total, at\u00e9 o fim.<\/p>\n<p style=\"text-align: justify;\">Pe\u00e7amos que o Senhor nos conforte diante das tribula\u00e7\u00f5es e desafios que encontramos na a\u00e7\u00e3o evangelizadora. Que Maria, m\u00e3e de Jesus e nossa m\u00e3e, a quem dedicamos esse m\u00eas de maio, interceda por n\u00f3s, a fim de permanecermos fi\u00e9is aos ensinamentos de seu Filho Jesus, at\u00e9 o fim, comunicando com entusiasmo, ao mundo, que Jesus \u00e9 de fato, Caminho, Verdade e Vida.<\/p>\n<p style=\"text-align: justify;\">Um bom domingo a todos e que Deus os aben\u00e7oe.<\/p>\n","protected":false},"excerpt":{"rendered":"<p>Dom Adimir Antonio Mazali Bispo Diocesano de Erexim \u2013 RS Minha sauda\u00e7\u00e3o aos irm\u00e3os e irm\u00e3s que acompanham a Voz da Diocese. Estamos iniciando o m\u00eas de maio, dedicado \u00e0 devo\u00e7\u00e3o Mariana. Nesse Domingo iniciamdo a quinta semana do tempo pascal, celebramos a manifesta\u00e7\u00e3o de Jesus Ressuscitado como Caminho, Verdade e Vida, que nos leva &hellip;<\/p>\n<p class=\"read-more\"> <a class=\"\" href=\"https:\/\/www.cnbb.org.br\/jesus-cristo-e-o-caminho-a-verdade-e-a-vida\/\"> <span class=\"screen-reader-text\">Jesus Cristo \u00e9 o Caminho, a Verdade e a Vida<\/span> Leia mais &raquo;<\/a><\/p>\n","protected":false},"author":103,"featured_media":0,"comment_status":"open","ping_status":"open","sticky":false,"template":"","format":"standard","meta":{"site-sidebar-layout":"default","site-content-layout":"default","ast-global-header-display":"","ast-banner-title-visibility":"","ast-main-header-display":"","ast-hfb-above-header-display":"","ast-hfb-below-header-display":"","ast-hfb-mobile-header-display":"","site-post-title":"","ast-breadcrumbs-content":"","ast-featured-img":"","footer-sml-layout":"","theme-transparent-header-meta":"default","adv-header-id-meta":"","stick-header-meta":"","header-above-stick-meta":"","header-main-stick-meta":"","header-below-stick-meta":""},"categories":[758],"tags":[],"acf":[],"_links":{"self":[{"href":"https:\/\/www.cnbb.org.br\/cnbb-app\/wp\/v2\/posts\/944199"}],"collection":[{"href":"https:\/\/www.cnbb.org.br\/cnbb-app\/wp\/v2\/posts"}],"about":[{"href":"https:\/\/www.cnbb.org.br\/cnbb-app\/wp\/v2\/types\/post"}],"author":[{"embeddable":true,"href":"https:\/\/www.cnbb.org.br\/cnbb-app\/wp\/v2\/users\/103"}],"replies":[{"embeddable":true,"href":"https:\/\/www.cnbb.org.br\/cnbb-app\/wp\/v2\/comments?post=944199"}],"version-history":[{"count":1,"href":"https:\/\/www.cnbb.org.br\/cnbb-app\/wp\/v2\/posts\/944199\/revisions"}],"predecessor-version":[{"id":944200,"href":"https:\/\/www.cnbb.org.br\/cnbb-app\/wp\/v2\/posts\/944199\/revisions\/944200"}],"wp:attachment":[{"href":"https:\/\/www.cnbb.org.br\/cnbb-app\/wp\/v2\/media?parent=944199"}],"wp:term":[{"taxonomy":"category","embeddable":true,"href":"https:\/\/www.cnbb.org.br\/cnbb-app\/wp\/v2\/categories?post=944199"},{"taxonomy":"post_tag","embeddable":true,"href":"https:\/\/www.cnbb.org.br\/cnbb-app\/wp\/v2\/tags?post=944199"}],"curies":[{"name":"wp","href":"https:\/\/api.w.org\/{rel}","templated":true}]}}