{"id":944445,"date":"2023-05-10T14:52:17","date_gmt":"2023-05-10T17:52:17","guid":{"rendered":"https:\/\/www.cnbb.org.br\/?p=944445"},"modified":"2023-05-10T14:52:17","modified_gmt":"2023-05-10T17:52:17","slug":"papa-francisco-e-tawadros-ii-se-encontram-em-audiencia-geral-para-celebrar-o-dia-da-amizade-copta-catolica","status":"publish","type":"post","link":"https:\/\/www.cnbb.org.br\/papa-francisco-e-tawadros-ii-se-encontram-em-audiencia-geral-para-celebrar-o-dia-da-amizade-copta-catolica\/","title":{"rendered":"Papa Francisco e Tawadros II se encontram em Audi\u00eancia Geral para celebrar o &#8220;Dia da Amizade copta-cat\u00f3lica&#8221;"},"content":{"rendered":"<div class=\"article__text\">\n<p style=\"text-align: justify;\">O \u201cDia da amizade copta-cat\u00f3lica\u201d, celebrado todo dia 10 de maio, coincidiu neste ano de 2023 com a Audi\u00eancia Geral. A convite do Papa Francisco, o patriarca da Igreja Copta-Ortodoxa do Egito, Tawadros II, foi ao Vaticano, acompanhado por uma delega\u00e7\u00e3o. Est\u00e3o hospedados na Casa Santa Marta, como ocorreu h\u00e1 dez anos, e participaram do tradicional encontro das quartas-feiras. Com uma altera\u00e7\u00e3o na din\u00e2mica da audi\u00eancia, o foco foi todo para este hist\u00f3rico encontro.<\/p>\n<p style=\"text-align: justify;\">E foi Tawadros o primeiro a falar, seguido ent\u00e3o pelas palavras do Santo Padre, que destacou essa aproxima\u00e7\u00e3o entre as duas Igrejas, que traz a esperan\u00e7a da proximidade do dia em que \u201cseremos um s\u00f3 em Cristo\u201d.<\/p>\n<p style=\"text-align: justify;\">O Papa come\u00e7ou destacando, que Sua Santidade Tawadros aceitou o convite para vir a Roma \u201ca fim de celebrar comigo o 50\u00ba anivers\u00e1rio do hist\u00f3rico encontro entre o Papa S\u00e3o Paulo VI e o Papa Shenouda III em 1973. Tratava-se \u2013 recordou Francisco &#8211; do primeiro encontro entre um Bispo de Roma e um Patriarca da Igreja Ortodoxa copta, que culminou com a assinatura de uma memor\u00e1vel <a href=\"https:\/\/www.vatican.va\/content\/paul-vi\/it\/speeches\/1973\/may\/documents\/hf_p-vi_spe_19730510_dichiarazione-comune.html\" target=\"_blank\" rel=\"noopener\">declara\u00e7\u00e3o cristol\u00f3gica conjunta<\/a>, exatamente a 10 de maio, conhecida como Declara\u00e7\u00e3o Comum&#8221;.<\/p>\n<h3>O livro comemorativo<\/h3>\n<p style=\"text-align: justify;\">Cinquenta anos depois, os sucessores dos &#8220;dois pioneiros da unidade&#8221;, Francisco e o atual Patriarca copta Tawadros II, quiseram se encontrar em Roma para compartilhar o anivers\u00e1rio e, acima de tudo, &#8220;render gra\u00e7as a Deus, lembrando os passos j\u00e1 dados e a dist\u00e2ncia j\u00e1 percorrida, que muitas vezes s\u00e3o muito mais importantes do que imaginamos&#8221;. Ambos afirmam isso ao assinarem juntos o pref\u00e1cio de um volume comemorativo publicado pela Editora Vaticana em nome do Dicast\u00e9rio para a Promo\u00e7\u00e3o da Unidade dos Crist\u00e3os, intitulado\u00a0<i>The Catholic Church and the Coptic Orthodox Church. 50th Anniversary of the Meeting between Pope Paul VI and Pope Shenouda III (1973-2023)<\/i>, que ser\u00e1 lan\u00e7ado no pr\u00f3ximo dia 10 de maio.<\/p>\n<h3>Passos ecum\u00eanicos<\/h3>\n<p style=\"text-align: justify;\">No livro &#8211; que cont\u00e9m os principais documentos que atestam a aproxima\u00e7\u00e3o entre as duas Igrejas desde o Conc\u00edlio Vaticano II &#8211; Francisco e Tawadros II fazem uma retrospectiva do &#8220;marco&#8221; daquele &#8220;primeiro encontro&#8221;, que ocorreu a uma dist\u00e2ncia de mil e quinhentos anos entre um bispo de Roma e um papa da Igreja Ortodoxa Copta, para recordar os v\u00e1rios passos ecum\u00eanicos que se seguiram, desde a cria\u00e7\u00e3o da Comiss\u00e3o Mista Internacional e seu &#8220;trabalho pioneiro&#8221;, que come\u00e7ou sob o pontificado de Jo\u00e3o Paulo II e do pr\u00f3prio Papa Shenouda III, at\u00e9 chegar, em 2003, \u00e0 funda\u00e7\u00e3o do di\u00e1logo teol\u00f3gico entre a Igreja Cat\u00f3lica e toda a fam\u00edlia das Igrejas Ortodoxas Orientais, &#8220;um di\u00e1logo&#8221;, lemos no pref\u00e1cio, &#8220;que j\u00e1 produziu documentos importantes que testemunham a crescente compreens\u00e3o entre nossas Igrejas&#8221;.<\/p>\n<div>\n<div class=\"article__embed article__embed--unwrap article__embed--photo\">\n<div class=\"photo_embed--Title\"><\/div>\n<\/div>\n<\/div>\n<h2>&#8220;Qu\u00e3o longe ainda temos que viajar&#8221;<\/h2>\n<p style=\"text-align: justify;\"><img decoding=\"async\" loading=\"lazy\" class=\"size-medium wp-image-944447 alignright\" src=\"https:\/\/www.cnbb.org.br\/wp-content\/uploads\/2023\/05\/Assinatura-da-Declaracao-Comum-300x169.jpeg\" alt=\"\" width=\"300\" height=\"169\" srcset=\"https:\/\/www.cnbb.org.br\/wp-content\/uploads\/2023\/05\/Assinatura-da-Declaracao-Comum-300x169.jpeg 300w, https:\/\/www.cnbb.org.br\/wp-content\/uploads\/2023\/05\/Assinatura-da-Declaracao-Comum-500x281.jpeg 500w, https:\/\/www.cnbb.org.br\/wp-content\/uploads\/2023\/05\/Assinatura-da-Declaracao-Comum.jpeg 750w\" sizes=\"(max-width: 300px) 100vw, 300px\" \/>O 40\u00ba anivers\u00e1rio da hist\u00f3rica assinatura, celebrada em 2013 no in\u00edcio do pontificado de Francisco, tamb\u00e9m levou ao nascimento do &#8216;Dia da Amizade entre Coptas e Cat\u00f3licos&#8217;, que tem sido comemorado anualmente pelas duas Igrejas a cada 10 de maio desde ent\u00e3o.<\/p>\n<p style=\"text-align: justify;\">Neste dia 10 de maio, dia da 50\u00aa comemora\u00e7\u00e3o, Tawadros II esteve na Audi\u00eancia Geral na Pra\u00e7a S\u00e3o Pedro para selar n\u00e3o apenas um marco, mas ainda mais, diz o pref\u00e1cio do livro, para compartilhar a &#8220;saud\u00e1vel impaci\u00eancia pela unidade em nossos cora\u00e7\u00f5es&#8221;, que n\u00e3o &#8220;nos faz parar de nos perguntar: &#8216;<i>Quanta est nobis via<\/i>&#8216; &#8211; Quanto mais temos que viajar?&#8221; &#8220;Que o amor fraterno e a amizade que unem nossas Igrejas&#8221;, concluem o Papa Francisco e o Patriarca Tawadros II, &#8220;continuem a crescer at\u00e9 o aben\u00e7oado e desejado dia em que poderemos celebrar juntos no mesmo altar e receber do mesmo c\u00e1lice, &#8216;para que o mundo creia'&#8221;.<\/p>\n<p><strong>Com informa\u00e7\u00f5es<\/strong> e fotos<a href=\"https:\/\/www.vaticannews.va\/pt\/papa\/news\/2023-05\/papa-audiencia-geral-saudacao-tawadros-ii.html\" target=\"_blank\" rel=\"noopener\"> VaticanNews<\/a><\/p>\n<\/div>\n<div id=\"banner-donazioni\" class=\"article_banner\"><\/div>\n","protected":false},"excerpt":{"rendered":"<p>O encontro dos dois l\u00edderes religiosos marca o 50\u00ba anivers\u00e1rio do hist\u00f3rico encontro entre o Papa S\u00e3o Paulo VI e o Papa Shenouda III em 1973. Tratou-se \u2013 recordou Francisco &#8211; do primeiro encontro entre um bispo de Roma e umpatriarca da Igreja Ortodoxa copta, que culminou com a assinatura de uma memor\u00e1vel Declara\u00e7\u00e3o Comum<\/p>\n","protected":false},"author":142,"featured_media":944446,"comment_status":"open","ping_status":"open","sticky":false,"template":"","format":"standard","meta":{"site-sidebar-layout":"default","site-content-layout":"default","ast-global-header-display":"","ast-banner-title-visibility":"","ast-main-header-display":"","ast-hfb-above-header-display":"","ast-hfb-below-header-display":"","ast-hfb-mobile-header-display":"","site-post-title":"","ast-breadcrumbs-content":"","ast-featured-img":"","footer-sml-layout":"","theme-transparent-header-meta":"default","adv-header-id-meta":"","stick-header-meta":"","header-above-stick-meta":"","header-main-stick-meta":"","header-below-stick-meta":""},"categories":[50,784],"tags":[3435],"acf":[],"_links":{"self":[{"href":"https:\/\/www.cnbb.org.br\/cnbb-app\/wp\/v2\/posts\/944445"}],"collection":[{"href":"https:\/\/www.cnbb.org.br\/cnbb-app\/wp\/v2\/posts"}],"about":[{"href":"https:\/\/www.cnbb.org.br\/cnbb-app\/wp\/v2\/types\/post"}],"author":[{"embeddable":true,"href":"https:\/\/www.cnbb.org.br\/cnbb-app\/wp\/v2\/users\/142"}],"replies":[{"embeddable":true,"href":"https:\/\/www.cnbb.org.br\/cnbb-app\/wp\/v2\/comments?post=944445"}],"version-history":[{"count":2,"href":"https:\/\/www.cnbb.org.br\/cnbb-app\/wp\/v2\/posts\/944445\/revisions"}],"predecessor-version":[{"id":944449,"href":"https:\/\/www.cnbb.org.br\/cnbb-app\/wp\/v2\/posts\/944445\/revisions\/944449"}],"wp:featuredmedia":[{"embeddable":true,"href":"https:\/\/www.cnbb.org.br\/cnbb-app\/wp\/v2\/media\/944446"}],"wp:attachment":[{"href":"https:\/\/www.cnbb.org.br\/cnbb-app\/wp\/v2\/media?parent=944445"}],"wp:term":[{"taxonomy":"category","embeddable":true,"href":"https:\/\/www.cnbb.org.br\/cnbb-app\/wp\/v2\/categories?post=944445"},{"taxonomy":"post_tag","embeddable":true,"href":"https:\/\/www.cnbb.org.br\/cnbb-app\/wp\/v2\/tags?post=944445"}],"curies":[{"name":"wp","href":"https:\/\/api.w.org\/{rel}","templated":true}]}}