{"id":944762,"date":"2023-05-18T11:29:12","date_gmt":"2023-05-18T14:29:12","guid":{"rendered":"https:\/\/www.cnbb.org.br\/?p=944762"},"modified":"2023-05-18T11:29:45","modified_gmt":"2023-05-18T14:29:45","slug":"enviados-a-falar-com-o-coracao","status":"publish","type":"post","link":"https:\/\/www.cnbb.org.br\/enviados-a-falar-com-o-coracao\/","title":{"rendered":"Enviados a falar \u201ccom o cora\u00e7\u00e3o\u201d\u00a0"},"content":{"rendered":"<p style=\"text-align: right;\"><strong>Dom Rodolfo Lu\u00eds Weber<br \/>\nArcebispo de Passo Fundo (RS)<\/strong><\/p>\n<p>&nbsp;<\/p>\n<p style=\"text-align: justify;\"><span data-contrast=\"auto\">A Igreja celebra a solenidade da \u201cAscen\u00e7\u00e3o do Senhor\u201d e no mesmo dia convida para o \u201cDia Mundial das Comunica\u00e7\u00f5es Sociais\u201d. Dois temas que se encontram pois Jesus ordenou aos disc\u00edpulos: \u201cIde e fazei disc\u00edpulos meus todos os povos, (&#8230;), e ensinando-os a observar tudo o que vos ordenei\u201d (Mateus 28,16-20). O lema desta 57\u00ba edi\u00e7\u00e3o \u00e9 \u201cFala com o cora\u00e7\u00e3o. Testemunhando a verdade no amor\u201d (Ef\u00e9sios 4,15).<\/span><span data-ccp-props=\"{&quot;201341983&quot;:0,&quot;335551550&quot;:6,&quot;335551620&quot;:6,&quot;335559739&quot;:120,&quot;335559740&quot;:259}\">\u00a0<\/span><\/p>\n<p style=\"text-align: justify;\"><span data-contrast=\"auto\">A Ascen\u00e7\u00e3o de Jesus \u00e9 descrita de uma forma muito s\u00f3bria, nada espetacular como a curiosidade humana desejaria. Toda descri\u00e7\u00e3o apresentada em Atos dos Ap\u00f3stolos 1,1-11 desenvolve-se com o objetivo de levar a f\u00e9 em Jesus Cristo, compreender o seu caminho rumo ao Pai e, consequentemente, sobre a meta e o sentido do caminhar do crist\u00e3o neste mundo. O significado de uma exist\u00eancia se compreende pela sua finalidade, pelo seu ponto de chegada. A ascens\u00e3o \u00e9 um raio de luz que ilumina todo percurso de Jesus. Todo a vida de Jesus \u00e9 descrita pelo seu caminhar consciente, constante e respons\u00e1vel. Sabia onde queria chegar, que deveria passar por Jerusal\u00e9m para sofrer a morte, at\u00e9 chegar \u00e0 verdadeira meta final que era o Pai. A Profiss\u00e3o de F\u00e9 crist\u00e3 diz: \u201csubiu aos c\u00e9us; est\u00e1 sentado \u00e0 direita de Deus Pai todo-poderoso\u201d.<\/span><span data-ccp-props=\"{&quot;201341983&quot;:0,&quot;335551550&quot;:6,&quot;335551620&quot;:6,&quot;335559731&quot;:708,&quot;335559739&quot;:120,&quot;335559740&quot;:259}\">\u00a0<\/span><\/p>\n<p style=\"text-align: justify;\"><span data-contrast=\"auto\">Os disc\u00edpulos ficaram olhando para alto depois de Jesus ser elevado entre nuvens. Uma atitude que poderia faz\u00ea-los esquecer da vida cotidiana, por isso s\u00e3o alertados: \u201cPorque ficais aqui, parados, olhando para o c\u00e9u?\u201d O crist\u00e3o n\u00e3o foge do mundo, nem despreza as realidades materiais. O olhar fixo em Jesus, como meta final da vida do crist\u00e3o viajante por este mundo, permite que n\u00e3o se acomode com as realidades terrestres e viva na esperan\u00e7a da vida eterna. O crist\u00e3o caminha, n\u00e3o sozinho, pois Jesus disse: \u201cEis que estarei convosco todos os dias, at\u00e9 o fim do mundo\u201d.<\/span><span data-ccp-props=\"{&quot;201341983&quot;:0,&quot;335551550&quot;:6,&quot;335551620&quot;:6,&quot;335559731&quot;:708,&quot;335559739&quot;:120,&quot;335559740&quot;:259}\">\u00a0<\/span><\/p>\n<p style=\"text-align: justify;\"><span data-contrast=\"auto\">Jesus enviou os disc\u00edpulos ao mundo comunicar o que aprenderam. A forma de comunicar \u00e9 muito importante. Extraio algumas passagens da mensagem do Papa Francisco para o LVII Dia Mundial das Comunica\u00e7\u00f5es Sociais. \u00c9 importante ler a mensagem na \u00edntegra. S\u00e3o ensinamentos destinados para quem anuncia o Evangelho e para todos as formas de comunica\u00e7\u00e3o na sociedade.\u00a0<\/span><span data-ccp-props=\"{&quot;201341983&quot;:0,&quot;335551550&quot;:6,&quot;335551620&quot;:6,&quot;335559731&quot;:708,&quot;335559739&quot;:120,&quot;335559740&quot;:259}\">\u00a0<\/span><\/p>\n<p style=\"text-align: justify;\"><span data-contrast=\"none\">\u201cDepois de ter refletido (&#8230;) sobre os verbos \u00abir e ver\u00bb e \u00abescutar\u00bb como condi\u00e7\u00e3o necess\u00e1ria para uma boa comunica\u00e7\u00e3o, (&#8230;) gostaria de me deter sobre o \u00abfalar com o cora\u00e7\u00e3o\u00bb. Foi o cora\u00e7\u00e3o que nos moveu para ir, ver e escutar, e \u00e9 o cora\u00e7\u00e3o que nos move para uma comunica\u00e7\u00e3o aberta e acolhedora. Ap\u00f3s o nosso treino na escuta, que requer saber esperar e paci\u00eancia, e o treino na ren\u00fancia a impor em detrimento dos outros o nosso ponto de vista, podemos entrar na din\u00e2mica do di\u00e1logo e da partilha que \u00e9, em concreto,\u202f<\/span><i><span data-contrast=\"none\">comunicar cordialmente<\/span><\/i><span data-contrast=\"none\">. E, se escutarmos o outro com cora\u00e7\u00e3o puro, conseguiremos tamb\u00e9m falar\u202f<\/span><i><span data-contrast=\"none\">testemunhando a verdade no amor<\/span><\/i><span data-contrast=\"none\">\u202f(cf.\u202f<\/span><i><span data-contrast=\"none\">Ef<\/span><\/i><span data-contrast=\"none\">\u202f4, 15)\u201d.\u00a0<\/span><span data-ccp-props=\"{&quot;201341983&quot;:0,&quot;335551550&quot;:6,&quot;335551620&quot;:6,&quot;335559731&quot;:708,&quot;335559739&quot;:120,&quot;335559740&quot;:259}\">\u00a0<\/span><\/p>\n<p style=\"text-align: justify;\"><span data-contrast=\"none\">\u201cComunicar cordialmente quer dizer que a pessoa que nos l\u00ea ou escuta \u00e9 levada a deduzir a nossa participa\u00e7\u00e3o nas alegrias e receios, nas esperan\u00e7as e sofrimentos das mulheres e homens do nosso tempo. Quem assim fala, ama o outro, pois preocupa-se com ele e salvaguarda a sua liberdade, sem a violar\u201d.<\/span><span data-ccp-props=\"{&quot;201341983&quot;:0,&quot;335551550&quot;:6,&quot;335551620&quot;:6,&quot;335559731&quot;:708,&quot;335559739&quot;:120,&quot;335559740&quot;:259}\">\u00a0<\/span><\/p>\n<p style=\"text-align: justify;\"><span data-contrast=\"none\">\u201cQue o Senhor Jesus, Palavra pura que brota do cora\u00e7\u00e3o do Pai, nos ajude a tornar a nossa comunica\u00e7\u00e3o livre, limpa e cordial. (&#8230;) nos ajude a colocar-nos \u00e0 escuta do palpitar dos cora\u00e7\u00f5es, para nos reconhecermos como irm\u00e3os e irm\u00e3s e desativarmos a hostilidade que divide. (&#8230;) nos ajude a dizer a verdade no amor, para nos sentirmos guardi\u00f5es uns dos outros\u201d.<\/span><span data-ccp-props=\"{&quot;201341983&quot;:0,&quot;335551550&quot;:6,&quot;335551620&quot;:6,&quot;335559731&quot;:708,&quot;335559739&quot;:120,&quot;335559740&quot;:259}\">\u00a0<\/span><\/p>\n<p>&nbsp;<\/p>\n<p><span data-ccp-props=\"{&quot;134233117&quot;:true,&quot;134233118&quot;:true,&quot;201341983&quot;:0,&quot;335559739&quot;:160,&quot;335559740&quot;:240}\">\u00a0<\/span><\/p>\n<p><span data-ccp-props=\"{&quot;134233117&quot;:true,&quot;134233118&quot;:true,&quot;201341983&quot;:0,&quot;335551550&quot;:6,&quot;335551620&quot;:6,&quot;335559731&quot;:708,&quot;335559739&quot;:160,&quot;335559740&quot;:240}\">\u00a0<\/span><\/p>\n<p><span data-ccp-props=\"{&quot;134233117&quot;:true,&quot;201341983&quot;:0,&quot;335551550&quot;:6,&quot;335551620&quot;:6,&quot;335559739&quot;:120,&quot;335559740&quot;:240}\">\u00a0<\/span><\/p>\n","protected":false},"excerpt":{"rendered":"<p>Dom Rodolfo Lu\u00eds Weber Arcebispo de Passo Fundo (RS) &nbsp; A Igreja celebra a solenidade da \u201cAscen\u00e7\u00e3o do Senhor\u201d e no mesmo dia convida para o \u201cDia Mundial das Comunica\u00e7\u00f5es Sociais\u201d. Dois temas que se encontram pois Jesus ordenou aos disc\u00edpulos: \u201cIde e fazei disc\u00edpulos meus todos os povos, (&#8230;), e ensinando-os a observar tudo &hellip;<\/p>\n<p class=\"read-more\"> <a class=\"\" href=\"https:\/\/www.cnbb.org.br\/enviados-a-falar-com-o-coracao\/\"> <span class=\"screen-reader-text\">Enviados a falar \u201ccom o cora\u00e7\u00e3o\u201d\u00a0<\/span> Leia mais &raquo;<\/a><\/p>\n","protected":false},"author":27,"featured_media":0,"comment_status":"open","ping_status":"open","sticky":false,"template":"","format":"standard","meta":{"site-sidebar-layout":"default","site-content-layout":"default","ast-global-header-display":"","ast-banner-title-visibility":"","ast-main-header-display":"","ast-hfb-above-header-display":"","ast-hfb-below-header-display":"","ast-hfb-mobile-header-display":"","site-post-title":"","ast-breadcrumbs-content":"","ast-featured-img":"","footer-sml-layout":"","theme-transparent-header-meta":"default","adv-header-id-meta":"","stick-header-meta":"","header-above-stick-meta":"","header-main-stick-meta":"","header-below-stick-meta":""},"categories":[758],"tags":[],"acf":[],"_links":{"self":[{"href":"https:\/\/www.cnbb.org.br\/cnbb-app\/wp\/v2\/posts\/944762"}],"collection":[{"href":"https:\/\/www.cnbb.org.br\/cnbb-app\/wp\/v2\/posts"}],"about":[{"href":"https:\/\/www.cnbb.org.br\/cnbb-app\/wp\/v2\/types\/post"}],"author":[{"embeddable":true,"href":"https:\/\/www.cnbb.org.br\/cnbb-app\/wp\/v2\/users\/27"}],"replies":[{"embeddable":true,"href":"https:\/\/www.cnbb.org.br\/cnbb-app\/wp\/v2\/comments?post=944762"}],"version-history":[{"count":1,"href":"https:\/\/www.cnbb.org.br\/cnbb-app\/wp\/v2\/posts\/944762\/revisions"}],"predecessor-version":[{"id":944763,"href":"https:\/\/www.cnbb.org.br\/cnbb-app\/wp\/v2\/posts\/944762\/revisions\/944763"}],"wp:attachment":[{"href":"https:\/\/www.cnbb.org.br\/cnbb-app\/wp\/v2\/media?parent=944762"}],"wp:term":[{"taxonomy":"category","embeddable":true,"href":"https:\/\/www.cnbb.org.br\/cnbb-app\/wp\/v2\/categories?post=944762"},{"taxonomy":"post_tag","embeddable":true,"href":"https:\/\/www.cnbb.org.br\/cnbb-app\/wp\/v2\/tags?post=944762"}],"curies":[{"name":"wp","href":"https:\/\/api.w.org\/{rel}","templated":true}]}}