{"id":944861,"date":"2023-05-19T12:07:55","date_gmt":"2023-05-19T15:07:55","guid":{"rendered":"https:\/\/www.cnbb.org.br\/?p=944861"},"modified":"2023-05-19T12:12:52","modified_gmt":"2023-05-19T15:12:52","slug":"olhar-para-o-ceu-a-partir-da-realidade-da-terra","status":"publish","type":"post","link":"https:\/\/www.cnbb.org.br\/olhar-para-o-ceu-a-partir-da-realidade-da-terra\/","title":{"rendered":"Olhar para o c\u00e9u a partir da realidade da terra!\u00a0"},"content":{"rendered":"<p style=\"text-align: right;\"><strong>Dom Jos\u00e9 Gislon<br \/>\nBispo de Caxias do Sul (RS)<\/strong><\/p>\n<p>&nbsp;<\/p>\n<p style=\"text-align: justify;\"><span data-contrast=\"auto\">Queridos irm\u00e3os e irm\u00e3s em Cristo Jesus! Como homens e mulheres de f\u00e9, disc\u00edpulos e disc\u00edpulas do Senhor Jesus, que acolheram no cora\u00e7\u00e3o o Evangelho, celebramos o retorno de Jesus ao Pai, na Solenidade lit\u00fargica da Ascens\u00e3o do Senhor.\u00a0<\/span><span data-ccp-props=\"{&quot;201341983&quot;:0,&quot;335551550&quot;:6,&quot;335551620&quot;:6,&quot;335559739&quot;:200,&quot;335559740&quot;:240}\">\u00a0<\/span><\/p>\n<p style=\"text-align: justify;\"><span data-contrast=\"auto\">Nessa Solenidade, somos convidados, como Igreja, povo de Deus a caminho, a aclamar, cantar e louvar o Senhor, que ascende ao c\u00e9u e senta no seu trono santo \u00e0 direita do Pai. Sabemos que esta palavra se cumpriu em Cristo Jesus, Filho de Deus descido do c\u00e9u para a nossa salva\u00e7\u00e3o, e ascendeu ao c\u00e9u, depois de ter cumprido tudo aquilo que nas Escrituras referia-se a Ele. O Rei Messias, que instaurou sobre a terra o Reino do seu Pai, atrav\u00e9s do dom total de si sobre o trono da cruz, hoje retorna ao Pai, levando consigo a humanidade redimida e reconciliada.<\/span><span data-ccp-props=\"{&quot;201341983&quot;:0,&quot;335551550&quot;:6,&quot;335551620&quot;:6,&quot;335559739&quot;:200,&quot;335559740&quot;:240}\">\u00a0<\/span><\/p>\n<p style=\"text-align: justify;\"><span data-contrast=\"auto\">A ascens\u00e3o de Jesus ao c\u00e9u \u00e9 o acontecimento da chegada de todo o Evangelho, hist\u00f3ria e atos de Jesus, e aquele da partida para narrar a hist\u00f3ria e os atos da Igreja e dos ap\u00f3stolos. O c\u00e9u designa o lugar onde se encontra o seu e nosso Pai. E, como Povo de Deus a caminho, em cada situa\u00e7\u00e3o que toca a nossa vida, podemos sempre elevar aos c\u00e9us o olhar de onde somos olhados, acompanhados e aben\u00e7oados pelo Senhor Jesus, que de diversos modos, permanece conosco todos os dias.<\/span><span data-ccp-props=\"{&quot;201341983&quot;:0,&quot;335551550&quot;:6,&quot;335551620&quot;:6,&quot;335559739&quot;:200,&quot;335559740&quot;:240}\">\u00a0<\/span><\/p>\n<p style=\"text-align: justify;\"><span data-contrast=\"auto\">As \u00faltimas palavras de Jesus aos seus disc\u00edpulos n\u00e3o foram de despedida e de abandono (Mt 28,16-20), mas foram marcadas pelo envio mission\u00e1rio: \u201c<\/span><i><span data-contrast=\"auto\">ide e fazei disc\u00edpulos meus em todos os povos, batizando-os em nome do Pai e do Filho e do Esp\u00edrito Santo<\/span><\/i><span data-contrast=\"auto\">\u201d (Mt 28,19), para que pudessem anunciar ao mundo o Evangelho de Nosso Senhor Jesus Cristo. N\u00e3o foi uma despedida ou abandono, porque o pr\u00f3prio Senhor Jesus afirma: <\/span><i><span data-contrast=\"auto\">\u201cEis que eu estarei convosco todos os dias, at\u00e9 ao fim do mundo\u201d<\/span><\/i><span data-contrast=\"auto\"> (Mt 28,20).\u00a0<\/span><span data-ccp-props=\"{&quot;201341983&quot;:0,&quot;335551550&quot;:6,&quot;335551620&quot;:6,&quot;335559739&quot;:200,&quot;335559740&quot;:240}\">\u00a0<\/span><\/p>\n<p style=\"text-align: justify;\"><span data-contrast=\"auto\">O acontecimento da Ascens\u00e3o do Senhor ao C\u00e9u \u00e9 a entrada de Cristo no santu\u00e1rio do c\u00e9u, no Santo dos Santos, na comunh\u00e3o trinit\u00e1ria. Ali, entre o Pai e o Esp\u00edrito, agora est\u00e1 presente tamb\u00e9m a nossa carne humana. Com Jesus, que ascendeu ao c\u00e9u, tamb\u00e9m n\u00f3s agora temos acesso ao Pai no Esp\u00edrito e podemos caminhar com Jesus em dire\u00e7\u00e3o \u00e0 casa de Deus.\u00a0<\/span><span data-ccp-props=\"{&quot;201341983&quot;:0,&quot;335551550&quot;:6,&quot;335551620&quot;:6,&quot;335559739&quot;:200,&quot;335559740&quot;:240}\">\u00a0<\/span><\/p>\n<p style=\"text-align: justify;\"><span data-contrast=\"auto\">Jesus, que retorna ao Pai no c\u00e9u, deixa a terra, mas n\u00e3o nos abandona, ele continua conosco animando a nossa caminhada de Povo de Deus, atrav\u00e9s das Palavras das Sagradas Escrituras e na Sagrada Eucaristia. Ele continua nos ajudando, com seu cora\u00e7\u00e3o de Mestre e Senhor, a vivermos uma intensa comunh\u00e3o de amor com a Trindade Santa. Mas tamb\u00e9m entre n\u00f3s, atrav\u00e9s da alegria, na maturidade da f\u00e9 e na esperan\u00e7a, que marcaram e marcam a vida e a miss\u00e3o dos disc\u00edpulos do Senhor, no passado e no presente. Cada passo da nossa vida, mesmo os mais dif\u00edceis, s\u00e3o para o nosso crescimento pessoal. Como disc\u00edpulos de Jesus Cristo, pela gra\u00e7a do batismo, temos a miss\u00e3o de sermos suas testemunhas e mission\u00e1rios sobre a terra.\u00a0<\/span><span data-ccp-props=\"{&quot;201341983&quot;:0,&quot;335551550&quot;:6,&quot;335551620&quot;:6,&quot;335559739&quot;:200,&quot;335559740&quot;:240}\">\u00a0<\/span><\/p>\n<p><span data-ccp-props=\"{&quot;201341983&quot;:0,&quot;335551550&quot;:6,&quot;335551620&quot;:6,&quot;335559739&quot;:200,&quot;335559740&quot;:240}\">\u00a0<\/span><\/p>\n<p>&nbsp;<\/p>\n","protected":false},"excerpt":{"rendered":"<p>Dom Jos\u00e9 Gislon Bispo de Caxias do Sul (RS) &nbsp; Queridos irm\u00e3os e irm\u00e3s em Cristo Jesus! Como homens e mulheres de f\u00e9, disc\u00edpulos e disc\u00edpulas do Senhor Jesus, que acolheram no cora\u00e7\u00e3o o Evangelho, celebramos o retorno de Jesus ao Pai, na Solenidade lit\u00fargica da Ascens\u00e3o do Senhor.\u00a0\u00a0 Nessa Solenidade, somos convidados, como Igreja, &hellip;<\/p>\n<p class=\"read-more\"> <a class=\"\" href=\"https:\/\/www.cnbb.org.br\/olhar-para-o-ceu-a-partir-da-realidade-da-terra\/\"> <span class=\"screen-reader-text\">Olhar para o c\u00e9u a partir da realidade da terra!\u00a0<\/span> Leia mais &raquo;<\/a><\/p>\n","protected":false},"author":20,"featured_media":0,"comment_status":"open","ping_status":"open","sticky":false,"template":"","format":"standard","meta":{"site-sidebar-layout":"default","site-content-layout":"default","ast-global-header-display":"","ast-banner-title-visibility":"","ast-main-header-display":"","ast-hfb-above-header-display":"","ast-hfb-below-header-display":"","ast-hfb-mobile-header-display":"","site-post-title":"","ast-breadcrumbs-content":"","ast-featured-img":"","footer-sml-layout":"","theme-transparent-header-meta":"default","adv-header-id-meta":"","stick-header-meta":"","header-above-stick-meta":"","header-main-stick-meta":"","header-below-stick-meta":""},"categories":[758],"tags":[],"acf":[],"_links":{"self":[{"href":"https:\/\/www.cnbb.org.br\/cnbb-app\/wp\/v2\/posts\/944861"}],"collection":[{"href":"https:\/\/www.cnbb.org.br\/cnbb-app\/wp\/v2\/posts"}],"about":[{"href":"https:\/\/www.cnbb.org.br\/cnbb-app\/wp\/v2\/types\/post"}],"author":[{"embeddable":true,"href":"https:\/\/www.cnbb.org.br\/cnbb-app\/wp\/v2\/users\/20"}],"replies":[{"embeddable":true,"href":"https:\/\/www.cnbb.org.br\/cnbb-app\/wp\/v2\/comments?post=944861"}],"version-history":[{"count":2,"href":"https:\/\/www.cnbb.org.br\/cnbb-app\/wp\/v2\/posts\/944861\/revisions"}],"predecessor-version":[{"id":944863,"href":"https:\/\/www.cnbb.org.br\/cnbb-app\/wp\/v2\/posts\/944861\/revisions\/944863"}],"wp:attachment":[{"href":"https:\/\/www.cnbb.org.br\/cnbb-app\/wp\/v2\/media?parent=944861"}],"wp:term":[{"taxonomy":"category","embeddable":true,"href":"https:\/\/www.cnbb.org.br\/cnbb-app\/wp\/v2\/categories?post=944861"},{"taxonomy":"post_tag","embeddable":true,"href":"https:\/\/www.cnbb.org.br\/cnbb-app\/wp\/v2\/tags?post=944861"}],"curies":[{"name":"wp","href":"https:\/\/api.w.org\/{rel}","templated":true}]}}