{"id":944867,"date":"2023-05-19T12:46:11","date_gmt":"2023-05-19T15:46:11","guid":{"rendered":"https:\/\/www.cnbb.org.br\/?p=944867"},"modified":"2023-05-19T12:46:48","modified_gmt":"2023-05-19T15:46:48","slug":"ascensao-o-senhor-se-elevou-e-nos-elevou","status":"publish","type":"post","link":"https:\/\/www.cnbb.org.br\/ascensao-o-senhor-se-elevou-e-nos-elevou\/","title":{"rendered":"Ascens\u00e3o: O Senhor se elevou e nos elevou\u00a0"},"content":{"rendered":"<p style=\"text-align: right;\"><strong>Dom Lindomar Rocha Mota<br \/>\nBispo de S\u00e3o Lu\u00eds de Montes Belos (GO)\u00a0<\/strong><\/p>\n<p style=\"text-align: justify;\"><span data-ccp-props=\"{}\">\u00a0<\/span><\/p>\n<p style=\"text-align: justify;\"><span data-contrast=\"auto\">Chegou o dia da partida. Nos arredores de Jerusal\u00e9m, Jesus reuniu pela \u00faltima vez os seus disc\u00edpulos e lhes entregou a miss\u00e3o. Agora, de maneira plena, n\u00f3s dever\u00edamos continuar o Reino que Ele inaugurou.<\/span><span data-ccp-props=\"{&quot;335551550&quot;:6,&quot;335551620&quot;:6}\">\u00a0<\/span><\/p>\n<p style=\"text-align: justify;\"><span data-contrast=\"auto\">Depois de prometer o Esp\u00edrito Santo, os ap\u00f3stolos nos recordam que \u201cJesus foi levado ao c\u00e9u, \u00e0 vista deles. Uma nuvem o encobriu, de forma que seus olhos n\u00e3o mais podiam v\u00ea-lo\u201d (At 1,9).<\/span><span data-ccp-props=\"{&quot;335551550&quot;:6,&quot;335551620&quot;:6}\">\u00a0<\/span><\/p>\n<p style=\"text-align: justify;\"><span data-contrast=\"auto\">O Senhor havia ensinado tudo que precis\u00e1vamos. Ele mesmo sabia disso. Com a vida e a palavra, que nEle era uma coisa s\u00f3, elevou a humanidade ao limite de sua condi\u00e7\u00e3o, at\u00e9 que foi poss\u00edvel tocar o c\u00e9u. Rompendo os limites entre a vida e morte Ele rasgou o \u00faltimo v\u00e9u que nos impedia de chegar a Deus.<\/span><span data-ccp-props=\"{&quot;335551550&quot;:6,&quot;335551620&quot;:6}\">\u00a0<\/span><\/p>\n<p style=\"text-align: justify;\"><span data-contrast=\"auto\">Entretanto, despedir-se dos amigos nunca \u00e9 f\u00e1cil; principalmente se esse amigo deu a prova suprema de seu amor. Atordoados, com olhos voltados para cima, permanecemos por algum tempo inertes. N\u00e3o era tristeza, era estupor por testemunhar e se admirar, ainda mais, com aquele que sem se prender a sua divindade caminhou conosco.<\/span><span data-ccp-props=\"{&quot;335551550&quot;:6,&quot;335551620&quot;:6}\">\u00a0<\/span><\/p>\n<p style=\"text-align: justify;\"><span data-contrast=\"auto\">Era o estupor de mem\u00f3rias perdidas. Mem\u00f3rias oscilantes que fazia todos se perguntarem: por que, como Pedro, tamb\u00e9m n\u00e3o nos jogamos ao mar s\u00f3 para abra\u00e7a-lo primeiro? Por que nos contentamos com a sua aus\u00eancia, ainda que breve, quando esteve conosco?<\/span><span data-ccp-props=\"{&quot;335551550&quot;:6,&quot;335551620&quot;:6}\">\u00a0<\/span><\/p>\n<p style=\"text-align: justify;\"><span data-contrast=\"auto\">Mas suas pr\u00f3prias palavras, agora no arcabou\u00e7o dos cora\u00e7\u00f5es, s\u00e3o capazes de curar, pois, como Ele mesmo disse, n\u00e3o fomos n\u00f3s que o escolhemos, mas Ele que nos escolheu.<\/span><span data-ccp-props=\"{&quot;335551550&quot;:6,&quot;335551620&quot;:6}\">\u00a0<\/span><\/p>\n<p style=\"text-align: justify;\"><span data-contrast=\"auto\">Ent\u00e3o o Senhor nos tirou do sono e da quietude ao nos chamar \u00e0 raz\u00e3o, dizendo: &#8220;Homens da Galileia, por que ficais aqui, parados, olhando para o c\u00e9u? (At 1,11). Com essas palavras Ele reabre o caminho. A sua vinda ao mundo foi afetiva, porque sabia que o cora\u00e7\u00e3o humano s\u00f3 segue aquilo a que ama, mas era tamb\u00e9m, mission\u00e1ria. A sua miss\u00e3o \u00e9 a nossa miss\u00e3o. Deste ponto em diante, sem reserva, pois Ele confiou a n\u00f3s continuar o que Ele mesmo havia come\u00e7ado.<\/span><span data-ccp-props=\"{&quot;335551550&quot;:6,&quot;335551620&quot;:6}\">\u00a0<\/span><\/p>\n<p style=\"text-align: justify;\"><span data-contrast=\"auto\">O Reino \u00e9 feito de gente. De disc\u00edpulos e disc\u00edpulas que devem se multiplicar nos tempos vindouros. Recebemos dEle este mandamento: \u201cide e fazei disc\u00edpulos meus todos os povos, batizando-os em nome do Pai e do Filho e do Esp\u00edrito Santo, e ensinando-os a observar tudo o que vos ordenei!\u201d (Mt 28, 19-20).<\/span><span data-ccp-props=\"{&quot;335551550&quot;:6,&quot;335551620&quot;:6}\">\u00a0<\/span><\/p>\n<p style=\"text-align: justify;\"><span data-contrast=\"auto\">Deu-nos uma tarefa dif\u00edcil. Imposs\u00edvel ao nosso julgamento. Continuar o seu pr\u00f3prio trabalho neste mundo \u00e9 desejo que se desprendeu do inexor\u00e1vel cora\u00e7\u00e3o da Trindade, revelado nos \u00faltimos dias a n\u00f3s. Deu-nos mais do que pod\u00edamos suportar. Mas Ele nos conhecia por dentro. Conhecia a nossa for\u00e7a interior e a nossa f\u00e9. Conhecia-nos mais do que n\u00f3s mesmos nos conhecemos; por isso, nos lan\u00e7ou no mundo como cordeiro em meio a le\u00f5es, e n\u00f3s fomos.<\/span><span data-ccp-props=\"{&quot;335551550&quot;:6,&quot;335551620&quot;:6}\">\u00a0<\/span><\/p>\n<p style=\"text-align: justify;\"><span data-contrast=\"auto\">Toda vez que o derrotismo se apossa da miss\u00e3o, toda vez que a muralha na frente se agiganta e os abismos parecem instranspon\u00edveis lembramos da promessa que Ele fez ao se despedir de n\u00f3s: \u201cEis que eu estarei convosco todos os dias, at\u00e9 ao fim do mundo&#8221;. Deste modo, Ele se elevou e nos elevou, e o C\u00e9u se abriu para o mundo inteiro, at\u00e9 os dias de hoje.<\/span><span data-ccp-props=\"{&quot;335551550&quot;:6,&quot;335551620&quot;:6}\">\u00a0<\/span><\/p>\n","protected":false},"excerpt":{"rendered":"<p>Dom Lindomar Rocha Mota Bispo de S\u00e3o Lu\u00eds de Montes Belos (GO)\u00a0 \u00a0 Chegou o dia da partida. Nos arredores de Jerusal\u00e9m, Jesus reuniu pela \u00faltima vez os seus disc\u00edpulos e lhes entregou a miss\u00e3o. Agora, de maneira plena, n\u00f3s dever\u00edamos continuar o Reino que Ele inaugurou.\u00a0 Depois de prometer o Esp\u00edrito Santo, os ap\u00f3stolos &hellip;<\/p>\n<p class=\"read-more\"> <a class=\"\" href=\"https:\/\/www.cnbb.org.br\/ascensao-o-senhor-se-elevou-e-nos-elevou\/\"> <span class=\"screen-reader-text\">Ascens\u00e3o: O Senhor se elevou e nos elevou\u00a0<\/span> Leia mais &raquo;<\/a><\/p>\n","protected":false},"author":112,"featured_media":0,"comment_status":"open","ping_status":"open","sticky":false,"template":"","format":"standard","meta":{"site-sidebar-layout":"default","site-content-layout":"default","ast-global-header-display":"","ast-banner-title-visibility":"","ast-main-header-display":"","ast-hfb-above-header-display":"","ast-hfb-below-header-display":"","ast-hfb-mobile-header-display":"","site-post-title":"","ast-breadcrumbs-content":"","ast-featured-img":"","footer-sml-layout":"","theme-transparent-header-meta":"default","adv-header-id-meta":"","stick-header-meta":"","header-above-stick-meta":"","header-main-stick-meta":"","header-below-stick-meta":""},"categories":[758],"tags":[],"acf":[],"_links":{"self":[{"href":"https:\/\/www.cnbb.org.br\/cnbb-app\/wp\/v2\/posts\/944867"}],"collection":[{"href":"https:\/\/www.cnbb.org.br\/cnbb-app\/wp\/v2\/posts"}],"about":[{"href":"https:\/\/www.cnbb.org.br\/cnbb-app\/wp\/v2\/types\/post"}],"author":[{"embeddable":true,"href":"https:\/\/www.cnbb.org.br\/cnbb-app\/wp\/v2\/users\/112"}],"replies":[{"embeddable":true,"href":"https:\/\/www.cnbb.org.br\/cnbb-app\/wp\/v2\/comments?post=944867"}],"version-history":[{"count":1,"href":"https:\/\/www.cnbb.org.br\/cnbb-app\/wp\/v2\/posts\/944867\/revisions"}],"predecessor-version":[{"id":944868,"href":"https:\/\/www.cnbb.org.br\/cnbb-app\/wp\/v2\/posts\/944867\/revisions\/944868"}],"wp:attachment":[{"href":"https:\/\/www.cnbb.org.br\/cnbb-app\/wp\/v2\/media?parent=944867"}],"wp:term":[{"taxonomy":"category","embeddable":true,"href":"https:\/\/www.cnbb.org.br\/cnbb-app\/wp\/v2\/categories?post=944867"},{"taxonomy":"post_tag","embeddable":true,"href":"https:\/\/www.cnbb.org.br\/cnbb-app\/wp\/v2\/tags?post=944867"}],"curies":[{"name":"wp","href":"https:\/\/api.w.org\/{rel}","templated":true}]}}