{"id":9449,"date":"2011-11-12T00:00:00","date_gmt":"2011-11-12T02:00:00","guid":{"rendered":"https:\/\/www.cnbb.org.br\/igreja-no-brasil-vai-priorizar-a-formacao-missionaria-dos-futuros-sacerdotes\/"},"modified":"2020-03-11T20:04:21","modified_gmt":"2020-03-11T23:04:21","slug":"igreja-no-brasil-vai-priorizar-a-formacao-missionaria-dos-futuros-sacerdotes","status":"publish","type":"post","link":"https:\/\/www.cnbb.org.br\/igreja-no-brasil-vai-priorizar-a-formacao-missionaria-dos-futuros-sacerdotes\/","title":{"rendered":"Igreja no Brasil vai priorizar a forma\u00e7\u00e3o mission\u00e1ria dos futuros sacerdotes"},"content":{"rendered":"<p style=\"text-align: justify\">\u201cAprofundar a forma\u00e7\u00e3o pastoral mission\u00e1ria dos futuros presb\u00edteros\u201d. Este foi o objetivo da reuni\u00e3o dos bispos presidentes das Comiss\u00f5es Episcopais Pastorais para a A\u00e7\u00e3o Mission\u00e1ria e Coopera\u00e7\u00e3o Intereclesial da CNBB, dom S\u00e9rgio Arthur Braschi; dos Minist\u00e9rios Ordenados e Vida Consagrada, dom Pedro Brito; da Comiss\u00e3o para a Amaz\u00f4nia, cujo presidente \u00e9 o cardeal arcebispo em\u00e9rito de S\u00e3o Paulo (SP), dom Cl\u00e1udio Hummes, mas que teve a participa\u00e7\u00e3o do membro da Comiss\u00e3o, dom Moacyr Grechi e da dire\u00e7\u00e3o das Pontif\u00edcias Obras Mission\u00e1rias (POM) e do Centro Cultural Mission\u00e1rio (CCM).<\/p>\n<p><!--more--><\/p>\n<p style=\"text-align: justify\">Realizada nos dias 10 e 11, no CCM em Bras\u00edlia, o encontro surgiu como ideia e proposta durante uma reuni\u00e3o realizada na 49\u00aa Assembleia Geral da Confer\u00eancia Nacional dos Bispos do Brasil (CNBB), em Aparecida (SP) no \u00faltimo m\u00eas de maio. L\u00e1, 20 bispos definiram que seria v\u00e1lido realizar um encontro para discutir partilhas de experi\u00eancias mission\u00e1rias que acontecem em v\u00e1rias regi\u00f5es do Brasil, como forma de est\u00e1gios, com objetivo de aprofundar a forma\u00e7\u00e3o dos futuros padres na realidade do Brasil e com enfoque na Amaz\u00f4nia.<\/p>\n<p style=\"text-align: justify\"><img decoding=\"async\" loading=\"lazy\" class=\" alignright size-full wp-image-12613\" style=\"float: right\" src=\"https:\/\/www.cnbb.org.br\/wp-content\/uploads\/2020\/03\/dom_pedro_brito_reuniao.jpg\" alt=\"dom_pedro_brito_reuniao\" width=\"193\" height=\"211\" \/>Foi da reuni\u00e3o em Aparecida que as tr\u00eas Comiss\u00f5es: A\u00e7\u00e3o Mission\u00e1ria, Minist\u00e9rios Ordenados e Vida Consagrada e para a Amaz\u00f4nia come\u00e7aram a articular o encontro. Durante o 1\u00ba Encontro para aprofundar a forma\u00e7\u00e3o pastoral mission\u00e1ria dos seminaristas foi aprovado um plano de apoio aos est\u00e1gios mission\u00e1rios no Brasil que dever\u00e1 ser um dos destaques do Plano Quadrienal das tr\u00eas Comiss\u00f5es, das POM e do CCM. \u201cVamos apoiar e estar mais presentes nas iniciativas, experi\u00eancias e est\u00e1gios mission\u00e1rios que existem em nosso pa\u00eds\u201d, garantiu o presidente da Comiss\u00e3o para os Minist\u00e9rios Ordenados, dom Pedro Brito.<\/p>\n<p style=\"text-align: justify\">Para o arcebispo, aprofundar e cultivar a dimens\u00e3o mission\u00e1ria a partir da forma\u00e7\u00e3o mission\u00e1ria do futuro sacerdote \u00e9 indispens\u00e1vel porque desde cedo ele deve despertar para a import\u00e2ncia dessa dimens\u00e3o da Igreja. \u201cCultivar a dimens\u00e3o mission\u00e1ria na forma\u00e7\u00e3o do presb\u00edtero \u00e9 importante porque o sacerdote \u00e9 um mission\u00e1rio por excel\u00eancia. N\u00e3o se torna sacerdote sem uma consci\u00eancia mission\u00e1ria\u201d, frisou dom Pedro.<\/p>\n<p style=\"text-align: justify\"><img decoding=\"async\" loading=\"lazy\" class=\" alignright size-full wp-image-12614\" style=\"float: right\" src=\"https:\/\/www.cnbb.org.br\/wp-content\/uploads\/2020\/03\/dom_esmeraldo_barreto.jpg\" alt=\"dom_esmeraldo_barreto\" width=\"186\" height=\"242\" \/>As tr\u00eas Comiss\u00f5es da CNBB juntamente com as Pontif\u00edcias Obras Mission\u00e1rias e o Centro Cultural Mission\u00e1rio t\u00eam um grande trabalho pela frente, a partir de agora. Isso porque ser\u00e1 feito um levantamento de todos os est\u00e1gios pastorais que existem no Brasil. Dom Pedro Brito explicou como ser\u00e1 o apoio das Comiss\u00f5es e da Igreja para esses est\u00e1gios mission\u00e1rios que t\u00eam o objetivo de colocar em evid\u00eancia a disposi\u00e7\u00e3o e compromisso da Igreja para a dimens\u00e3o mission\u00e1ria. \u201cAprovamos o projeto e vamos colocar no plano quadrienal o apoio \u00e0s iniciativas, \u00e0s experi\u00eancias e aos est\u00e1gios mission\u00e1rios que existem. Apoiar significa estar presente, divulgar, incentivar, rezar\u201d, disse ainda dom Pedro.<\/p>\n<p style=\"text-align: justify\"><img decoding=\"async\" loading=\"lazy\" class=\" alignleft size-full wp-image-12615\" style=\"float: left\" src=\"https:\/\/www.cnbb.org.br\/wp-content\/uploads\/2020\/03\/braschi_dom_sergio.jpg\" alt=\"braschi_dom_sergio\" width=\"137\" height=\"208\" \/>O ex-presidente da Comiss\u00e3o para os Minist\u00e9rios Ordenados e a Vida Consagra e bispo de Santar\u00e9m (PA), dom Esmeraldo Barreto de Farias, explicou em tr\u00eas pontos como se dar\u00e1 o apoio: \u201cFaremos o levantamento dos est\u00e1gios existentes; segundo, incentivaremos as dioceses que ainda n\u00e3o t\u00eam programa de est\u00e1gio para fazerem seguindo as Diretrizes da Forma\u00e7\u00e3o Presbiteral e, por \u00faltimo, ajudaremos na reflex\u00e3o, aprofundamento e sistematiza\u00e7\u00e3o dessas experi\u00eancias que devem somar na vida do futuro presb\u00edtero\u201d, disse o bispo que mant\u00e9m um est\u00e1gio mission\u00e1rio em sua diocese cuja programa\u00e7\u00e3o acontece uma vez a cada ano, nos meses de dezembro e janeiro e re\u00fane seminaristas de v\u00e1rias dioceses do pa\u00eds.<\/p>\n<p style=\"text-align: justify\"><img decoding=\"async\" loading=\"lazy\" class=\" alignleft size-full wp-image-12616\" style=\"float: left\" src=\"https:\/\/www.cnbb.org.br\/wp-content\/uploads\/2020\/03\/dom_moacyr_grechi.jpg\" alt=\"dom_moacyr_grechi\" width=\"182\" height=\"219\" \/>\u201cN\u00f3s estamos com o DAp redescobrindo a import\u00e2ncia dessa atitude do cora\u00e7\u00e3o (mission\u00e1ria) que deve ser de todo crist\u00e3o\u00a0 e muito mais do sacerdote\u201d, afirmou o presidente da Comiss\u00e3o para a A\u00e7\u00e3o Mission\u00e1ria, dom S\u00e9rgio Braschi que defende que os padres \u201cn\u00e3o sejam formados para sua pequena realidade local, mas tenham sempre um cora\u00e7\u00e3o aberto para a miss\u00e3o\u201d.<\/p>\n<p style=\"text-align: justify\">Para o membro da Comiss\u00e3o para a Amaz\u00f4nia, dom Moacyr Grechi, o que foi tratado na reuni\u00e3o \u201c\u00e9 um come\u00e7o promissor que entra no aspecto da miss\u00e3o continental, como tema e como preocupa\u00e7\u00e3o da Igreja no Brasil\u201d.<\/p>\n","protected":false},"excerpt":{"rendered":"<p>\u201cAprofundar a forma\u00e7\u00e3o pastoral mission\u00e1ria dos futuros presb\u00edteros\u201d. Este foi o objetivo da reuni\u00e3o dos bispos presidentes das Comiss\u00f5es Episcopais Pastorais para a A\u00e7\u00e3o Mission\u00e1ria e Coopera\u00e7\u00e3o Intereclesial da CNBB, dom S\u00e9rgio Arthur Braschi; dos Minist\u00e9rios Ordenados e Vida Consagrada, dom Pedro Brito; da Comiss\u00e3o para a Amaz\u00f4nia, cujo presidente \u00e9 o cardeal arcebispo em\u00e9rito &hellip;<\/p>\n<p class=\"read-more\"> <a class=\"\" href=\"https:\/\/www.cnbb.org.br\/igreja-no-brasil-vai-priorizar-a-formacao-missionaria-dos-futuros-sacerdotes\/\"> <span class=\"screen-reader-text\">Igreja no Brasil vai priorizar a forma\u00e7\u00e3o mission\u00e1ria dos futuros sacerdotes<\/span> Leia mais &raquo;<\/a><\/p>\n","protected":false},"author":83,"featured_media":9450,"comment_status":"open","ping_status":"open","sticky":false,"template":"","format":"standard","meta":{"site-sidebar-layout":"default","site-content-layout":"default","ast-global-header-display":"","ast-banner-title-visibility":"","ast-main-header-display":"","ast-hfb-above-header-display":"","ast-hfb-below-header-display":"","ast-hfb-mobile-header-display":"","site-post-title":"","ast-breadcrumbs-content":"","ast-featured-img":"","footer-sml-layout":"","theme-transparent-header-meta":"","adv-header-id-meta":"","stick-header-meta":"","header-above-stick-meta":"","header-main-stick-meta":"","header-below-stick-meta":""},"categories":[854,878],"tags":[],"acf":[],"_links":{"self":[{"href":"https:\/\/www.cnbb.org.br\/cnbb-app\/wp\/v2\/posts\/9449"}],"collection":[{"href":"https:\/\/www.cnbb.org.br\/cnbb-app\/wp\/v2\/posts"}],"about":[{"href":"https:\/\/www.cnbb.org.br\/cnbb-app\/wp\/v2\/types\/post"}],"author":[{"embeddable":true,"href":"https:\/\/www.cnbb.org.br\/cnbb-app\/wp\/v2\/users\/83"}],"replies":[{"embeddable":true,"href":"https:\/\/www.cnbb.org.br\/cnbb-app\/wp\/v2\/comments?post=9449"}],"version-history":[{"count":0,"href":"https:\/\/www.cnbb.org.br\/cnbb-app\/wp\/v2\/posts\/9449\/revisions"}],"wp:featuredmedia":[{"embeddable":true,"href":"https:\/\/www.cnbb.org.br\/cnbb-app\/wp\/v2\/media\/9450"}],"wp:attachment":[{"href":"https:\/\/www.cnbb.org.br\/cnbb-app\/wp\/v2\/media?parent=9449"}],"wp:term":[{"taxonomy":"category","embeddable":true,"href":"https:\/\/www.cnbb.org.br\/cnbb-app\/wp\/v2\/categories?post=9449"},{"taxonomy":"post_tag","embeddable":true,"href":"https:\/\/www.cnbb.org.br\/cnbb-app\/wp\/v2\/tags?post=9449"}],"curies":[{"name":"wp","href":"https:\/\/api.w.org\/{rel}","templated":true}]}}