{"id":944915,"date":"2023-05-22T11:48:51","date_gmt":"2023-05-22T14:48:51","guid":{"rendered":"https:\/\/www.cnbb.org.br\/?p=944915"},"modified":"2023-05-22T11:49:21","modified_gmt":"2023-05-22T14:49:21","slug":"semana-de-oracao-pela-unidade-crista-2023","status":"publish","type":"post","link":"https:\/\/www.cnbb.org.br\/semana-de-oracao-pela-unidade-crista-2023\/","title":{"rendered":"Semana de Ora\u00e7\u00e3o pela Unidade Crist\u00e3 2023"},"content":{"rendered":"<p style=\"text-align: right;\"><b><span data-contrast=\"auto\">Dom Eurico dos Santos Veloso<\/span><\/b><span data-ccp-props=\"{&quot;201341983&quot;:0,&quot;335551550&quot;:2,&quot;335551620&quot;:2,&quot;335559731&quot;:709,&quot;335559739&quot;:0,&quot;335559740&quot;:259}\"><br \/>\n<\/span><b><span data-contrast=\"auto\">Arcebispo Em\u00e9rito de Juiz de Fora (MG)<\/span><\/b><span data-ccp-props=\"{&quot;201341983&quot;:0,&quot;335551550&quot;:2,&quot;335551620&quot;:2,&quot;335559731&quot;:709,&quot;335559739&quot;:0,&quot;335559740&quot;:259}\">\u00a0<\/span><\/p>\n<p>&nbsp;<\/p>\n<p>&nbsp;<\/p>\n<p><i><span data-contrast=\"auto\">\u201cAprendei a fazer o bem, procurai a justi\u00e7a\u201d<\/span><\/i><span data-ccp-props=\"{&quot;201341983&quot;:0,&quot;335551550&quot;:2,&quot;335551620&quot;:2,&quot;335559739&quot;:160,&quot;335559740&quot;:259}\">\u00a0<\/span><\/p>\n<p style=\"text-align: justify;\"><span data-contrast=\"auto\">A Semana de Ora\u00e7\u00e3o pela Unidade Crist\u00e3 (SOUC) \u00e9 um evento especial que re\u00fane crist\u00e3os de diferentes denomina\u00e7\u00f5es e tradi\u00e7\u00f5es ao redor do mundo.\u00a0 Esta iniciativa, promovida mundialmente pelo Pontif\u00edcio Conselho para a Promo\u00e7\u00e3o da Unidade dos Crist\u00e3os e pelo Conselho Mundial de Igrejas, \u00e9 um momento precioso em que crist\u00e3os de diferentes tradi\u00e7\u00f5es se unem em ora\u00e7\u00e3o e reflex\u00e3o em busca da t\u00e3o desejada unidade.<\/span><span data-ccp-props=\"{&quot;201341983&quot;:0,&quot;335551550&quot;:6,&quot;335551620&quot;:6,&quot;335559731&quot;:708,&quot;335559739&quot;:160,&quot;335559740&quot;:259}\">\u00a0<\/span><\/p>\n<p style=\"text-align: justify;\"><span data-contrast=\"auto\">A SOUC ocorre em per\u00edodos diferentes nos dois hemisf\u00e9rios. No hemisf\u00e9rio Norte, \u00e9 celebrada tradicionalmente de 18 a 25 de janeiro, enquanto no hemisf\u00e9rio Sul, muitas Igrejas a celebram durante o per\u00edodo de Pentecostes, que neste ano ocorre de 22 a 28 de maio. Essas datas s\u00e3o simb\u00f3licas e nos convidam a refletir sobre a nossa identidade comum em Cristo e a buscar maneiras de fortalecer os la\u00e7os fraternos que nos unem.<\/span><span data-ccp-props=\"{&quot;201341983&quot;:0,&quot;335551550&quot;:6,&quot;335551620&quot;:6,&quot;335559731&quot;:708,&quot;335559739&quot;:160,&quot;335559740&quot;:259}\">\u00a0<\/span><\/p>\n<p style=\"text-align: justify;\"><span data-contrast=\"auto\">O tema escolhido para inspirar a Semana de Ora\u00e7\u00e3o pela Unidade Crist\u00e3 em 2023 \u00e9: \u201cAprendei a fazer o bem, procurai a justi\u00e7a\u201d (Is 1, 17). Essa tem\u00e1tica significativa foi preparada por um grupo ecum\u00eanico dos Estados Unidos da Am\u00e9rica, a convite do Conselho de Igrejas de Minnesota.<\/span><span data-ccp-props=\"{&quot;201341983&quot;:0,&quot;335551550&quot;:6,&quot;335551620&quot;:6,&quot;335559731&quot;:708,&quot;335559739&quot;:160,&quot;335559740&quot;:259}\">\u00a0<\/span><\/p>\n<p style=\"text-align: justify;\"><span data-contrast=\"auto\">Minnesota \u00e9 um estado que tem uma hist\u00f3ria marcada por profundas disparidades raciais. Reconhecendo esse contexto e a import\u00e2ncia de enfrentar as injusti\u00e7as, o grupo ecum\u00eanico que preparou o tema para a SOUC buscou destacar a necessidade de aprendermos a agir com bondade e buscar ativamente a justi\u00e7a em nossa sociedade.<\/span><span data-ccp-props=\"{&quot;201341983&quot;:0,&quot;335551550&quot;:6,&quot;335551620&quot;:6,&quot;335559731&quot;:708,&quot;335559739&quot;:160,&quot;335559740&quot;:259}\">\u00a0<\/span><\/p>\n<p style=\"text-align: justify;\"><span data-contrast=\"auto\">No Brasil, o Conselho Nacional das Igrejas Crist\u00e3s (CONIC) desempenha um papel fundamental na organiza\u00e7\u00e3o das iniciativas para a celebra\u00e7\u00e3o da Semana de Ora\u00e7\u00e3o pela Unidade Crist\u00e3. Por meio de encontros, liturgias ecum\u00eanicas, momentos de reflex\u00e3o e a\u00e7\u00f5es concretas de solidariedade, as igrejas e comunidades crist\u00e3s s\u00e3o convidadas a se unir em um testemunho p\u00fablico de unidade e amor crist\u00e3o.<\/span><span data-ccp-props=\"{&quot;201341983&quot;:0,&quot;335551550&quot;:6,&quot;335551620&quot;:6,&quot;335559731&quot;:708,&quot;335559739&quot;:160,&quot;335559740&quot;:259}\">\u00a0<\/span><\/p>\n<p style=\"text-align: justify;\"><span data-contrast=\"auto\">A SOUC \u00e9 uma oportunidade para reconhecermos que, apesar das nossas diferen\u00e7as denominacionais e teol\u00f3gicas, somos todos seguidores de Jesus Cristo. Ele \u00e9 o nosso Senhor e Salvador comum, e \u00e9 em Sua pessoa que encontramos a fonte da nossa unidade. Ao nos unirmos em ora\u00e7\u00e3o e a\u00e7\u00e3o, buscamos refletir a imagem do corpo de Cristo, que \u00e9 diverso em seus membros, mas unido em sua ess\u00eancia.<\/span><span data-ccp-props=\"{&quot;201341983&quot;:0,&quot;335551550&quot;:6,&quot;335551620&quot;:6,&quot;335559731&quot;:708,&quot;335559739&quot;:160,&quot;335559740&quot;:259}\">\u00a0<\/span><\/p>\n<p style=\"text-align: justify;\"><span data-contrast=\"auto\">A unidade crist\u00e3 n\u00e3o \u00e9 um mero ideal, mas uma necessidade vital para o testemunho da f\u00e9 no mundo atual. Diante dos desafios e problemas que enfrentamos como sociedade, \u00e9 essencial que os crist\u00e3os se unam em um esfor\u00e7o comum para compartilhar a mensagem de amor, paz e justi\u00e7a que Cristo nos ensinou. A unidade nos fortalece, nos capacita a enfrentar os desafios e nos torna mais eficazes como agentes de transforma\u00e7\u00e3o na sociedade.<\/span><span data-ccp-props=\"{&quot;201341983&quot;:0,&quot;335551550&quot;:6,&quot;335551620&quot;:6,&quot;335559731&quot;:708,&quot;335559739&quot;:160,&quot;335559740&quot;:259}\">\u00a0<\/span><\/p>\n<p style=\"text-align: justify;\"><span data-contrast=\"auto\">Como ensina o ap\u00f3stolo Paulo em Ef\u00e9sios (4,4-6): <\/span><i><span data-contrast=\"auto\">\u201cH\u00e1 um s\u00f3 corpo e um s\u00f3 Esp\u00edrito, assim como a esperan\u00e7a para a qual voc\u00eas foram chamados \u00e9 uma s\u00f3; h\u00e1 um s\u00f3 Senhor, uma s\u00f3 f\u00e9, um s\u00f3 batismo, um s\u00f3 Deus e Pai de todos, que \u00e9 sobre todos, por meio de todos e em todos.\u201d<\/span><\/i><span data-ccp-props=\"{&quot;201341983&quot;:0,&quot;335551550&quot;:6,&quot;335551620&quot;:6,&quot;335559731&quot;:708,&quot;335559739&quot;:160,&quot;335559740&quot;:259}\">\u00a0<\/span><\/p>\n<p style=\"text-align: justify;\"><span data-contrast=\"auto\">Nesta Semana de Ora\u00e7\u00e3o pela Unidade Crist\u00e3, convido todos os crist\u00e3os a se abrirem ao di\u00e1logo, ao encontro fraterno e ao esp\u00edrito de reconcilia\u00e7\u00e3o. Busquemos compreender uns aos outros, respeitar nossas diferen\u00e7as e colaborar em a\u00e7\u00f5es concretas de servi\u00e7o aos necessitados. Atrav\u00e9s da ora\u00e7\u00e3o e da a\u00e7\u00e3o conjunta, podemos testemunhar ao mundo que a unidade \u00e9 poss\u00edvel e que juntos podemos construir um mundo mais justo, solid\u00e1rio e fraterno.<\/span><span data-ccp-props=\"{&quot;201341983&quot;:0,&quot;335551550&quot;:6,&quot;335551620&quot;:6,&quot;335559731&quot;:708,&quot;335559739&quot;:160,&quot;335559740&quot;:259}\">\u00a0<\/span><\/p>\n<p style=\"text-align: justify;\"><span data-contrast=\"auto\">Que o Esp\u00edrito Santo, o Esp\u00edrito da Unidade, nos guie e nos inspire nesta Semana de Ora\u00e7\u00e3o pela Unidade Crist\u00e3. Que Ele derrame sobre n\u00f3s Sua gra\u00e7a e nos ajude a superar as divis\u00f5es que ainda existem entre n\u00f3s. Que, unidos em ora\u00e7\u00e3o e amor, possamos ser verdadeiras testemunhas do evangelho e portadores da esperan\u00e7a para o mundo.<\/span><span data-ccp-props=\"{&quot;201341983&quot;:0,&quot;335551550&quot;:6,&quot;335551620&quot;:6,&quot;335559731&quot;:708,&quot;335559739&quot;:160,&quot;335559740&quot;:259}\">\u00a0<\/span><\/p>\n<p style=\"text-align: justify;\"><span data-contrast=\"auto\">Sauda\u00e7\u00f5es em Cristo!\u00a0<\/span><span data-ccp-props=\"{&quot;201341983&quot;:0,&quot;335551550&quot;:6,&quot;335551620&quot;:6,&quot;335559731&quot;:708,&quot;335559739&quot;:160,&quot;335559740&quot;:259}\">\u00a0<\/span><\/p>\n<p><span data-ccp-props=\"{&quot;201341983&quot;:0,&quot;335559731&quot;:708,&quot;335559739&quot;:160,&quot;335559740&quot;:259}\">\u00a0<\/span><\/p>\n<p>&nbsp;<\/p>\n","protected":false},"excerpt":{"rendered":"<p>Dom Eurico dos Santos Veloso Arcebispo Em\u00e9rito de Juiz de Fora (MG)\u00a0 &nbsp; &nbsp; \u201cAprendei a fazer o bem, procurai a justi\u00e7a\u201d\u00a0 A Semana de Ora\u00e7\u00e3o pela Unidade Crist\u00e3 (SOUC) \u00e9 um evento especial que re\u00fane crist\u00e3os de diferentes denomina\u00e7\u00f5es e tradi\u00e7\u00f5es ao redor do mundo.\u00a0 Esta iniciativa, promovida mundialmente pelo Pontif\u00edcio Conselho para a &hellip;<\/p>\n<p class=\"read-more\"> <a class=\"\" href=\"https:\/\/www.cnbb.org.br\/semana-de-oracao-pela-unidade-crista-2023\/\"> <span class=\"screen-reader-text\">Semana de Ora\u00e7\u00e3o pela Unidade Crist\u00e3 2023<\/span> Leia mais &raquo;<\/a><\/p>\n","protected":false},"author":73,"featured_media":0,"comment_status":"open","ping_status":"open","sticky":false,"template":"","format":"standard","meta":{"site-sidebar-layout":"default","site-content-layout":"default","ast-global-header-display":"","ast-banner-title-visibility":"","ast-main-header-display":"","ast-hfb-above-header-display":"","ast-hfb-below-header-display":"","ast-hfb-mobile-header-display":"","site-post-title":"","ast-breadcrumbs-content":"","ast-featured-img":"","footer-sml-layout":"","theme-transparent-header-meta":"default","adv-header-id-meta":"","stick-header-meta":"","header-above-stick-meta":"","header-main-stick-meta":"","header-below-stick-meta":""},"categories":[758,1837],"tags":[],"acf":[],"_links":{"self":[{"href":"https:\/\/www.cnbb.org.br\/cnbb-app\/wp\/v2\/posts\/944915"}],"collection":[{"href":"https:\/\/www.cnbb.org.br\/cnbb-app\/wp\/v2\/posts"}],"about":[{"href":"https:\/\/www.cnbb.org.br\/cnbb-app\/wp\/v2\/types\/post"}],"author":[{"embeddable":true,"href":"https:\/\/www.cnbb.org.br\/cnbb-app\/wp\/v2\/users\/73"}],"replies":[{"embeddable":true,"href":"https:\/\/www.cnbb.org.br\/cnbb-app\/wp\/v2\/comments?post=944915"}],"version-history":[{"count":1,"href":"https:\/\/www.cnbb.org.br\/cnbb-app\/wp\/v2\/posts\/944915\/revisions"}],"predecessor-version":[{"id":944916,"href":"https:\/\/www.cnbb.org.br\/cnbb-app\/wp\/v2\/posts\/944915\/revisions\/944916"}],"wp:attachment":[{"href":"https:\/\/www.cnbb.org.br\/cnbb-app\/wp\/v2\/media?parent=944915"}],"wp:term":[{"taxonomy":"category","embeddable":true,"href":"https:\/\/www.cnbb.org.br\/cnbb-app\/wp\/v2\/categories?post=944915"},{"taxonomy":"post_tag","embeddable":true,"href":"https:\/\/www.cnbb.org.br\/cnbb-app\/wp\/v2\/tags?post=944915"}],"curies":[{"name":"wp","href":"https:\/\/api.w.org\/{rel}","templated":true}]}}