{"id":944921,"date":"2023-05-22T13:08:25","date_gmt":"2023-05-22T16:08:25","guid":{"rendered":"https:\/\/www.cnbb.org.br\/?p=944921"},"modified":"2023-05-22T13:34:53","modified_gmt":"2023-05-22T16:34:53","slug":"i-seminario-vocacional-nacional-e-concluido-como-sinal-de-esperanca-no-processo-da-animacao-vocacional","status":"publish","type":"post","link":"https:\/\/www.cnbb.org.br\/i-seminario-vocacional-nacional-e-concluido-como-sinal-de-esperanca-no-processo-da-animacao-vocacional\/","title":{"rendered":"I Semin\u00e1rio Vocacional Nacional \u00e9 conclu\u00eddo como sinal de esperan\u00e7a no processo da anima\u00e7\u00e3o vocacional"},"content":{"rendered":"<p style=\"text-align: justify;\">O I Semin\u00e1rio Vocacional Nacional que aconteceu em Itaici, em Idaiatuba (SP), nos dias 19 a 21 de maio, refletiu o tema do <a href=\"https:\/\/anovocacional.cnbb.org.br\/\" target=\"_blank\" rel=\"noopener\">3\u00ba Ano Vocacional do Brasil<\/a> &#8211; \u201cVoca\u00e7\u00e3o: gra\u00e7a e miss\u00e3o\u201d -, e o lema &#8211; \u201cCora\u00e7\u00f5es ardentes, p\u00e9s a caminho\u201d. Por tr\u00eas dias, os participantes puderam acompanhar col\u00f3quios e reflex\u00f5es, e a partir de grupos de trabalho, debater as diferentes realidades da anima\u00e7\u00e3o vocacional do Brasil. O ambiente de ora\u00e7\u00e3o, proporcionado pelo mosteiro jesu\u00edta onde o semin\u00e1rio aconteceu, colaborou para as reflex\u00f5es acerca do tema, sob a luz da palavra de Deus e da vida em comunidade.<\/p>\n<figure id=\"attachment_944930\" aria-describedby=\"caption-attachment-944930\" style=\"width: 300px\" class=\"wp-caption alignright\"><img decoding=\"async\" loading=\"lazy\" class=\"wp-image-944930 size-medium\" src=\"https:\/\/www.cnbb.org.br\/wp-content\/uploads\/2023\/05\/Ano-Vocacional-apresentacao-300x225.png\" alt=\"\" width=\"300\" height=\"225\" srcset=\"https:\/\/www.cnbb.org.br\/wp-content\/uploads\/2023\/05\/Ano-Vocacional-apresentacao-300x225.png 300w, https:\/\/www.cnbb.org.br\/wp-content\/uploads\/2023\/05\/Ano-Vocacional-apresentacao-768x576.png 768w, https:\/\/www.cnbb.org.br\/wp-content\/uploads\/2023\/05\/Ano-Vocacional-apresentacao-500x375.png 500w, https:\/\/www.cnbb.org.br\/wp-content\/uploads\/2023\/05\/Ano-Vocacional-apresentacao-800x600.png 800w, https:\/\/www.cnbb.org.br\/wp-content\/uploads\/2023\/05\/Ano-Vocacional-apresentacao.png 1024w\" sizes=\"(max-width: 300px) 100vw, 300px\" \/><figcaption id=\"caption-attachment-944930\" class=\"wp-caption-text\">Participantes do I Semin\u00e1rio Vocacional Nacional<\/figcaption><\/figure>\n<p style=\"text-align: justify;\">Na sexta-feira, 19 de maio, os participantes vindos de diversos estados do pa\u00eds foram recebidos no Mosteiro de Itaici, e ap\u00f3s o jantar, se uniram para a ora\u00e7\u00e3o inicial. Ap\u00f3s um momento de reflex\u00e3o e ora\u00e7\u00e3o, os integrantes caminharam em prociss\u00e3o at\u00e9 o teatro, onde foram apresentados de acordo com sua regi\u00e3o de origem.<\/p>\n<p style=\"text-align: justify;\">Irm\u00e3 Clotilde Prates, membro do Instituto de Pastoral Vocacional (IPV), abriu o semin\u00e1rio com o col\u00f3quio: \u201cProblematiza\u00e7\u00e3o da realidade\u201d, debatendo a situa\u00e7\u00e3o da anima\u00e7\u00e3o vocacional e seu cen\u00e1rio no pa\u00eds.<\/p>\n<figure id=\"attachment_944928\" aria-describedby=\"caption-attachment-944928\" style=\"width: 300px\" class=\"wp-caption alignleft\"><img decoding=\"async\" loading=\"lazy\" class=\"wp-image-944928 size-medium\" src=\"https:\/\/www.cnbb.org.br\/wp-content\/uploads\/2023\/05\/D.-Salm-Missa-300x225.png\" alt=\"\" width=\"300\" height=\"225\" srcset=\"https:\/\/www.cnbb.org.br\/wp-content\/uploads\/2023\/05\/D.-Salm-Missa-300x225.png 300w, https:\/\/www.cnbb.org.br\/wp-content\/uploads\/2023\/05\/D.-Salm-Missa-768x576.png 768w, https:\/\/www.cnbb.org.br\/wp-content\/uploads\/2023\/05\/D.-Salm-Missa-500x375.png 500w, https:\/\/www.cnbb.org.br\/wp-content\/uploads\/2023\/05\/D.-Salm-Missa-800x600.png 800w, https:\/\/www.cnbb.org.br\/wp-content\/uploads\/2023\/05\/D.-Salm-Missa.png 1024w\" sizes=\"(max-width: 300px) 100vw, 300px\" \/><figcaption id=\"caption-attachment-944928\" class=\"wp-caption-text\">Dom Jo\u00e3o Francisco Salm preside celebra\u00e7\u00e3o eucar\u00edstica do segundo dia do Semin\u00e1rio<\/figcaption><\/figure>\n<p style=\"text-align: justify;\">Iniciando o segundo dia de Semin\u00e1rio, o bispo da diocese de Novo Hamburgo (RS) e coordenador geral do Semin\u00e1rio Vocacional Nacional, dom Jo\u00e3o Francisco Salm, presidiu na manh\u00e3 do s\u00e1bado, 20 de maio, a celebra\u00e7\u00e3o eucar\u00edstica.<\/p>\n<p style=\"text-align: justify;\">Segundo o bispo, o chamado vocacional \u00e9 direcionado aos cora\u00e7\u00f5es de todos os fi\u00e9is, mas advertiu que a vida crist\u00e3 vocacionada n\u00e3o deve ser vivida na individualidade, mas no servi\u00e7o \u00e0 comunidade, doando sua vida pela miss\u00e3o que assumiu:<\/p>\n<blockquote>\n<p style=\"text-align: justify;\">\u201cN\u00f3s, crist\u00e3os, somos chamados a dar a vida. Quem n\u00e3o quer dar a vida, n\u00e3o \u00e9 crist\u00e3o\u201d, ressaltou.<\/p>\n<\/blockquote>\n<p style=\"text-align: justify;\">Ap\u00f3s a missa, os integrantes participaram de um momento de descontra\u00e7\u00e3o durante o caf\u00e9 da manh\u00e3, onde puderam conversar sobre as suas primeiras impress\u00f5es do semin\u00e1rio. Em seguida, o padre Valdecir Ferreira, presb\u00edtero da diocese de Apucarana (PR) e membro do Instituto de Pastoral Vocacional (IPV), conduziu o segundo col\u00f3quio do evento, discutindo a antropologia da voca\u00e7\u00e3o sob o olhar teol\u00f3gico.<\/p>\n<blockquote>\n<p style=\"text-align: justify;\">\u201cA voca\u00e7\u00e3o \u00e9 um processo, ou seja, mist\u00e9rio que Deus tr\u00e1s para nossa vida\u201d, disse. Ainda segundo ele, a voca\u00e7\u00e3o de cada indiv\u00edduo, seja ela qual for, deve levar a uma rela\u00e7\u00e3o com os irm\u00e3os. \u201cA teologia aponta a pessoa como um ser de rela\u00e7\u00f5es\u201d, completou.<\/p>\n<\/blockquote>\n<figure id=\"attachment_944931\" aria-describedby=\"caption-attachment-944931\" style=\"width: 300px\" class=\"wp-caption alignright\"><img decoding=\"async\" loading=\"lazy\" class=\"wp-image-944931 size-medium\" src=\"https:\/\/www.cnbb.org.br\/wp-content\/uploads\/2023\/05\/Monsehor-Juarez-Destro-300x200.jpg\" alt=\"\" width=\"300\" height=\"200\" srcset=\"https:\/\/www.cnbb.org.br\/wp-content\/uploads\/2023\/05\/Monsehor-Juarez-Destro-300x200.jpg 300w, https:\/\/www.cnbb.org.br\/wp-content\/uploads\/2023\/05\/Monsehor-Juarez-Destro-768x512.jpg 768w, https:\/\/www.cnbb.org.br\/wp-content\/uploads\/2023\/05\/Monsehor-Juarez-Destro-500x333.jpg 500w, https:\/\/www.cnbb.org.br\/wp-content\/uploads\/2023\/05\/Monsehor-Juarez-Destro.jpg 1024w\" sizes=\"(max-width: 300px) 100vw, 300px\" \/><figcaption id=\"caption-attachment-944931\" class=\"wp-caption-text\">Mesa redonda realizada durante o Semin\u00e1rio<\/figcaption><\/figure>\n<p style=\"text-align: justify;\">Para instigar ainda mais os participantes a debaterem e questionarem as diversas realidades da anima\u00e7\u00e3o vocacional no Brasil, uma mesa redonda foi realizada, com a presen\u00e7a de irm\u00e3 Clotilde Azevedo, membro do IPV; do padre Valdecir Ferreira e do leigo Carlos Eduardo.<\/p>\n<p style=\"text-align: justify;\">Monsenhor Juarez Destro foi quem moderou o debate. Nele, os presentes apresentaram suas quest\u00f5es quanto \u00e0 anima\u00e7\u00e3o vocacional nas diferentes regi\u00f5es do pa\u00eds, como por exemplo aquela direcionada aos povos ind\u00edgenas e quilombolas.<\/p>\n<p style=\"text-align: justify;\">\u00c0 tarde, participantes foram agrupados em equipes de trabalho, onde tiveram a oportunidade de aprofundar ainda mais suas discuss\u00f5es e vivencias pessoais, com rela\u00e7\u00e3o a diferentes aspectos da anima\u00e7\u00e3o vocacional. O trabalho do dia culminou em um momento oracional mariano, que teve como horizonte a figura de Maria, aquela que \u00e9 modelo de chamado, em agradecimento \u00e0 voca\u00e7\u00e3o de cada indiv\u00edduo presente no Semin\u00e1rio. Uma noite cultural agitou os participantes ap\u00f3s o jantar, com apresenta\u00e7\u00f5es culturais musicais, de dan\u00e7as e teatro.<\/p>\n<h3 style=\"text-align: justify;\"><strong>Carta \u00e0 igreja do Brasil\u00a0<\/strong><\/h3>\n<figure id=\"attachment_944934\" aria-describedby=\"caption-attachment-944934\" style=\"width: 300px\" class=\"wp-caption alignleft\"><img decoding=\"async\" loading=\"lazy\" class=\"wp-image-944934 size-medium\" src=\"https:\/\/www.cnbb.org.br\/wp-content\/uploads\/2023\/05\/Santa-Missa-300x225.jpg\" alt=\"\" width=\"300\" height=\"225\" srcset=\"https:\/\/www.cnbb.org.br\/wp-content\/uploads\/2023\/05\/Santa-Missa-300x225.jpg 300w, https:\/\/www.cnbb.org.br\/wp-content\/uploads\/2023\/05\/Santa-Missa-768x576.jpg 768w, https:\/\/www.cnbb.org.br\/wp-content\/uploads\/2023\/05\/Santa-Missa-500x375.jpg 500w, https:\/\/www.cnbb.org.br\/wp-content\/uploads\/2023\/05\/Santa-Missa-800x600.jpg 800w, https:\/\/www.cnbb.org.br\/wp-content\/uploads\/2023\/05\/Santa-Missa.jpg 1024w\" sizes=\"(max-width: 300px) 100vw, 300px\" \/><figcaption id=\"caption-attachment-944934\" class=\"wp-caption-text\">Santa Missa de encerramento<\/figcaption><\/figure>\n<p style=\"text-align: justify;\">A Santa Missa da Ascens\u00e3o encerrou solenemente o I Semin\u00e1rio Vocacional Nacional na manh\u00e3 do domingo, 21 de maio, dia em que se celebra o 57\u00ba Dia Mundial das Comunica\u00e7\u00f5es Sociais. Ao final da celebra\u00e7\u00e3o, que foi presidida por dom \u00c2ngelo Mezzari, os organizadores do semin\u00e1rio apresentaram o rascunho de uma carta aberta, que ser\u00e1 direcionada \u00e0s par\u00f3quias e dioceses do pa\u00eds.<\/p>\n<p style=\"text-align: justify;\">A carta foi laborada a partir das discuss\u00f5es que o semin\u00e1rio se prop\u00f4s a levantar e refletir, buscando novos meios para uma anima\u00e7\u00e3o vocacional mais humana e solid\u00e1ria.<\/p>\n<p style=\"text-align: justify;\">O encerramento do semin\u00e1rio se deu ap\u00f3s a missa, com agradecimentos \u00e0s diferentes equipes de trabalho. Sob a ben\u00e7\u00e3o de monsenhor Juarez Destro, todos os participantes partiram para suas dioceses e comunidades, com a esperan\u00e7a renovada e certos de que a anima\u00e7\u00e3o vocacional no Brasil ganha novos rumos.<\/p>\n<p>Confira as fotos do Semin\u00e1rio (<a href=\"https:\/\/www.facebook.com\/anovocacional?hc_ref=ARQpCxIOeuEETdfHJZZd3GxrFCPMM3v_vogWxM-etSBeOgPc91XJMvECjFm9ErkKFsU&amp;fref=nf&amp;__xts__[0]=68.ARDAHhQjUxiW8Hi2PwCVL6XcoUTF6L1LfUBP6m9nF7zxuZZxXi7KPfo4QgxgoBkrRp7A64XTknC_BhLDJxf-K0Tky8vIdxPBS4HJF1NSPbMcFgw_QjzOAPzYVdBWK_GDwiBx_94kXxwgHH36YC2J-_XKR4vvWs_4i3AVYN1M0d_zg0u8_zfO0PzTGO13BQrtq6NO_efKhFB00_yAPIInvt0SxV8KJ-46AdL3kJar9VaI4v80tVZY6XQQe_CAfdv4HlluVX91SmtfsqA2U1OsnYm7RCynOZ8fVIWyF_A-vDIGckOrSJs\" target=\"_blank\" rel=\"noopener\">aqui<\/a>).<\/p>\n<p>Acesse o site do Ano Vocacional (<a href=\"https:\/\/anovocacional.cnbb.org.br\/\" target=\"_blank\" rel=\"noopener\">aqui<\/a>).<\/p>\n<p>&nbsp;<\/p>\n<pre style=\"text-align: justify;\">Por Luiz Oliveira \/ Equipe de Comunica\u00e7\u00e3o do <a href=\"https:\/\/anovocacional.cnbb.org.br\/\" target=\"_blank\" rel=\"noopener\">Ano Vocacional\u00a0\r\n\r\n<\/a><\/pre>\n","protected":false},"excerpt":{"rendered":"<p>Por tr\u00eas dias, os participantes puderam acompanhar col\u00f3quios e reflex\u00f5es, e a partir de grupos de trabalho, debater as diferentes realidades da anima\u00e7\u00e3o vocacional do Brasil. O ambiente de ora\u00e7\u00e3o, proporcionado pelo mosteiro jesu\u00edta onde o semin\u00e1rio aconteceu, colaborou para as reflex\u00f5es, sob a luz da palavra de Deus e da vida em comunidade<\/p>\n","protected":false},"author":141,"featured_media":944933,"comment_status":"open","ping_status":"open","sticky":false,"template":"","format":"standard","meta":{"site-sidebar-layout":"default","site-content-layout":"default","ast-global-header-display":"","ast-banner-title-visibility":"","ast-main-header-display":"","ast-hfb-above-header-display":"","ast-hfb-below-header-display":"","ast-hfb-mobile-header-display":"","site-post-title":"","ast-breadcrumbs-content":"","ast-featured-img":"","footer-sml-layout":"","theme-transparent-header-meta":"default","adv-header-id-meta":"","stick-header-meta":"","header-above-stick-meta":"","header-main-stick-meta":"","header-below-stick-meta":""},"categories":[50,838],"tags":[5024,5040],"acf":[],"_links":{"self":[{"href":"https:\/\/www.cnbb.org.br\/cnbb-app\/wp\/v2\/posts\/944921"}],"collection":[{"href":"https:\/\/www.cnbb.org.br\/cnbb-app\/wp\/v2\/posts"}],"about":[{"href":"https:\/\/www.cnbb.org.br\/cnbb-app\/wp\/v2\/types\/post"}],"author":[{"embeddable":true,"href":"https:\/\/www.cnbb.org.br\/cnbb-app\/wp\/v2\/users\/141"}],"replies":[{"embeddable":true,"href":"https:\/\/www.cnbb.org.br\/cnbb-app\/wp\/v2\/comments?post=944921"}],"version-history":[{"count":19,"href":"https:\/\/www.cnbb.org.br\/cnbb-app\/wp\/v2\/posts\/944921\/revisions"}],"predecessor-version":[{"id":944947,"href":"https:\/\/www.cnbb.org.br\/cnbb-app\/wp\/v2\/posts\/944921\/revisions\/944947"}],"wp:featuredmedia":[{"embeddable":true,"href":"https:\/\/www.cnbb.org.br\/cnbb-app\/wp\/v2\/media\/944933"}],"wp:attachment":[{"href":"https:\/\/www.cnbb.org.br\/cnbb-app\/wp\/v2\/media?parent=944921"}],"wp:term":[{"taxonomy":"category","embeddable":true,"href":"https:\/\/www.cnbb.org.br\/cnbb-app\/wp\/v2\/categories?post=944921"},{"taxonomy":"post_tag","embeddable":true,"href":"https:\/\/www.cnbb.org.br\/cnbb-app\/wp\/v2\/tags?post=944921"}],"curies":[{"name":"wp","href":"https:\/\/api.w.org\/{rel}","templated":true}]}}