{"id":945110,"date":"2023-05-24T17:39:01","date_gmt":"2023-05-24T20:39:01","guid":{"rendered":"https:\/\/www.cnbb.org.br\/?p=945110"},"modified":"2023-05-25T13:06:56","modified_gmt":"2023-05-25T16:06:56","slug":"em-audiencia-publica-na-camara-dos-deputados-bispos-falam-sobre-a-protecao-do-meio-ambiente","status":"publish","type":"post","link":"https:\/\/www.cnbb.org.br\/em-audiencia-publica-na-camara-dos-deputados-bispos-falam-sobre-a-protecao-do-meio-ambiente\/","title":{"rendered":"Em audi\u00eancia p\u00fablica, na C\u00e2mara dos Deputados, bispos falam sobre a prote\u00e7\u00e3o do meio ambiente"},"content":{"rendered":"<p style=\"text-align: justify;\"><span data-contrast=\"auto\">Em audi\u00eancia p\u00fablica na Comiss\u00e3o de Legisla\u00e7\u00e3o Participativa, na C\u00e2mara dos Deputados, em Bras\u00edlia (DF), bispos da Igreja Cat\u00f3lica e lideran\u00e7as religiosas se pronunciaram nesta quarta-feira, 24 de maio, sobre a urg\u00eancia de construir alternativas para a prote\u00e7\u00e3o do meio ambiente, especialmente da Amaz\u00f4nia e dos povos e comunidades tradicionais.<\/span><\/p>\n<p style=\"text-align: justify;\"><span data-contrast=\"auto\">Entre os participantes da iniciativa estiveram dom Jos\u00e9 Ionilton de Oliveira, bispo da prelazia de Itacotiara (AM) e secret\u00e1rio da Rede Eclesial Pan-Amaz\u00f4nica (REPAM-Brasil); dom Vicente Ferreira, bispo de Livramento de Nossa Senhora (BA) e secret\u00e1rio da Comiss\u00e3o Especial sobre a Minera\u00e7\u00e3o e Ecologia Integral da Confer\u00eancia Nacional dos Bispos do Brasil (CNBB); cacique Dad\u00e1 Borari, do povo Ind\u00edgena Mar\u00f3, no Estado do Par\u00e1; <\/span><span data-contrast=\"auto\">S\u00f4nia Gomes de Oliveira, presidente do Conselho Nacional do Laicato do Brasil (CNLB) e Andr\u00e9a Gaivotas, do Conselho Pastoral dos Pescadores (CPP).<\/span><\/p>\n<p><img decoding=\"async\" loading=\"lazy\" class=\"aligncenter wp-image-945191 \" src=\"https:\/\/www.cnbb.org.br\/wp-content\/uploads\/2023\/05\/Laudato-Si-1.jpg\" alt=\"\" width=\"633\" height=\"359\" srcset=\"https:\/\/www.cnbb.org.br\/wp-content\/uploads\/2023\/05\/Laudato-Si-1.jpg 847w, https:\/\/www.cnbb.org.br\/wp-content\/uploads\/2023\/05\/Laudato-Si-1-300x170.jpg 300w, https:\/\/www.cnbb.org.br\/wp-content\/uploads\/2023\/05\/Laudato-Si-1-768x435.jpg 768w, https:\/\/www.cnbb.org.br\/wp-content\/uploads\/2023\/05\/Laudato-Si-1-500x283.jpg 500w\" sizes=\"(max-width: 633px) 100vw, 633px\" \/><\/p>\n<p style=\"text-align: justify;\"><span data-contrast=\"auto\">A audi\u00eancia integra a programa\u00e7\u00e3o das atividades promovidas durante a <a href=\"https:\/\/www.cnbb.org.br\/semana-laudato-si-abertura-cnbb\/\">Semana Laudato Si<\/a>, que acontece at\u00e9 o dia 28 de maio. <\/span><span data-contrast=\"auto\">Com o tema \u201cEsperan\u00e7a para a Terra. Esperan\u00e7a para a humanidade\u201d, o evento marca o oitavo anivers\u00e1rio da Enc\u00edclica do Papa Francisco sobre o cuidado da cria\u00e7\u00e3o.<\/span><span data-ccp-props=\"{&quot;201341983&quot;:0,&quot;335551550&quot;:6,&quot;335551620&quot;:6,&quot;335559739&quot;:160,&quot;335559740&quot;:259}\">\u00a0<\/span><span data-contrast=\"none\">A iniciativa faz parte da Campanha Laudato Si\u2019, lan\u00e7ada em mar\u00e7o, para difundir o document\u00e1rio \u201cA Carta\u201d como uma estrat\u00e9gia para a sensibiliza\u00e7\u00e3o e a mobiliza\u00e7\u00e3o do universo religioso para as quest\u00f5es intr\u00ednsecas \u00e0 Enc\u00edclica Laudato Si\u2019, que chama aten\u00e7\u00e3o para o cuidado da Casa Comum.\u00a0 A campanha \u00e9 uma realiza\u00e7\u00e3o da CNBB, do Movimento Laudato Si\u2019 e da REPAM-Brasil, em parceria com diversas organiza\u00e7\u00f5es.\u00a0<\/span><span data-ccp-props=\"{&quot;201341983&quot;:0,&quot;335551550&quot;:6,&quot;335551620&quot;:6,&quot;335559739&quot;:160,&quot;335559740&quot;:259}\">\u00a0<\/span><\/p>\n<h4><strong>Destaques da audi\u00eancia<\/strong><\/h4>\n<p style=\"text-align: justify;\">Na audi\u00eancia, S\u00f4nia Gomes, presidentente do CNLB, falou sobre a atua\u00e7\u00e3o dos crist\u00e3os leigos e leigas na defesa da Casa Comum. Em seu discurso salientou a a\u00e7\u00e3o de mulheres e dos povos tradicionais no enfrentamento \u00e0 crise socioambiental e clim\u00e1tica. &#8220;Essas mulheres s\u00e3o verdadeiras protetoras; pobres; pretas e profetizas&#8221;, disse S\u00f4nia, ap\u00f3s relatar algumas experi\u00eancias.<\/p>\n<figure id=\"attachment_945158\" aria-describedby=\"caption-attachment-945158\" style=\"width: 300px\" class=\"wp-caption alignright\"><img decoding=\"async\" loading=\"lazy\" class=\"wp-image-945158 size-medium\" src=\"https:\/\/www.cnbb.org.br\/wp-content\/uploads\/2023\/05\/Sonia-Gomes-300x168.jpg\" alt=\"\" width=\"300\" height=\"168\" srcset=\"https:\/\/www.cnbb.org.br\/wp-content\/uploads\/2023\/05\/Sonia-Gomes-300x168.jpg 300w, https:\/\/www.cnbb.org.br\/wp-content\/uploads\/2023\/05\/Sonia-Gomes-768x429.jpg 768w, https:\/\/www.cnbb.org.br\/wp-content\/uploads\/2023\/05\/Sonia-Gomes-500x279.jpg 500w, https:\/\/www.cnbb.org.br\/wp-content\/uploads\/2023\/05\/Sonia-Gomes-446x248.jpg 446w, https:\/\/www.cnbb.org.br\/wp-content\/uploads\/2023\/05\/Sonia-Gomes.jpg 850w\" sizes=\"(max-width: 300px) 100vw, 300px\" \/><figcaption id=\"caption-attachment-945158\" class=\"wp-caption-text\">S\u00f4nia Gomes, presidente do CNLB<\/figcaption><\/figure>\n<p style=\"text-align: justify;\">Na ocasi\u00e3o, a presidente do CNLB tamb\u00e9m recordou uma frase presente na Enc\u00edclica do Papa Francisco, a Laudato S\u00ed, na qual salienta que &#8220;explorar a cria\u00e7\u00e3o \u00e9 um pecado e acreditamos que estamos no centro fingindo ocupar o lugar de Deus e, assim, arruinamos a harmonia da cria\u00e7\u00e3o; harmonia \u00e9 des\u00edgnio de Deus; tornamo-nos predadores esquecendo a voca\u00e7\u00e3o de guardi\u00e3o da vida e s\u00e3o muitos os gritos de mulheres que saem de diversas realidades desse pa\u00eds&#8221;.<\/p>\n<p style=\"text-align: justify;\">Dom Jos\u00e9 Ionilton Lisboa de Oliveira, bispo da prelazia de Itacoatiara (AM), falou sobre os conflitos por terra no campo e na cidade e a a\u00e7\u00e3o da Rede Eclesial Pan-Amaz\u00f4nica na defesa dos povos e dos territ\u00f3rios.<\/p>\n<figure id=\"attachment_945177\" aria-describedby=\"caption-attachment-945177\" style=\"width: 300px\" class=\"wp-caption alignleft\"><img decoding=\"async\" loading=\"lazy\" class=\"wp-image-945177 size-medium\" src=\"https:\/\/www.cnbb.org.br\/wp-content\/uploads\/2023\/05\/Dom-Jose-Ionilton-300x167.jpg\" alt=\"\" width=\"300\" height=\"167\" srcset=\"https:\/\/www.cnbb.org.br\/wp-content\/uploads\/2023\/05\/Dom-Jose-Ionilton-300x167.jpg 300w, https:\/\/www.cnbb.org.br\/wp-content\/uploads\/2023\/05\/Dom-Jose-Ionilton-768x429.jpg 768w, https:\/\/www.cnbb.org.br\/wp-content\/uploads\/2023\/05\/Dom-Jose-Ionilton-500x279.jpg 500w, https:\/\/www.cnbb.org.br\/wp-content\/uploads\/2023\/05\/Dom-Jose-Ionilton-446x248.jpg 446w, https:\/\/www.cnbb.org.br\/wp-content\/uploads\/2023\/05\/Dom-Jose-Ionilton.jpg 849w\" sizes=\"(max-width: 300px) 100vw, 300px\" \/><figcaption id=\"caption-attachment-945177\" class=\"wp-caption-text\">Dom Jos\u00e9 Ionilton, presidente da CPT<\/figcaption><\/figure>\n<p style=\"text-align: justify;\">Para ele, falar da realidade da Amaz\u00f4nia, especialmente dos camponeses, dos ind\u00edgenas e dos ribeirinhos, \u00e9 dizer que o processo de ocupa\u00e7\u00e3o da Amaz\u00f4nia causou impactos negativos profundos no campo da sociodiversidade.<\/p>\n<p style=\"text-align: justify;\">De acordo com dom Ionilton, os projetos voltados para a Amaz\u00f4nia que contam com o financiamento externos n\u00e3o consideram a diversidade \u00e9tnica, sociocultural, econ\u00f4mica e ambiental, e nem os conhecimentos dos povos tradicionais.<\/p>\n<blockquote>\n<p style=\"text-align: justify;\">&#8220;H\u00e1 d\u00e9cadas a regi\u00e3o amaz\u00f4nica \u00e9 palco de conflitos socioambientais por conta de interesses capitalistas em se apropriar da Amaz\u00f4nia e torn\u00e1-la uma regi\u00e3o de integra\u00e7\u00e3o a um desenvolvimento econ\u00f4mico nos moldes neocoloniais&#8221;, denuncia dom Ionilton.<\/p>\n<\/blockquote>\n<p style=\"text-align: justify;\">Ele tamb\u00e9m destacou que os grandes empreendimentos de grandes corpora\u00e7\u00f5es internacionais ligadas \u00e0 minera\u00e7\u00e3o, principalmente \u00e0 quest\u00e3o do ouro, do ferro, do calc\u00e1rio e a explora\u00e7\u00e3o dos recursos f\u00f3sseis se apresentam na atualidade como um dos fatores que causam maior impacto socioambiental na Amaz\u00f4nia e em todo Brasil.<\/p>\n<blockquote><p>&#8220;O meio ambiente \u00e9 um bem coletivo; \u00e9 patrim\u00f4nio de toda a humanidade e \u00e9 uma responsabilidade de todos&#8221;, disse dom Ionilton, destacando um trecho da Laudato Si.<\/p><\/blockquote>\n<figure id=\"attachment_945186\" aria-describedby=\"caption-attachment-945186\" style=\"width: 300px\" class=\"wp-caption alignright\"><img decoding=\"async\" loading=\"lazy\" class=\"wp-image-945186 size-medium\" src=\"https:\/\/www.cnbb.org.br\/wp-content\/uploads\/2023\/05\/Dom-Vicente-300x168.jpg\" alt=\"\" width=\"300\" height=\"168\" srcset=\"https:\/\/www.cnbb.org.br\/wp-content\/uploads\/2023\/05\/Dom-Vicente-300x168.jpg 300w, https:\/\/www.cnbb.org.br\/wp-content\/uploads\/2023\/05\/Dom-Vicente-768x429.jpg 768w, https:\/\/www.cnbb.org.br\/wp-content\/uploads\/2023\/05\/Dom-Vicente-500x279.jpg 500w, https:\/\/www.cnbb.org.br\/wp-content\/uploads\/2023\/05\/Dom-Vicente-446x248.jpg 446w, https:\/\/www.cnbb.org.br\/wp-content\/uploads\/2023\/05\/Dom-Vicente.jpg 852w\" sizes=\"(max-width: 300px) 100vw, 300px\" \/><figcaption id=\"caption-attachment-945186\" class=\"wp-caption-text\">Dom Vicente, membro da Comiss\u00e3o Especial sobre a Minera\u00e7\u00e3o e Ecologia Integral da CNBB<\/figcaption><\/figure>\n<p style=\"text-align: justify;\">Por \u00faltimo, dom Vicente de Paula Ferreira, bispo de Livramento de Nossa Senhora, na Bahia, e membro da <span data-contrast=\"auto\">Comiss\u00e3o Especial sobre a Minera\u00e7\u00e3o e Ecologia Integral da CNBB, falou sobre a tem\u00e1tica da m<\/span>inera\u00e7\u00e3o no Brasil, bem como os impactos da explora\u00e7\u00e3o mineradora para os povos.<\/p>\n<blockquote>\n<p style=\"text-align: justify;\">&#8220;O que est\u00e1 acontecendo \u00e9 uma grave crise socioambiental e essa crise ela tem ra\u00edzes humanas&#8221;, iniciou o bispo.<\/p>\n<\/blockquote>\n<p style=\"text-align: justify;\">O bispo destacou em seu discurso que o capitalismo tem se manifestado cada vez mais voraz na sua modalidade neoliberal, neocolonial; e se impondo cada vez mais nos territ\u00f3rios. Dom Vicente deu um exemplo de empreendimento que representa a distor\u00e7\u00e3o atual da humidade: a minera\u00e7\u00e3o. &#8220;N\u00f3s temos os dois maiores crimes socioambientais do nosso pa\u00eds &#8211; o rompimento das barragens da Mina C\u00f3rrego do Feij\u00e3o, em Brumadinho (MG) e a de Fund\u00e3o, em Mariana (MG).<\/p>\n<blockquote><p>&#8220;N\u00e3o temos ningu\u00e9m julgado, ningu\u00e9m preso, ningu\u00e9m pagando por nenhuma responsabilidade, isso \u00e9 um absurdo&#8221;, criticou o bispo.<\/p><\/blockquote>\n<p style=\"text-align: justify;\">Dom Vicente finalizou sua fala reiterando que &#8220;n\u00e3o existe democracia sem biodiversidade e tamb\u00e9m n\u00e3o existe biodiversidade sem democracia, pois s\u00e3o dois sistemas que se complementam&#8221;, por isso para sair dessa grave crise socioambiental \u00e9 preciso &#8220;refor\u00e7ar os aparatos democr\u00e1ticos que protegem a biodiversidade.<\/p>\n<p><strong>Assista a audi\u00eancia na \u00edntegra:<\/strong><\/p>\n<div class=\"ast-oembed-container\" style=\"height: 100%;\"><iframe loading=\"lazy\" title=\"Laudato Si&#039; - Compromisso crist\u00e3o com a justi\u00e7a socioambiental - Legisla\u00e7\u00e3o Participativa - 24\/05\/23\" width=\"500\" height=\"281\" src=\"https:\/\/www.youtube.com\/embed\/rj-oLT-TggA?feature=oembed\" frameborder=\"0\" allow=\"accelerometer; autoplay; clipboard-write; encrypted-media; gyroscope; picture-in-picture; web-share\" allowfullscreen><\/iframe><\/div>\n<p>&nbsp;<\/p>\n<h3>Programa\u00e7\u00e3o<\/h3>\n<p style=\"text-align: justify;\"><img decoding=\"async\" loading=\"lazy\" class=\"alignright wp-image-944858 \" src=\"https:\/\/www.cnbb.org.br\/wp-content\/uploads\/2023\/05\/Programacao-724x1024.png\" sizes=\"(max-width: 350px) 100vw, 350px\" srcset=\"https:\/\/www.cnbb.org.br\/wp-content\/uploads\/2023\/05\/Programacao-724x1024.png 724w, https:\/\/www.cnbb.org.br\/wp-content\/uploads\/2023\/05\/Programacao-212x300.png 212w, https:\/\/www.cnbb.org.br\/wp-content\/uploads\/2023\/05\/Programacao-768x1086.png 768w, https:\/\/www.cnbb.org.br\/wp-content\/uploads\/2023\/05\/Programacao-1086x1536.png 1086w, https:\/\/www.cnbb.org.br\/wp-content\/uploads\/2023\/05\/Programacao-500x707.png 500w, https:\/\/www.cnbb.org.br\/wp-content\/uploads\/2023\/05\/Programacao.png 1414w\" alt=\"\" width=\"350\" height=\"495\" \/>Come\u00e7ou no domingo (21) e segue at\u00e9 28 de maio as atividades da Semana Laudato Si\u2019. Com o tema \u201cEsperan\u00e7a para a Terra. Esperan\u00e7a para a humanidade\u201d, o evento marca o oitavo anivers\u00e1rio da enc\u00edclica do Papa Francisco sobre o cuidado da cria\u00e7\u00e3o.<\/p>\n<p style=\"text-align: justify;\">A programa\u00e7\u00e3o conta com uma s\u00e9rie de atividades em n\u00edvel nacional, regional e local, al\u00e9m de promover em todas as regi\u00f5es do Brasil um circuito de exibi\u00e7\u00f5es do filme \u2018A Carta: uma mensagem pela nossa Terra\u2019, inspirado na Laudato Si\u2019. Encontros com lideran\u00e7as religiosas, pol\u00edticas e de movimentos sociais, audi\u00eancia p\u00fablica, oficinas para juventude e um ato inter-religioso est\u00e3o entre as atividades propostas.<\/p>\n<p><strong>Confira a programa\u00e7\u00e3o da Semana Laudato Si\u2019<\/strong>\u00a0(<a href=\"https:\/\/laudatosi.my.canva.site\/\" target=\"_blank\" rel=\"noopener\">aqui<\/a>)<\/p>\n<p><strong>SERVI\u00c7O:<\/strong><br \/>\n<strong>Evento:<\/strong>\u00a0Solenidade de Abertura da Semana Laudato Si\u2019<br \/>\n<strong>Data:<\/strong>\u00a022 de maio de 2023<br \/>\n<strong>Hor\u00e1rio:<\/strong>\u00a010h (hor\u00e1rio de Bras\u00edlia)<br \/>\n<strong>Local:<\/strong>\u00a0CNBB, audit\u00f3rio Dom Helder C\u00e2mara \u2013 St. de Embaixadas Sul, QD 801 Conjunto B \u2013 Asa Sul, Bras\u00edlia-DF.<br \/>\n<strong>Contatos:\u00a0<\/strong>Ana Caroline Lira (61) 98595-5278\/Let\u00edcia Flor\u00eancio \u2013 (86) 99938-6713<\/p>\n<p>&nbsp;<\/p>\n","protected":false},"excerpt":{"rendered":"<p>A audi\u00eancia integra a programa\u00e7\u00e3o das atividades promovidas durante a Semana Laudato Si, que acontece at\u00e9 o dia 28 de maio, promovida por comiss\u00f5es da CNBB e parceiros. Com o tema \u201cEsperan\u00e7a para a Terra. Esperan\u00e7a para a humanidade\u201d, o evento marca o 8\u00ba anivers\u00e1rio da Enc\u00edclica do Papa sobre o cuidado da cria\u00e7\u00e3o<\/p>\n","protected":false},"author":141,"featured_media":945178,"comment_status":"open","ping_status":"open","sticky":false,"template":"","format":"standard","meta":{"site-sidebar-layout":"default","site-content-layout":"default","ast-global-header-display":"","ast-banner-title-visibility":"","ast-main-header-display":"","ast-hfb-above-header-display":"","ast-hfb-below-header-display":"","ast-hfb-mobile-header-display":"","site-post-title":"","ast-breadcrumbs-content":"","ast-featured-img":"","footer-sml-layout":"","theme-transparent-header-meta":"default","adv-header-id-meta":"","stick-header-meta":"","header-above-stick-meta":"","header-main-stick-meta":"","header-below-stick-meta":""},"categories":[50,1851],"tags":[3980,2147,2285],"acf":[],"_links":{"self":[{"href":"https:\/\/www.cnbb.org.br\/cnbb-app\/wp\/v2\/posts\/945110"}],"collection":[{"href":"https:\/\/www.cnbb.org.br\/cnbb-app\/wp\/v2\/posts"}],"about":[{"href":"https:\/\/www.cnbb.org.br\/cnbb-app\/wp\/v2\/types\/post"}],"author":[{"embeddable":true,"href":"https:\/\/www.cnbb.org.br\/cnbb-app\/wp\/v2\/users\/141"}],"replies":[{"embeddable":true,"href":"https:\/\/www.cnbb.org.br\/cnbb-app\/wp\/v2\/comments?post=945110"}],"version-history":[{"count":51,"href":"https:\/\/www.cnbb.org.br\/cnbb-app\/wp\/v2\/posts\/945110\/revisions"}],"predecessor-version":[{"id":945224,"href":"https:\/\/www.cnbb.org.br\/cnbb-app\/wp\/v2\/posts\/945110\/revisions\/945224"}],"wp:featuredmedia":[{"embeddable":true,"href":"https:\/\/www.cnbb.org.br\/cnbb-app\/wp\/v2\/media\/945178"}],"wp:attachment":[{"href":"https:\/\/www.cnbb.org.br\/cnbb-app\/wp\/v2\/media?parent=945110"}],"wp:term":[{"taxonomy":"category","embeddable":true,"href":"https:\/\/www.cnbb.org.br\/cnbb-app\/wp\/v2\/categories?post=945110"},{"taxonomy":"post_tag","embeddable":true,"href":"https:\/\/www.cnbb.org.br\/cnbb-app\/wp\/v2\/tags?post=945110"}],"curies":[{"name":"wp","href":"https:\/\/api.w.org\/{rel}","templated":true}]}}