{"id":945437,"date":"2023-06-01T13:00:11","date_gmt":"2023-06-01T16:00:11","guid":{"rendered":"https:\/\/www.cnbb.org.br\/?p=945437"},"modified":"2023-06-01T13:10:03","modified_gmt":"2023-06-01T16:10:03","slug":"41a-assembleia-geral-ordinaria-do-cnlb-promove-reflexao-sobre-a-profecia-do-laicato-nos-dias-8-a-11-de-junho","status":"publish","type":"post","link":"https:\/\/www.cnbb.org.br\/41a-assembleia-geral-ordinaria-do-cnlb-promove-reflexao-sobre-a-profecia-do-laicato-nos-dias-8-a-11-de-junho\/","title":{"rendered":"41\u00aa Assembleia Geral Ordin\u00e1ria do CNLB promove reflex\u00e3o sobre a profecia do laicato, nos dias 8 a 11 de junho"},"content":{"rendered":"<p style=\"text-align: justify;\">Entre os dias 8 e 11 de junho de 2023, a arquidiocese de Olinda e Recife sediar\u00e1 a 41\u00b0 Assembleia Geral Ordin\u00e1ria (41\u00b0 AGO) do Conselho Nacional do Laicato do Brasil (CNLB), no Centro Mari\u00e1polis Santa Maria, em Igarassu (PE). A iniciativa reunir\u00e1 215 participantes, vindos dos 19 regionais da Confer\u00eancia Nacional dos Bispos do Brasil (CNBB), estando representadas 87 dioceses e 15 movimentos eclesiais nacionais.<\/p>\n<p style=\"text-align: justify;\">O encontro tem como objetivo rezar a profecia dos crist\u00e3os leigos e das crist\u00e3s leigas e ir\u00e1 refletir sobre a evangeliza\u00e7\u00e3o nas comunidades a partir de temas importantes, a exemplo do di\u00e1logo entre f\u00e9, educa\u00e7\u00e3o e cultura, o protagonismo das juventudes, dentre outros.<\/p>\n<blockquote>\n<p style=\"text-align: justify;\">&#8220;Uma assembleia \u00e9 sempre momento oportuno de avalia\u00e7\u00e3o e reflex\u00e3o da caminhada, bem como de celebra\u00e7\u00e3o dos avan\u00e7os e desafios que experimentamos em nossa miss\u00e3o de organizar e representar o laicato no Brasil. Esta Assembleia, por\u00e9m, se reveste de outros elementos que a tornam hist\u00f3rica&#8221;, afirma o CNLB.<\/p>\n<\/blockquote>\n<p style=\"text-align: justify;\">O tema escolhido para pautar todo o processo de constru\u00e7\u00e3o da 41\u00b0 AGO \u00e9 <strong>&#8220;A<\/strong> <strong>profecia do laicato&#8221;<\/strong>. Este tema foi proposto dentro do itiner\u00e1rio do jubileu de 50 anos do CNLB: profecia (2023), testemunho (2024) e mem\u00f3ria (2025), cada ano com um tema central para ser celebrado nas atividades do organismo.<\/p>\n<p style=\"text-align: justify;\">O lema iluminador da Assembleia <strong>&#8220;Crist\u00e3s leigas e leigos: N\u00e3o deixemos morrer a profecia\u201d<\/strong>, \u00e9 uma cita\u00e7\u00e3o direta de dom Helder C\u00e2mara, que foi arcebispo de Olinda e Recife, no per\u00edodo de 1964 a 1985. J\u00e1 a ilumina\u00e7\u00e3o b\u00edblica da Assembleia, tirada do Evangelho de Lucas <strong>\u201cEle me ungiu para anunciar a Boa Nova aos pobres\u201d (4,18)<\/strong>, se comunica intimamente com o lema e constitui um chamado que ecoa constantemente para que o CNLB renove sua voca\u00e7\u00e3o prof\u00e9tica de transforma\u00e7\u00e3o da sociedade, voca\u00e7\u00e3o privilegiada.<\/p>\n<blockquote>\n<p style=\"text-align: justify;\">&#8220;Lema e ilumina\u00e7\u00e3o marcaram profundamente o processo de constru\u00e7\u00e3o da metodologia e liturgia desta Assembleia, privilegiando a dimens\u00e3o orante e celebrativa, com momentos que facilitar\u00e3o a reflex\u00e3o de vida e miss\u00e3o e que possibilitar\u00e3o encontros e partilhas na grande festa do laicato do Brasil&#8221;, afirma o CNLB.<\/p>\n<\/blockquote>\n<h3><strong>Identidade visual<\/strong><\/h3>\n<p style=\"text-align: justify;\"><img decoding=\"async\" loading=\"lazy\" class=\"size-full wp-image-945465 alignleft\" src=\"https:\/\/www.cnbb.org.br\/wp-content\/uploads\/2023\/05\/Cartaz-41-AG-CNLB-212x300-1.jpeg\" alt=\"\" width=\"212\" height=\"300\" \/>O cartaz da Assembleia foi idealizado pelos leigos Isa\u00edas Ara\u00fajo e Yves de Lima Justino, ambos da cidade de Natal (RN). Segundo os autores, os elementos que comp\u00f5em a arte dialogam com a diversidade de Igreja e seus aspectos teol\u00f3gicos fundamentais. Al\u00e9m disso, o visual faz refer\u00eancia \u00e0 cultura do estado de Pernambuco com uma paleta de cores extra\u00edda da logo do CNLB e do<a href=\"https:\/\/anovocacional.cnbb.org.br\/\" target=\"_blank\" rel=\"noopener\">\u00a0Ano Vocacional da Igreja no Brasil.<\/a><\/p>\n<p><strong>Sobre seus sentidos e significados &#8211;\u00a0<\/strong>1. Bandeiras coloridas anunciam as festas juninas junto \u00e0 logo do CNLB;<br \/>\n2. Destacado ao centro o n\u00famero e t\u00edtulo da assembleia;<br \/>\n3. Compondo a imagem principal temos o sol amarelo do amanhecer e o sol alaranjado do entardecer; a cruz peitoral de dom Helder C\u00e2mara; e em linha v\u00e1rias pessoas que comp\u00f5e a diversidade da igreja (as imagens n\u00e3o tem rosto para demonstrar a subjetividade dessas pessoas).<br \/>\n4. Em marca d\u2019\u00e1gua temos a silhueta do Papa Francisco e dom Helder C\u00e2mara olhando para fora, para al\u00e9m, o olhar da Igreja em sa\u00edda. Esses elementos est\u00e3o mais claros para demonstrar que mesmo n\u00e3o estando presentes fisicamente os mesmos comp\u00f5em a nossa caminhada.<br \/>\n5. Por fim as informa\u00e7\u00f5es do encontro: lema, ilumina\u00e7\u00e3o b\u00edblica data e local.<\/p>\n<h3><strong>Coletiva de imprensa\u00a0<\/strong><\/h3>\n<p style=\"text-align: justify;\">O CNLB e a arquidiocese de Olinda e Recife convidaram os profissionais de comunica\u00e7\u00e3o para participar de uma coletiva imprensa de apresenta\u00e7\u00e3o da 41\u00aa Assembleia Nacional do Laicato do Brasil, no dia 7 de junho, \u00e0s 10h30. Durante a entrevista ser\u00e3o apresentados os detalhes da organiza\u00e7\u00e3o, estrutura e programa\u00e7\u00e3o do encontro, que \u00e9 um dos maiores eventos para os leigos e as leigas da Igreja no Brasil.<\/p>\n<p style=\"text-align: justify;\">A coletiva ser\u00e1 transmitida via redes sociais do Conselho Nacional do Laicato do Brasil (CNLB), para todos os Crist\u00e3os Leigos do Brasil.<\/p>\n<p>&nbsp;<\/p>\n<pre>Com informa\u00e7\u00f5es do <a href=\"https:\/\/www.cnlb.org.br\/\" target=\"_blank\" rel=\"noopener\">CNLB\u00a0<\/a><\/pre>\n<p>&nbsp;<\/p>\n<p>&nbsp;<\/p>\n","protected":false},"excerpt":{"rendered":"<p>Entre os dias 8 e 11 de junho de 2023, a arquidiocese de Olinda e Recife sediar\u00e1 a 41\u00b0 Assembleia Geral Ordin\u00e1ria (41\u00b0 AGO) do Conselho Nacional do Laicato do Brasil (CNLB), que reunir\u00e1 215 participantes, vindos dos 19 regionais da CNBB, estando representadas 87 dioceses e 15 movimentos eclesiais nacionais<\/p>\n","protected":false},"author":141,"featured_media":945463,"comment_status":"open","ping_status":"open","sticky":false,"template":"","format":"standard","meta":{"site-sidebar-layout":"default","site-content-layout":"default","ast-global-header-display":"","ast-banner-title-visibility":"","ast-main-header-display":"","ast-hfb-above-header-display":"","ast-hfb-below-header-display":"","ast-hfb-mobile-header-display":"","site-post-title":"","ast-breadcrumbs-content":"","ast-featured-img":"","footer-sml-layout":"","theme-transparent-header-meta":"default","adv-header-id-meta":"","stick-header-meta":"","header-above-stick-meta":"","header-main-stick-meta":"","header-below-stick-meta":""},"categories":[835,1840],"tags":[5060,2387],"acf":[],"_links":{"self":[{"href":"https:\/\/www.cnbb.org.br\/cnbb-app\/wp\/v2\/posts\/945437"}],"collection":[{"href":"https:\/\/www.cnbb.org.br\/cnbb-app\/wp\/v2\/posts"}],"about":[{"href":"https:\/\/www.cnbb.org.br\/cnbb-app\/wp\/v2\/types\/post"}],"author":[{"embeddable":true,"href":"https:\/\/www.cnbb.org.br\/cnbb-app\/wp\/v2\/users\/141"}],"replies":[{"embeddable":true,"href":"https:\/\/www.cnbb.org.br\/cnbb-app\/wp\/v2\/comments?post=945437"}],"version-history":[{"count":21,"href":"https:\/\/www.cnbb.org.br\/cnbb-app\/wp\/v2\/posts\/945437\/revisions"}],"predecessor-version":[{"id":945476,"href":"https:\/\/www.cnbb.org.br\/cnbb-app\/wp\/v2\/posts\/945437\/revisions\/945476"}],"wp:featuredmedia":[{"embeddable":true,"href":"https:\/\/www.cnbb.org.br\/cnbb-app\/wp\/v2\/media\/945463"}],"wp:attachment":[{"href":"https:\/\/www.cnbb.org.br\/cnbb-app\/wp\/v2\/media?parent=945437"}],"wp:term":[{"taxonomy":"category","embeddable":true,"href":"https:\/\/www.cnbb.org.br\/cnbb-app\/wp\/v2\/categories?post=945437"},{"taxonomy":"post_tag","embeddable":true,"href":"https:\/\/www.cnbb.org.br\/cnbb-app\/wp\/v2\/tags?post=945437"}],"curies":[{"name":"wp","href":"https:\/\/api.w.org\/{rel}","templated":true}]}}