{"id":945548,"date":"2023-05-31T14:27:11","date_gmt":"2023-05-31T17:27:11","guid":{"rendered":"https:\/\/www.cnbb.org.br\/?p=945548"},"modified":"2023-05-31T14:27:43","modified_gmt":"2023-05-31T17:27:43","slug":"junho-mes-do-sagrado-coracao-de-jesus-2","status":"publish","type":"post","link":"https:\/\/www.cnbb.org.br\/junho-mes-do-sagrado-coracao-de-jesus-2\/","title":{"rendered":"Junho: m\u00eas do Sagrado Cora\u00e7\u00e3o de Jesus\u00a0"},"content":{"rendered":"<p style=\"text-align: right;\"><b><span data-contrast=\"auto\">Dom Eurico dos Santos Veloso<\/span><\/b><span data-ccp-props=\"{&quot;201341983&quot;:0,&quot;335551550&quot;:2,&quot;335551620&quot;:2,&quot;335559739&quot;:0,&quot;335559740&quot;:259}\"><br \/>\n<\/span><b><span data-contrast=\"auto\">Arcebispo Em\u00e9rito de Juiz de Fora (MG)<\/span><\/b><span data-ccp-props=\"{&quot;201341983&quot;:0,&quot;335551550&quot;:2,&quot;335551620&quot;:2,&quot;335559739&quot;:0,&quot;335559740&quot;:259}\">\u00a0<\/span><\/p>\n<p><span data-ccp-props=\"{&quot;201341983&quot;:0,&quot;335559739&quot;:0,&quot;335559740&quot;:259}\">\u00a0<\/span><\/p>\n<p style=\"text-align: justify;\"><span data-contrast=\"auto\">O m\u00eas de junho \u00e9 um per\u00edodo especial para a Igreja, pois \u00e9 dedicado de maneira particular ao Sagrado Cora\u00e7\u00e3o de Jesus. \u00c9 um momento de profunda devo\u00e7\u00e3o, reflex\u00e3o e renova\u00e7\u00e3o espiritual, no qual somos convidados a contemplar o amor infinito de Jesus Cristo por cada um de n\u00f3s. No dia 24 de junho, celebraremos a Solenidade do Sagrado Cora\u00e7\u00e3o de Jesus.\u00a0<\/span><span data-ccp-props=\"{&quot;201341983&quot;:0,&quot;335551550&quot;:6,&quot;335551620&quot;:6,&quot;335559731&quot;:708,&quot;335559739&quot;:0,&quot;335559740&quot;:259}\">\u00a0<\/span><\/p>\n<p style=\"text-align: justify;\"><span data-contrast=\"auto\">\u00c9 uma tradi\u00e7\u00e3o nas par\u00f3quias reunirmo-nos toda primeira sexta-feira de cada m\u00eas para recordar e venerar o Sagrado Cora\u00e7\u00e3o de Jesus. Durante esses encontros, o grupo do Apostolado da Ora\u00e7\u00e3o se re\u00fane para um momento de profunda Adora\u00e7\u00e3o Eucar\u00edstica, seguido pela celebra\u00e7\u00e3o da Santa Missa, onde rendemos gra\u00e7as ao amor inesgot\u00e1vel do Sagrado Cora\u00e7\u00e3o de Jesus. \u00c9 um tempo especial de reflex\u00e3o, ora\u00e7\u00e3o e renova\u00e7\u00e3o da nossa devo\u00e7\u00e3o ao nosso amado Salvador.<\/span><span data-ccp-props=\"{&quot;201341983&quot;:0,&quot;335551550&quot;:6,&quot;335551620&quot;:6,&quot;335559731&quot;:708,&quot;335559739&quot;:0,&quot;335559740&quot;:259}\">\u00a0<\/span><\/p>\n<p style=\"text-align: justify;\"><span data-contrast=\"auto\">O Sagrado Cora\u00e7\u00e3o de Jesus representa o amor misericordioso e compassivo de nosso Salvador. \u00c9 um s\u00edmbolo do amor divino que arde em seu cora\u00e7\u00e3o, transbordando gra\u00e7a e salva\u00e7\u00e3o para toda a humanidade. \u00c9 um convite para nos aproximarmos desse amor incondicional e permitirmos que ele transforme nossas vidas.<\/span><span data-ccp-props=\"{&quot;201341983&quot;:0,&quot;335551550&quot;:6,&quot;335551620&quot;:6,&quot;335559731&quot;:708,&quot;335559739&quot;:0,&quot;335559740&quot;:259}\">\u00a0<\/span><\/p>\n<p style=\"text-align: justify;\"><span data-contrast=\"auto\">Ao meditarmos sobre o Sagrado Cora\u00e7\u00e3o de Jesus, somos chamados a refletir sobre alguns aspectos essenciais de nossa f\u00e9.<\/span><span data-ccp-props=\"{&quot;201341983&quot;:0,&quot;335551550&quot;:6,&quot;335551620&quot;:6,&quot;335559731&quot;:708,&quot;335559739&quot;:0,&quot;335559740&quot;:259}\">\u00a0<\/span><\/p>\n<p style=\"text-align: justify;\"><span data-contrast=\"auto\">Primeiramente, o Sagrado Cora\u00e7\u00e3o nos recorda o sacrif\u00edcio supremo de Jesus na cruz. Ele entregou sua vida por n\u00f3s, oferecendo-se como um sacrif\u00edcio perfeito para a remiss\u00e3o dos nossos pecados. Esse gesto de amor e reden\u00e7\u00e3o \u00e9 um testemunho da profundidade do amor de Deus por n\u00f3s e nos convida a responder a esse amor com gratid\u00e3o e convers\u00e3o.<\/span><span data-ccp-props=\"{&quot;201341983&quot;:0,&quot;335551550&quot;:6,&quot;335551620&quot;:6,&quot;335559731&quot;:708,&quot;335559739&quot;:0,&quot;335559740&quot;:259}\">\u00a0<\/span><\/p>\n<p style=\"text-align: justify;\"><span data-contrast=\"auto\">Em segundo lugar, o Sagrado Cora\u00e7\u00e3o de Jesus nos ensina sobre a miseric\u00f3rdia divina. Jesus, em seu cora\u00e7\u00e3o compassivo, acolhe a todos, independentemente de seus erros, falhas ou pecados. Ele est\u00e1 sempre disposto a perdoar, curar e restaurar aqueles que se aproximam dele com um cora\u00e7\u00e3o contrito. Essa miseric\u00f3rdia inesgot\u00e1vel nos convida a buscar o perd\u00e3o e a reconcilia\u00e7\u00e3o em nossas vidas, bem como a estender o mesmo amor misericordioso aos outros.<\/span><span data-ccp-props=\"{&quot;201341983&quot;:0,&quot;335551550&quot;:6,&quot;335551620&quot;:6,&quot;335559731&quot;:708,&quot;335559739&quot;:0,&quot;335559740&quot;:259}\">\u00a0<\/span><\/p>\n<p style=\"text-align: justify;\"><span data-contrast=\"auto\">Al\u00e9m disso, o Sagrado Cora\u00e7\u00e3o de Jesus nos convida a responder a esse amor com generosidade e servi\u00e7o aos outros. Ao contemplar o Cora\u00e7\u00e3o de Jesus, somos inspirados a imitar suas virtudes, como a humildade, a compaix\u00e3o e a caridade. O Sagrado Cora\u00e7\u00e3o nos chama a amar e servir nossos irm\u00e3os e irm\u00e3s, especialmente, os mais necessitados e marginalizados da sociedade.<\/span><span data-ccp-props=\"{&quot;201341983&quot;:0,&quot;335551550&quot;:6,&quot;335551620&quot;:6,&quot;335559731&quot;:708,&quot;335559739&quot;:0,&quot;335559740&quot;:259}\">\u00a0<\/span><\/p>\n<p style=\"text-align: justify;\"><span data-contrast=\"auto\">Durante o m\u00eas de junho, podemos cultivar uma devo\u00e7\u00e3o especial ao Sagrado Cora\u00e7\u00e3o de Jesus, por meio de v\u00e1rias pr\u00e1ticas espirituais. A participa\u00e7\u00e3o na Santa Missa, a adora\u00e7\u00e3o ao Sant\u00edssimo Sacramento e a recita\u00e7\u00e3o das ora\u00e7\u00f5es tradicionais, como a Ladainha do Sagrado Cora\u00e7\u00e3o de Jesus, s\u00e3o maneiras de nos aproximar dessa devo\u00e7\u00e3o e mergulhar na gra\u00e7a abundante que emana do cora\u00e7\u00e3o de Cristo.<\/span><span data-ccp-props=\"{&quot;201341983&quot;:0,&quot;335551550&quot;:6,&quot;335551620&quot;:6,&quot;335559731&quot;:708,&quot;335559739&quot;:0,&quot;335559740&quot;:259}\">\u00a0<\/span><\/p>\n<p style=\"text-align: justify;\"><span data-contrast=\"auto\">Neste m\u00eas, convido a todos a abrir seus cora\u00e7\u00f5es ao amor de Jesus, a se deixar transformar por sua miseric\u00f3rdia e a responder com generosidade aos apelos de seu Sagrado Cora\u00e7\u00e3o. Que possamos renovar nosso compromisso de seguir a Cristo, de ser seus disc\u00edpulos aut\u00eanticos e de compartilhar seu amor com o mundo.<\/span><span data-ccp-props=\"{&quot;201341983&quot;:0,&quot;335551550&quot;:6,&quot;335551620&quot;:6,&quot;335559731&quot;:708,&quot;335559739&quot;:0,&quot;335559740&quot;:259}\">\u00a0<\/span><\/p>\n<p style=\"text-align: justify;\"><span data-contrast=\"auto\">Que o m\u00eas do Sagrado Cora\u00e7\u00e3o de Jesus seja um tempo de encontro pessoal com o amor divino, de convers\u00e3o e de crescimento espiritual. Que a chama desse amor arda em nossos cora\u00e7\u00f5es e nos inspire a viver uma vida de santidade e servi\u00e7o, sempre guiados pelo exemplo do Sagrado Cora\u00e7\u00e3o de Jesus.<\/span><span data-ccp-props=\"{&quot;201341983&quot;:0,&quot;335551550&quot;:6,&quot;335551620&quot;:6,&quot;335559731&quot;:708,&quot;335559739&quot;:0,&quot;335559740&quot;:259}\">\u00a0<\/span><\/p>\n<p style=\"text-align: justify;\"><span data-contrast=\"auto\">Sauda\u00e7\u00f5es em Cristo!<\/span><span data-ccp-props=\"{&quot;201341983&quot;:0,&quot;335559731&quot;:708,&quot;335559739&quot;:0,&quot;335559740&quot;:259}\">\u00a0<\/span><\/p>\n<p style=\"text-align: justify;\"><span data-ccp-props=\"{&quot;201341983&quot;:0,&quot;335551550&quot;:2,&quot;335551620&quot;:2,&quot;335559739&quot;:0,&quot;335559740&quot;:259}\">\u00a0<\/span><\/p>\n<p style=\"text-align: justify;\"><span data-ccp-props=\"{&quot;201341983&quot;:0,&quot;335551550&quot;:2,&quot;335551620&quot;:2,&quot;335559739&quot;:0,&quot;335559740&quot;:259}\">\u00a0<\/span><\/p>\n<p style=\"text-align: justify;\">\n","protected":false},"excerpt":{"rendered":"<p>Dom Eurico dos Santos Veloso Arcebispo Em\u00e9rito de Juiz de Fora (MG)\u00a0 \u00a0 O m\u00eas de junho \u00e9 um per\u00edodo especial para a Igreja, pois \u00e9 dedicado de maneira particular ao Sagrado Cora\u00e7\u00e3o de Jesus. \u00c9 um momento de profunda devo\u00e7\u00e3o, reflex\u00e3o e renova\u00e7\u00e3o espiritual, no qual somos convidados a contemplar o amor infinito de &hellip;<\/p>\n<p class=\"read-more\"> <a class=\"\" href=\"https:\/\/www.cnbb.org.br\/junho-mes-do-sagrado-coracao-de-jesus-2\/\"> <span class=\"screen-reader-text\">Junho: m\u00eas do Sagrado Cora\u00e7\u00e3o de Jesus\u00a0<\/span> Leia mais &raquo;<\/a><\/p>\n","protected":false},"author":73,"featured_media":0,"comment_status":"open","ping_status":"open","sticky":false,"template":"","format":"standard","meta":{"site-sidebar-layout":"default","site-content-layout":"default","ast-global-header-display":"","ast-banner-title-visibility":"","ast-main-header-display":"","ast-hfb-above-header-display":"","ast-hfb-below-header-display":"","ast-hfb-mobile-header-display":"","site-post-title":"","ast-breadcrumbs-content":"","ast-featured-img":"","footer-sml-layout":"","theme-transparent-header-meta":"default","adv-header-id-meta":"","stick-header-meta":"","header-above-stick-meta":"","header-main-stick-meta":"","header-below-stick-meta":""},"categories":[758],"tags":[],"acf":[],"_links":{"self":[{"href":"https:\/\/www.cnbb.org.br\/cnbb-app\/wp\/v2\/posts\/945548"}],"collection":[{"href":"https:\/\/www.cnbb.org.br\/cnbb-app\/wp\/v2\/posts"}],"about":[{"href":"https:\/\/www.cnbb.org.br\/cnbb-app\/wp\/v2\/types\/post"}],"author":[{"embeddable":true,"href":"https:\/\/www.cnbb.org.br\/cnbb-app\/wp\/v2\/users\/73"}],"replies":[{"embeddable":true,"href":"https:\/\/www.cnbb.org.br\/cnbb-app\/wp\/v2\/comments?post=945548"}],"version-history":[{"count":1,"href":"https:\/\/www.cnbb.org.br\/cnbb-app\/wp\/v2\/posts\/945548\/revisions"}],"predecessor-version":[{"id":945549,"href":"https:\/\/www.cnbb.org.br\/cnbb-app\/wp\/v2\/posts\/945548\/revisions\/945549"}],"wp:attachment":[{"href":"https:\/\/www.cnbb.org.br\/cnbb-app\/wp\/v2\/media?parent=945548"}],"wp:term":[{"taxonomy":"category","embeddable":true,"href":"https:\/\/www.cnbb.org.br\/cnbb-app\/wp\/v2\/categories?post=945548"},{"taxonomy":"post_tag","embeddable":true,"href":"https:\/\/www.cnbb.org.br\/cnbb-app\/wp\/v2\/tags?post=945548"}],"curies":[{"name":"wp","href":"https:\/\/api.w.org\/{rel}","templated":true}]}}