{"id":945573,"date":"2023-07-03T09:00:10","date_gmt":"2023-07-03T12:00:10","guid":{"rendered":"https:\/\/www.cnbb.org.br\/?p=945573"},"modified":"2023-07-04T16:17:58","modified_gmt":"2023-07-04T19:17:58","slug":"dia-nacional-da-juventude-2023","status":"publish","type":"post","link":"https:\/\/www.cnbb.org.br\/dia-nacional-da-juventude-2023\/","title":{"rendered":"Saiba quais as sugest\u00f5es da Comiss\u00e3o para a Juventude da CNBB para organizar o Dia Nacional da Juventude 2023"},"content":{"rendered":"<p style=\"text-align: justify;\">A Comiss\u00e3o Episcopal para a Juventude da Confer\u00eancia Nacional dos Bispos do Brasil (CNBB) divulgou o tema do Dia Nacional da Juventude (DNJ) 2023. Neste ano, a Pastoral Juvenil prop\u00f5e aprofundar a quest\u00e3o da fome, em sintonia com a Campanha da Fraternidade 2023 com o tema: \u201cE todos ficaram saciados\u201d (Lc 9,17).<\/p>\n<p style=\"text-align: justify;\">De acordo com a Pastoral Juvenil, &#8220;o tema, refletido e rezado, lembra o car\u00e1ter mission\u00e1rio do DNJ, e um convite do Senhor a estar \u201cao seu lado\u201d, para depois enviar a amar como Ele ama&#8221;.<\/p>\n<p style=\"text-align: justify;\">Esse convite \u00e9 contido no plano da Pastoral Juvenil, &#8220;Ao seu lado&#8221;, no eixo &#8220;Cidadania: casa comum e dignidade humana&#8221;. O incentivo \u00e9 \u00e0 &#8220;conscientiza\u00e7\u00e3o sobre a crise socioambiental de forma a motivar a\u00e7\u00f5es em defesa da vida e da Casa Comum nos diferentes contextos&#8221;. O plano pastoral tamb\u00e9m visa motivar a atua\u00e7\u00e3o das juventudes nas diversas inst\u00e2ncias governamentais e organiza\u00e7\u00f5es civis de reflex\u00e3o e elabora\u00e7\u00e3o de pol\u00edticas p\u00fablicas, &#8220;tendo em vista a promo\u00e7\u00e3o da vida plena para todos&#8221;.<\/p>\n<h3 style=\"text-align: justify;\">Prepara\u00e7\u00e3o da celebra\u00e7\u00e3o<\/h3>\n<p style=\"text-align: justify;\">A Comiss\u00e3o Episcopal para a Juventude, em conformidade com as orienta\u00e7\u00f5es pastorais para a celebra\u00e7\u00e3o da Jornada Mundial da Juventude nas Igrejas particulares elaborado pelo Dicast\u00e9rio para os Leigos, a Fam\u00edlia e a Vida do Vaticano, prop\u00f4s um caminho pedag\u00f3gico \u201cnos rastros\u201d, com o seguinte cronograma:<\/p>\n<ul>\n<li style=\"text-align: justify;\">Em agosto, ap\u00f3s a JMJ Lisboa, o cartaz e o subs\u00eddio estar\u00e3o \u00e0 disposi\u00e7\u00e3o para download no site Jovens Conectados;<\/li>\n<li style=\"text-align: justify;\">Nos meses de agosto, setembro e outubro as express\u00f5es juvenis s\u00e3o convidadas a realizarem os encontros formativos contido no caderno do DNJ;<\/li>\n<li style=\"text-align: justify;\">Nas tr\u00eas primeiras semanas de outubro as express\u00f5es juvenis s\u00e3o convidadas a realizarem miss\u00f5es em suas par\u00f3quias, em sintonia com o m\u00eas mission\u00e1rio;<\/li>\n<li style=\"text-align: justify;\">No \u00faltimo domingo de outubro (oficialmente) celebra\u00e7\u00e3o do DNJ em todas as dioceses do Brasil. Visto que cada diocese poder\u00e1 realizar a celebra\u00e7\u00e3o do DNJ de acordo com seus calend\u00e1rios.<\/li>\n<\/ul>\n<p>&nbsp;<\/p>\n<pre style=\"text-align: justify;\">Com informa\u00e7\u00f5es de <span style=\"font-size: 16px;\">Jovens Conectados<\/span><\/pre>\n<p style=\"text-align: justify;\">\n","protected":false},"excerpt":{"rendered":"<p>Neste ano, a Pastoral Juvenil prop\u00f5e aprofundar a quest\u00e3o da fome, em sintonia com a Campanha da Fraternidade 2023, com o tema: \u201cE todos ficaram saciados\u201d (Lc 9,17). Conhe\u00e7a o caminho pedag\u00f3gico \u201cnos rastros\u201d proposto pela Comiss\u00e3o da CNBB para melhor celebrar o Dia Nacional da Juventude em sintonia com a JMJ 2023<\/p>\n","protected":false},"author":38,"featured_media":947259,"comment_status":"open","ping_status":"open","sticky":false,"template":"","format":"standard","meta":{"site-sidebar-layout":"default","site-content-layout":"default","ast-global-header-display":"","ast-banner-title-visibility":"","ast-main-header-display":"","ast-hfb-above-header-display":"","ast-hfb-below-header-display":"","ast-hfb-mobile-header-display":"","site-post-title":"","ast-breadcrumbs-content":"","ast-featured-img":"","footer-sml-layout":"","theme-transparent-header-meta":"default","adv-header-id-meta":"","stick-header-meta":"","header-above-stick-meta":"","header-main-stick-meta":"","header-below-stick-meta":""},"categories":[50,775],"tags":[5104],"acf":[],"_links":{"self":[{"href":"https:\/\/www.cnbb.org.br\/cnbb-app\/wp\/v2\/posts\/945573"}],"collection":[{"href":"https:\/\/www.cnbb.org.br\/cnbb-app\/wp\/v2\/posts"}],"about":[{"href":"https:\/\/www.cnbb.org.br\/cnbb-app\/wp\/v2\/types\/post"}],"author":[{"embeddable":true,"href":"https:\/\/www.cnbb.org.br\/cnbb-app\/wp\/v2\/users\/38"}],"replies":[{"embeddable":true,"href":"https:\/\/www.cnbb.org.br\/cnbb-app\/wp\/v2\/comments?post=945573"}],"version-history":[{"count":5,"href":"https:\/\/www.cnbb.org.br\/cnbb-app\/wp\/v2\/posts\/945573\/revisions"}],"predecessor-version":[{"id":947260,"href":"https:\/\/www.cnbb.org.br\/cnbb-app\/wp\/v2\/posts\/945573\/revisions\/947260"}],"wp:featuredmedia":[{"embeddable":true,"href":"https:\/\/www.cnbb.org.br\/cnbb-app\/wp\/v2\/media\/947259"}],"wp:attachment":[{"href":"https:\/\/www.cnbb.org.br\/cnbb-app\/wp\/v2\/media?parent=945573"}],"wp:term":[{"taxonomy":"category","embeddable":true,"href":"https:\/\/www.cnbb.org.br\/cnbb-app\/wp\/v2\/categories?post=945573"},{"taxonomy":"post_tag","embeddable":true,"href":"https:\/\/www.cnbb.org.br\/cnbb-app\/wp\/v2\/tags?post=945573"}],"curies":[{"name":"wp","href":"https:\/\/api.w.org\/{rel}","templated":true}]}}