{"id":945702,"date":"2023-06-05T13:17:44","date_gmt":"2023-06-05T16:17:44","guid":{"rendered":"https:\/\/www.cnbb.org.br\/?p=945702"},"modified":"2023-06-05T14:08:09","modified_gmt":"2023-06-05T17:08:09","slug":"cuidado-com-a-casa-comum-dom-jaime-spengler","status":"publish","type":"post","link":"https:\/\/www.cnbb.org.br\/cuidado-com-a-casa-comum-dom-jaime-spengler\/","title":{"rendered":"\u201c\u00c9 preciso repensar modelos de desenvolvimento que desconsideram a Casa Comum\u201d, afirma dom Jaime"},"content":{"rendered":"<p style=\"text-align: justify;\">O Papa Francisco salientou que &#8220;cada comunidade recebe da bondade da terra aquilo de que necessita para a sua sobreviv\u00eancia, mas tem tamb\u00e9m o dever de proteg\u00ea-la e garantir a continuidade da sua fertilidade para as gera\u00e7\u00f5es futuras.&#8221; Na data em que se celebra o Dia Mundial do Meio Ambiente, 5 de junho, o apelo permanece atual e o clamor continua para que n\u00e3o se transgrida o justo equil\u00edbrio que sustenta o conv\u00edvio entre seres humanos, plantas e animais.<\/p>\n<figure id=\"attachment_258019\" aria-describedby=\"caption-attachment-258019\" style=\"width: 300px\" class=\"wp-caption alignleft\"><img decoding=\"async\" loading=\"lazy\" class=\"wp-image-258019 size-medium\" src=\"https:\/\/www.cnbb.org.br\/wp-content\/uploads\/2021\/01\/dom-jaime-spengler-capa-300x169.jpg\" alt=\"\" width=\"300\" height=\"169\" srcset=\"https:\/\/www.cnbb.org.br\/wp-content\/uploads\/2021\/01\/dom-jaime-spengler-capa-300x169.jpg 300w, https:\/\/www.cnbb.org.br\/wp-content\/uploads\/2021\/01\/dom-jaime-spengler-capa-500x281.jpg 500w, https:\/\/www.cnbb.org.br\/wp-content\/uploads\/2021\/01\/dom-jaime-spengler-capa.jpg 750w\" sizes=\"(max-width: 300px) 100vw, 300px\" \/><figcaption id=\"caption-attachment-258019\" class=\"wp-caption-text\">Dom Jaime Spengler, atual presidente da CNBB<\/figcaption><\/figure>\n<p style=\"text-align: justify;\">O arcebispo de Porto Alegre e atual presidente da CNBB, dom Jaime Spengler, salientou em um artigo publicado que \u00e9 preciso &#8220;repensar modelos de desenvolvimento que desconsideram o cuidado para com a casa comum e os par\u00e2metros de sustentabilidade&#8221;.<\/p>\n<blockquote>\n<p style=\"text-align: justify;\">&#8220;O territ\u00f3rio brasileiro \u00e9 rico pela diversidade da fauna e da flora. A \u201cterra adorada&#8221;, como cantada no Hino Nacional, necessita de cuidado e prote\u00e7\u00e3o. A explora\u00e7\u00e3o e a gest\u00e3o dos recursos naturais demandam \u00e9tica, responsabilidade social e fiscaliza\u00e7\u00e3o. \u00c9 tarefa do poder p\u00fablico regular e fiscalizar com determina\u00e7\u00e3o, sem demonizar quem disso se ocupa. Mas n\u00e3o s\u00f3! Urge somar os melhores esfor\u00e7os para elaborar novas formas de economia e finan\u00e7as, cujas pr\u00e1ticas e regras estejam voltadas ao progresso do bem comum, sejam respeitosas da dignidade humana e expressem cuidado para com a Casa Comum&#8221;, salientou o arcebispo.<\/p>\n<\/blockquote>\n<h3><strong>Gest\u00e3o e prote\u00e7\u00e3o ambiental\u00a0<\/strong><\/h3>\n<p style=\"text-align: justify;\">Segundo o presidente da CNBB, a gest\u00e3o e prote\u00e7\u00e3o ambiental representam um desafio a todos que se preocupam com as condi\u00e7\u00f5es necess\u00e1rias para deixar o mundo um pouco melhor para as futuras gera\u00e7\u00f5es. &#8220;Requerem cont\u00ednuo acompanhamento t\u00e9cnico e medidas socioeducativas&#8221;, frisou.<\/p>\n<blockquote><p>&#8220;O cuidado e a prote\u00e7\u00e3o do meio ambiente expressam respeito \u00e0 vida das pessoas e do planeta. O apregoado desenvolvimento sustent\u00e1vel n\u00e3o pode ser promotor de devasta\u00e7\u00e3o e morte&#8221;.<\/p><\/blockquote>\n<p style=\"text-align: justify;\">Dom Jaime, na ocasi\u00e3o, recordou o dia em que o estado de Minas Geras chorou pelo desastre de barragens em Brumadinho. E reiterou que o que ocorreu n\u00e3o foi acidente nem desastre natural. &#8220;Foi, sim, express\u00e3o contundente de um poder que destr\u00f3i e mata&#8221;.<\/p>\n<blockquote>\n<p style=\"text-align: justify;\">&#8220;A gest\u00e3o e a explora\u00e7\u00e3o dos recursos naturais, dos quais o territ\u00f3rio brasileiro \u00e9 rico, necessitam de pol\u00edticas ambientais s\u00e9rias e controle r\u00edgido. Tamb\u00e9m a imprensa e a sociedade possuem o dever e o direito de monitorar comportamentos danosos de atores econ\u00f4micos&#8221;.<\/p>\n<\/blockquote>\n<p style=\"text-align: justify;\">Por fim, o arcebispo salienta que n\u00e3o se pode compactuar com formas de explora\u00e7\u00e3o dos recursos naturais que gerem pobreza, sofrimento e morte. &#8220;N\u00e3o se pode transcurar a \u00edndole da pessoa humana possuidora de uma \u00edndole relacional e uma racionalidade em perene busca de um ganho e de um bem estar que sejam integrais, n\u00e3o reduz\u00edveis a uma l\u00f3gica de consumo ou aos aspectos econ\u00f4micos da vida (cf. Oeconomicae et pecuniariae questiones)&#8221;.<\/p>\n<h3><strong>Junho Verde<\/strong><\/h3>\n<p style=\"text-align: justify;\"><img decoding=\"async\" loading=\"lazy\" class=\"size-medium wp-image-945696 alignleft\" src=\"https:\/\/www.cnbb.org.br\/wp-content\/uploads\/2023\/06\/Junho-Verde-300x159.png\" alt=\"\" width=\"300\" height=\"159\" srcset=\"https:\/\/www.cnbb.org.br\/wp-content\/uploads\/2023\/06\/Junho-Verde-300x159.png 300w, https:\/\/www.cnbb.org.br\/wp-content\/uploads\/2023\/06\/Junho-Verde-1024x541.png 1024w, https:\/\/www.cnbb.org.br\/wp-content\/uploads\/2023\/06\/Junho-Verde-768x406.png 768w, https:\/\/www.cnbb.org.br\/wp-content\/uploads\/2023\/06\/Junho-Verde-500x264.png 500w, https:\/\/www.cnbb.org.br\/wp-content\/uploads\/2023\/06\/Junho-Verde.png 1203w\" sizes=\"(max-width: 300px) 100vw, 300px\" \/>Para marcar a data e mobilizar \u00e0 sociedade para a import\u00e2ncia da conserva\u00e7\u00e3o dos ecossistemas naturais e de todos os seres vivos foi criado o <strong><a href=\"https:\/\/www.cnbb.org.br\/sancionada-lei-campanha-junho-verde\/\">\u2018Junho Verde\u2019<\/a><\/strong>, uma campanha que institui a celebra\u00e7\u00e3o do m\u00eas tem\u00e1tico como parte das atividades educativas na rela\u00e7\u00e3o com o meio ambiente. Esse projeto foi proposto ao Congresso Nacional pela Confer\u00eancia Nacional dos Bispos do Brasil (CNBB) e virou lei.<\/p>\n<p style=\"text-align: justify;\">Com o n\u00famero\u00a0<a href=\"https:\/\/www.planalto.gov.br\/ccivil_03\/_Ato2019-2022\/2022\/Lei\/L14393.htm#:~:text=LEI%20N%C2%BA%2014.393%2C%20DE%204,instituir%20a%20Campanha%20Junho%20Verde.\" target=\"_blank\" rel=\"noopener\">14.393\/2022, a lei altera a Pol\u00edtica Nacional de Educa\u00e7\u00e3o Ambiental<\/a>\u00a0e segundo o texto sancionado, tem como objetivo\u00a0<em>\u201cdesenvolver o entendimento da popula\u00e7\u00e3o acerca da import\u00e2ncia da conserva\u00e7\u00e3o dos ecossistemas naturais e de todos os seres vivos e do controle da polui\u00e7\u00e3o e da degrada\u00e7\u00e3o dos recursos naturais, para as presentes e futuras gera\u00e7\u00f5es\u201d<\/em>.<\/p>\n<p>&nbsp;<\/p>\n<pre>Foto de capa: Pixabay<\/pre>\n<p>&nbsp;<\/p>\n","protected":false},"excerpt":{"rendered":"<p>Na data em que se celebra o Dia Mundial do Meio Ambiente, 5 de junho, o atual presidente da CNBB afirmou que a gest\u00e3o e prote\u00e7\u00e3o ambiental representam um desafio a todos que se preocupam com as condi\u00e7\u00f5es necess\u00e1rias para deixar o mundo um pouco melhor para as futuras gera\u00e7\u00f5es<\/p>\n","protected":false},"author":141,"featured_media":945715,"comment_status":"open","ping_status":"open","sticky":false,"template":"","format":"standard","meta":{"site-sidebar-layout":"default","site-content-layout":"default","ast-global-header-display":"","ast-banner-title-visibility":"","ast-main-header-display":"","ast-hfb-above-header-display":"","ast-hfb-below-header-display":"","ast-hfb-mobile-header-display":"","site-post-title":"","ast-breadcrumbs-content":"","ast-featured-img":"","footer-sml-layout":"","theme-transparent-header-meta":"default","adv-header-id-meta":"","stick-header-meta":"","header-above-stick-meta":"","header-main-stick-meta":"","header-below-stick-meta":""},"categories":[829,50],"tags":[2138,4527,2285],"acf":[],"_links":{"self":[{"href":"https:\/\/www.cnbb.org.br\/cnbb-app\/wp\/v2\/posts\/945702"}],"collection":[{"href":"https:\/\/www.cnbb.org.br\/cnbb-app\/wp\/v2\/posts"}],"about":[{"href":"https:\/\/www.cnbb.org.br\/cnbb-app\/wp\/v2\/types\/post"}],"author":[{"embeddable":true,"href":"https:\/\/www.cnbb.org.br\/cnbb-app\/wp\/v2\/users\/141"}],"replies":[{"embeddable":true,"href":"https:\/\/www.cnbb.org.br\/cnbb-app\/wp\/v2\/comments?post=945702"}],"version-history":[{"count":19,"href":"https:\/\/www.cnbb.org.br\/cnbb-app\/wp\/v2\/posts\/945702\/revisions"}],"predecessor-version":[{"id":945737,"href":"https:\/\/www.cnbb.org.br\/cnbb-app\/wp\/v2\/posts\/945702\/revisions\/945737"}],"wp:featuredmedia":[{"embeddable":true,"href":"https:\/\/www.cnbb.org.br\/cnbb-app\/wp\/v2\/media\/945715"}],"wp:attachment":[{"href":"https:\/\/www.cnbb.org.br\/cnbb-app\/wp\/v2\/media?parent=945702"}],"wp:term":[{"taxonomy":"category","embeddable":true,"href":"https:\/\/www.cnbb.org.br\/cnbb-app\/wp\/v2\/categories?post=945702"},{"taxonomy":"post_tag","embeddable":true,"href":"https:\/\/www.cnbb.org.br\/cnbb-app\/wp\/v2\/tags?post=945702"}],"curies":[{"name":"wp","href":"https:\/\/api.w.org\/{rel}","templated":true}]}}