{"id":945842,"date":"2023-06-07T09:15:15","date_gmt":"2023-06-07T12:15:15","guid":{"rendered":"https:\/\/www.cnbb.org.br\/?p=945842"},"modified":"2023-06-07T10:38:27","modified_gmt":"2023-06-07T13:38:27","slug":"papa-francisco-e-internado-no-hospital-gemelli-e-passara-por-cirurgia-no-intestino","status":"publish","type":"post","link":"https:\/\/www.cnbb.org.br\/papa-francisco-e-internado-no-hospital-gemelli-e-passara-por-cirurgia-no-intestino\/","title":{"rendered":"Unidos em ora\u00e7\u00e3o pela Sa\u00fade do Papa Francisco que passar\u00e1 por cirurgia, na tarde desta quarta-feira (7)"},"content":{"rendered":"<p style=\"text-align: justify;\">O Papa Francisco, de 86 anos, vai ser operado tarde desta quarta-feira, 7 de junho, no hospital Gemelli, em Roma. O <a href=\"https:\/\/www.vaticannews.va\/pt\/papa\/news\/2023-06\/papa-francisco-hospital-gemelli-operacao-intestinal.html\" target=\"_blank\" rel=\"noopener\">comunicado foi feito pela Sala de Imprensa do vaticano<\/a>. A cirurgia foi planejada pelos m\u00e9dicos que atendem o Papa para a repara\u00e7\u00e3o de uma laparocele, um tipo de h\u00e9rnia que se forma sob uma cicatriz na regi\u00e3o abdominal. Segundo a Santa S\u00e9, Francisco ficar\u00e1 internado por alguns dias para recupera\u00e7\u00e3o completa do p\u00f3s-operat\u00f3rio. <a href=\"https:\/\/www.vaticannews.va\/pt\/papa\/news\/2021-07\/concluida-operacao-papa-francisco-reagiu-bem-cirurgia.html\" target=\"_blank\" rel=\"noopener\">Em 2021, Francisco foi operado para tratar uma estenose diverticular do c\u00f3lon<\/a>.<\/p>\n<p style=\"text-align: justify;\">A Confer\u00eancia Nacional dos Bispos do Brasil (CNBB), unida a todos os que elevam suas preces pelo sucesso da opera\u00e7\u00e3o que o Santo Padre est\u00e1 sendo submetido hoje, invoca a Virgem Maria, Nossa Senhora Aparecida, para que interceda pelo Papa Francisco dando a ele completo reestabelecimento da sa\u00fade. Que ele seja cada vez mais fortalecido na sua miss\u00e3o.<\/p>\n<p><strong>Leia a \u00edntegra do comunicado divulgado pela Sala de Imprensa da Santa S\u00e9:<\/strong><\/p>\n<p style=\"text-align: justify;\">&#8220;No final da Audi\u00eancia Geral, o Santo Padre se dirigiu ao Hospital Universit\u00e1rio A. Gemelli onde, no in\u00edcio da tarde, ser\u00e1 submetido a uma laparotomia e a uma cirurgia pl\u00e1stica da parede abdominal com pr\u00f3tese, sob anestesia geral. A opera\u00e7\u00e3o, planejada nos \u00faltimos dias pela equipe m\u00e9dica que assiste o Santo Padre, tornou-se necess\u00e1ria devido a uma laparocele encarcerada que est\u00e1 causando s\u00edndromes suboclusivas recorrentes, dolorosas e agravadas. A perman\u00eancia no hospital durar\u00e1 v\u00e1rios dias para permitir o curso normal do p\u00f3s-operat\u00f3rio e a recupera\u00e7\u00e3o funcional completa.&#8221;<\/p>\n","protected":false},"excerpt":{"rendered":"<p>A cirurgia estava programada pela equipe m\u00e9dica que atende o Papa. A interna\u00e7\u00e3o durar\u00e1 v\u00e1rios dias para permitir o normal decurso p\u00f3s-operat\u00f3rio e a plena retomada funcional.<\/p>\n","protected":false},"author":83,"featured_media":945858,"comment_status":"open","ping_status":"open","sticky":false,"template":"","format":"standard","meta":{"site-sidebar-layout":"default","site-content-layout":"default","ast-global-header-display":"","ast-banner-title-visibility":"","ast-main-header-display":"","ast-hfb-above-header-display":"","ast-hfb-below-header-display":"","ast-hfb-mobile-header-display":"","site-post-title":"","ast-breadcrumbs-content":"","ast-featured-img":"","footer-sml-layout":"","theme-transparent-header-meta":"default","adv-header-id-meta":"","stick-header-meta":"","header-above-stick-meta":"","header-main-stick-meta":"","header-below-stick-meta":""},"categories":[1840,784],"tags":[],"acf":[],"_links":{"self":[{"href":"https:\/\/www.cnbb.org.br\/cnbb-app\/wp\/v2\/posts\/945842"}],"collection":[{"href":"https:\/\/www.cnbb.org.br\/cnbb-app\/wp\/v2\/posts"}],"about":[{"href":"https:\/\/www.cnbb.org.br\/cnbb-app\/wp\/v2\/types\/post"}],"author":[{"embeddable":true,"href":"https:\/\/www.cnbb.org.br\/cnbb-app\/wp\/v2\/users\/83"}],"replies":[{"embeddable":true,"href":"https:\/\/www.cnbb.org.br\/cnbb-app\/wp\/v2\/comments?post=945842"}],"version-history":[{"count":7,"href":"https:\/\/www.cnbb.org.br\/cnbb-app\/wp\/v2\/posts\/945842\/revisions"}],"predecessor-version":[{"id":945857,"href":"https:\/\/www.cnbb.org.br\/cnbb-app\/wp\/v2\/posts\/945842\/revisions\/945857"}],"wp:featuredmedia":[{"embeddable":true,"href":"https:\/\/www.cnbb.org.br\/cnbb-app\/wp\/v2\/media\/945858"}],"wp:attachment":[{"href":"https:\/\/www.cnbb.org.br\/cnbb-app\/wp\/v2\/media?parent=945842"}],"wp:term":[{"taxonomy":"category","embeddable":true,"href":"https:\/\/www.cnbb.org.br\/cnbb-app\/wp\/v2\/categories?post=945842"},{"taxonomy":"post_tag","embeddable":true,"href":"https:\/\/www.cnbb.org.br\/cnbb-app\/wp\/v2\/tags?post=945842"}],"curies":[{"name":"wp","href":"https:\/\/api.w.org\/{rel}","templated":true}]}}