{"id":945887,"date":"2023-06-09T09:00:51","date_gmt":"2023-06-09T12:00:51","guid":{"rendered":"https:\/\/www.cnbb.org.br\/?p=945887"},"modified":"2023-06-09T11:28:49","modified_gmt":"2023-06-09T14:28:49","slug":"acoes-em-sintonia-com-a-campanha-junho-verde","status":"publish","type":"post","link":"https:\/\/www.cnbb.org.br\/acoes-em-sintonia-com-a-campanha-junho-verde\/","title":{"rendered":"Confira as a\u00e7\u00f5es que podem ser realizadas em sintonia com a Campanha Junho Verde, uma iniciativa da CNBB"},"content":{"rendered":"<p style=\"text-align: justify;\">Uma carta assinada pelo bispo de Roraima (RR) e presidente da Rede Eclesial Pan Amaz\u00f4nica (Repam-Brasil), dom Evarismo Spengler, foi encaminhada a todos os regionais da CNBB e salienta a\u00e7\u00f5es que podem ajudar no engajamento da Campanha Junho Verde em todo o pa\u00eds, com o apoio das Comiss\u00f5es da CNBB, a Repam Brasil e o Movimento Laudato Si\u2019.<\/p>\n<p style=\"text-align: justify;\">A Campanha Junho Verde, estabelecida pela Lei 14.393\/2022, enfatiza o compromisso pela conserva\u00e7\u00e3o dos ecossistemas naturais e de todos os seres vivos, bem como o controle da polui\u00e7\u00e3o e da degrada\u00e7\u00e3o dos bens naturais, que s\u00e3o dons de Deus e obras da Cria\u00e7\u00e3o.<\/p>\n<blockquote>\n<p style=\"text-align: justify;\">&#8220;A Lei, de iniciativa da Confer\u00eancia Nacional dos Bispos do Brasil (CNBB), visa estimular iniciativas do poder p\u00fablico em parceria com escolas, universidades, empresas p\u00fablicas e privadas, igrejas, com\u00e9rcio, entidades da sociedade civil, comunidades tradicionais e popula\u00e7\u00f5es ind\u00edgenas etc&#8221;.<\/p>\n<\/blockquote>\n<h3 style=\"text-align: justify;\"><strong>Educa\u00e7\u00e3o para o Cuidado da Vida<\/strong><\/h3>\n<p style=\"text-align: justify;\">A carta salienta que um grupo de trabalho da <a href=\"https:\/\/www.cnbb.org.br\/campanha-nacional-laudato-si-e-lancada-durante-reuniao-do-conselho-permanente-da-cnbb-em-brasilia-df\/\">Campanha Laudato Si\u2019<\/a> est\u00e1 articulando iniciativas junto \u00e0 Comiss\u00e3o Episcopal para a Cultura e a Educa\u00e7\u00e3o da CNBB, a Associa\u00e7\u00e3o Nacional de Educa\u00e7\u00e3o Cat\u00f3lica do Brasil (ANEC) e representa\u00e7\u00f5es juvenis da Igreja, envolvendo as escolas cat\u00f3licas e tentando alcan\u00e7ar tamb\u00e9m a rede p\u00fablica com materiais de estudo. Uma primeira proposta, ainda a ser realizada, \u00e9 uma roda de conversa para juventudes sobre Fome e cuidado com a Casa Comum, em sintonia com a Campanha da Fraternidade 2023. Para as par\u00f3quias, est\u00e1 sendo preparando e diagramado tamb\u00e9m dois roteiros online para catequese, sobre o Cuidado da Casa Comum, que estar\u00e3o \u00e0 disposi\u00e7\u00e3o em breve.<\/p>\n<h3 style=\"text-align: justify;\"><strong>Incid\u00eancia pol\u00edtica em defesa da Casa Comum<\/strong><\/h3>\n<p style=\"text-align: justify;\">A Carta salienta que Igreja Cat\u00f3lica est\u00e1 atenta e empenhada no acompanhamento do julgamento do Marco Temporal para o direito dos povos ind\u00edgenas a seus territ\u00f3rios e a incid\u00eancia para a ratifica\u00e7\u00e3o no Brasil do Acordo de Escaz\u00fa, o mais importante acordo socioambiental em Am\u00e9rica Latina e Caribe, que precisa ser assumido formalmente tamb\u00e9m no pa\u00eds.<\/p>\n<p style=\"text-align: justify;\">Neste contexto sugere, por exemplo, que as igrejas locais, em di\u00e1logo com os movimentos populares e o poder legislativo e judici\u00e1rio, promovam audi\u00eancias p\u00fablicas ou debates, durante o m\u00eas de junho, para avaliar as urg\u00eancias e necessidades nos territ\u00f3rios frente aos principais desafios socioambientais.<\/p>\n<h3><strong>Iniciativas de visibilidade e divulga\u00e7\u00e3o<\/strong><\/h3>\n<p style=\"text-align: justify;\">Como iniciativas de visibilidade e divulga\u00e7\u00e3o do Junho Verde, a carta sugere que pode-se pensar em iluminar de verde, \u00e0 noite, as igrejas ou outros lugares crist\u00e3os emblem\u00e1ticos. &#8220;Podem ser expostos cartazes da Campanha Laudato Si\u2019 nas igrejas, ou produzidos materiais que evidenciem o apoio ao Junho Verde, com a logomarca da Campanha Laudato Si\u2019&#8221;.<\/p>\n<blockquote>\n<p style=\"text-align: justify;\">Podem ser organizadas entrevistas e transmiss\u00f5es nas TVs e r\u00e1dios cat\u00f3licas, ou outras iniciativas sugeridas pela criatividade das PASCOM locais. Estas e outras a\u00e7\u00f5es podem estar conectadas \u00e0 exibi\u00e7\u00e3o do document\u00e1rio \u201cA Carta: uma mensagem para a nossa Terra\u201d, que foi produzido pelo Movimento Laudato Si\u2019 e representa uma ferramenta importante para inserir o di\u00e1logo sobre cuidado da casa comum nas comunidades (o document\u00e1rio est\u00e1 dispon\u00edvel gratuitamente no YouTube).<\/p>\n<\/blockquote>\n<p>&nbsp;<\/p>\n","protected":false},"excerpt":{"rendered":"<p>Uma carta assinada pelo bispo de Roraima e presidente da Rede Eclesial Pan Amaz\u00f4nica (Repam-Brasil), dom Evarismo Spengler, foi encaminhada a todos os regionais da CNBB e salienta a\u00e7\u00f5es que podem ajudar no engajamento da Campanha Junho Verde em todo o pa\u00eds, com o apoio das assessorias das Comiss\u00f5es da CNBB, a Repam Brasil e o Movimento Laudato Si<\/p>\n","protected":false},"author":141,"featured_media":945696,"comment_status":"open","ping_status":"open","sticky":false,"template":"","format":"standard","meta":{"site-sidebar-layout":"default","site-content-layout":"default","ast-global-header-display":"","ast-banner-title-visibility":"","ast-main-header-display":"","ast-hfb-above-header-display":"","ast-hfb-below-header-display":"","ast-hfb-mobile-header-display":"","site-post-title":"","ast-breadcrumbs-content":"","ast-featured-img":"","footer-sml-layout":"","theme-transparent-header-meta":"default","adv-header-id-meta":"","stick-header-meta":"","header-above-stick-meta":"","header-main-stick-meta":"","header-below-stick-meta":""},"categories":[1840,1851],"tags":[2035,4527],"acf":[],"_links":{"self":[{"href":"https:\/\/www.cnbb.org.br\/cnbb-app\/wp\/v2\/posts\/945887"}],"collection":[{"href":"https:\/\/www.cnbb.org.br\/cnbb-app\/wp\/v2\/posts"}],"about":[{"href":"https:\/\/www.cnbb.org.br\/cnbb-app\/wp\/v2\/types\/post"}],"author":[{"embeddable":true,"href":"https:\/\/www.cnbb.org.br\/cnbb-app\/wp\/v2\/users\/141"}],"replies":[{"embeddable":true,"href":"https:\/\/www.cnbb.org.br\/cnbb-app\/wp\/v2\/comments?post=945887"}],"version-history":[{"count":19,"href":"https:\/\/www.cnbb.org.br\/cnbb-app\/wp\/v2\/posts\/945887\/revisions"}],"predecessor-version":[{"id":946011,"href":"https:\/\/www.cnbb.org.br\/cnbb-app\/wp\/v2\/posts\/945887\/revisions\/946011"}],"wp:featuredmedia":[{"embeddable":true,"href":"https:\/\/www.cnbb.org.br\/cnbb-app\/wp\/v2\/media\/945696"}],"wp:attachment":[{"href":"https:\/\/www.cnbb.org.br\/cnbb-app\/wp\/v2\/media?parent=945887"}],"wp:term":[{"taxonomy":"category","embeddable":true,"href":"https:\/\/www.cnbb.org.br\/cnbb-app\/wp\/v2\/categories?post=945887"},{"taxonomy":"post_tag","embeddable":true,"href":"https:\/\/www.cnbb.org.br\/cnbb-app\/wp\/v2\/tags?post=945887"}],"curies":[{"name":"wp","href":"https:\/\/api.w.org\/{rel}","templated":true}]}}