{"id":946165,"date":"2023-06-14T07:02:14","date_gmt":"2023-06-14T10:02:14","guid":{"rendered":"https:\/\/www.cnbb.org.br\/?p=946165"},"modified":"2023-06-13T23:59:17","modified_gmt":"2023-06-14T02:59:17","slug":"renuncia-dom-saburido-nomeacao-olinda-e-recife","status":"publish","type":"post","link":"https:\/\/www.cnbb.org.br\/renuncia-dom-saburido-nomeacao-olinda-e-recife\/","title":{"rendered":"Papa aceita ren\u00fancia de dom Saburido e nomeia dom Paulo Jackson para Olinda e Recife"},"content":{"rendered":"<p style=\"text-align: justify;\"><span data-contrast=\"auto\">O Papa Francisco acolheu, nesta quarta-feira, 14 de junho, o pedido de ren\u00fancia apresentado por dom Ant\u00f4nio Fernando Saburido ao governo pastoral da arquidiocese de Olinda e Recife (PE). E nomeou como novo arcebispo dom Paulo Jackson N\u00f3brega de Sousa, atualmente bispo de Garanhuns (PE) e segundo-vice-presidente da Confer\u00eancia Nacional dos Bispos do Brasil (CNBB).<\/span><span data-ccp-props=\"{&quot;201341983&quot;:0,&quot;335559739&quot;:160,&quot;335559740&quot;:259}\">\u00a0<\/span><\/p>\n<h3 style=\"text-align: justify;\"><b><span data-contrast=\"auto\">Arcebispo em\u00e9rito<\/span><\/b><span data-ccp-props=\"{&quot;201341983&quot;:0,&quot;335559739&quot;:160,&quot;335559740&quot;:259}\">\u00a0<\/span><\/h3>\n<p style=\"text-align: justify;\"><span data-contrast=\"auto\">Tendo completado 75 anos em junho do ano passado, dom Fernando Saburido apresentou seu pedido de ren\u00fancia, conforme orienta o C\u00f3digo de Direito Can\u00f4nico. Agora, pouco mais de um ano depois, com a acolhida ao pedido, o prelado torna-se arcebispo em\u00e9rito. <\/span><span data-ccp-props=\"{&quot;201341983&quot;:0,&quot;335559739&quot;:160,&quot;335559740&quot;:259}\">\u00a0<\/span><\/p>\n<p style=\"text-align: justify;\"><span data-contrast=\"auto\">Dom Saburido nasceu no Distrito de Jussaral, na cidade pernambucana do Cabo de Santo Agostinho, a 32 km do Recife, em 10 de junho de 1947, filho de Pedro Ant\u00f4nio Saburido e Severina Lira Saburido.<\/span><span data-ccp-props=\"{&quot;201341983&quot;:0,&quot;335559739&quot;:160,&quot;335559740&quot;:259}\">\u00a0<\/span><\/p>\n<p style=\"text-align: justify;\"><span data-contrast=\"auto\">Em 1975, ingressou no Mosteiro de S\u00e3o Bento de Olinda, onde recebeu a forma\u00e7\u00e3o mon\u00e1stica e cursou Filosofia e Teologia na Escola Teol\u00f3gica do mesmo mosteiro. Em 21 de mar\u00e7o de 1978, professou votos religiosos como membro da Ordem de S\u00e3o Bento (beneditinos), sendo ordenado sacerdote em 17 de dezembro de 1983.<\/span><span data-ccp-props=\"{&quot;201341983&quot;:0,&quot;335559739&quot;:160,&quot;335559740&quot;:259}\">\u00a0<\/span><\/p>\n<p style=\"text-align: justify;\"><span data-contrast=\"auto\">No Mosteiro de S\u00e3o Bento, entre outras atividades, foi celeireiro (ec\u00f4nomo) no per\u00edodo de 1980 a 1988 e professor do Col\u00e9gio S\u00e3o Bento.<\/span><span data-ccp-props=\"{&quot;201341983&quot;:0,&quot;335559739&quot;:160,&quot;335559740&quot;:259}\">\u00a0<\/span><\/p>\n<p style=\"text-align: justify;\"><span data-contrast=\"auto\">Na Arquidiocese de Olinda e Recife, exerceu as fun\u00e7\u00f5es de administrador e p\u00e1roco das par\u00f3quias de Nossa Senhora de Guadalupe e S\u00e3o Lucas (Ouro Preto), em Olinda; vig\u00e1rio-geral e coordenador arquidiocesano de Pastoral. Fez parte do Conselho Presbiteral, Col\u00e9gio dos Consultores e Conselho Econ\u00f4mico da Arquidiocese.<\/span><span data-ccp-props=\"{&quot;201341983&quot;:0,&quot;335559739&quot;:160,&quot;335559740&quot;:259}\">\u00a0<\/span><\/p>\n<p style=\"text-align: justify;\"><span data-contrast=\"auto\">Em 31 de maio de 2000, foi nomeado pelo Papa Jo\u00e3o Paulo II bispo titular de Tartia Montana e auxiliar da arquidiocese de Olinda e Recife, sendo ordenado no dia 20 de agosto de 2000. Em julho de 2002, dom Fernando Saburido tornou-se presidente do Regional Nordeste 2 da CNBB e membro do Conselho Permanente da Confer\u00eancia.\u00a0<\/span><span data-ccp-props=\"{&quot;201341983&quot;:0,&quot;335559739&quot;:160,&quot;335559740&quot;:259}\">\u00a0<\/span><\/p>\n<p style=\"text-align: justify;\"><span data-contrast=\"auto\">Em 18 de maio de 2005, dom Ant\u00f4nio Fernando Saburido foi nomeado pelo Papa Bento XVI como o novo bispo da diocese de Sobral (CE). No Regional Nordeste 1 da CNBB, foi secret\u00e1rio regional e bispo referencial da Pastoral Familiar.\u00a0<\/span><span data-ccp-props=\"{&quot;201341983&quot;:0,&quot;335559739&quot;:160,&quot;335559740&quot;:259}\">\u00a0<\/span><\/p>\n<p style=\"text-align: justify;\"><span data-contrast=\"auto\"><img decoding=\"async\" loading=\"lazy\" class=\"aligncenter size-full wp-image-946164\" src=\"https:\/\/www.cnbb.org.br\/wp-content\/uploads\/2023\/06\/Destaque-Portal-2.png\" alt=\"\" width=\"1204\" height=\"636\" srcset=\"https:\/\/www.cnbb.org.br\/wp-content\/uploads\/2023\/06\/Destaque-Portal-2.png 1204w, https:\/\/www.cnbb.org.br\/wp-content\/uploads\/2023\/06\/Destaque-Portal-2-300x158.png 300w, https:\/\/www.cnbb.org.br\/wp-content\/uploads\/2023\/06\/Destaque-Portal-2-1024x541.png 1024w, https:\/\/www.cnbb.org.br\/wp-content\/uploads\/2023\/06\/Destaque-Portal-2-768x406.png 768w, https:\/\/www.cnbb.org.br\/wp-content\/uploads\/2023\/06\/Destaque-Portal-2-500x264.png 500w\" sizes=\"(max-width: 1204px) 100vw, 1204px\" \/><\/span><\/p>\n<p style=\"text-align: justify;\"><span data-contrast=\"auto\">A nomea\u00e7\u00e3o como arcebispo de Olinda e Recife foi em 1\u00ba de julho de 2009, com a posse no dia 16 de agosto daquele ano. Como arcebispo, foi membro do Conselho Permanente da CNBB, membro do Conselho Episcopal de Pastoral e econ\u00f4mico do Regional NE 2 e bispo referencial da Pastoral da Sa\u00fade. Tamb\u00e9m integrou a Comiss\u00e3o para o Movimento de Educa\u00e7\u00e3o de Base (MEB). Foi presidente do Regional Nordeste 2 da CNBB de 2014 a 2015, concluindo o mandato de dom Genival Saraiva de Fran\u00e7a, que havia se tornado em\u00e9rito, e reeleito para o quadri\u00eanio 2015-2019, sendo a terceira vez que ocupou o cargo. Terminada a gest\u00e3o, o arcebispo foi eleito em 2020 bispo referencial para o Ecumenismo e Di\u00e1logo Inter-religioso no regional.<\/span><span data-ccp-props=\"{&quot;201341983&quot;:0,&quot;335559739&quot;:160,&quot;335559740&quot;:259}\">\u00a0<\/span><\/p>\n<p style=\"text-align: justify;\"><span data-contrast=\"auto\">Dom Saburido foi o anfitri\u00e3o do XVIII Congresso Eucar\u00edstico Nacional, realizado em 2022. A prepara\u00e7\u00e3o durou cerca de cinco anos, ap\u00f3s a escolha da sede em 2017.\u00a0<\/span><span data-ccp-props=\"{&quot;201341983&quot;:0,&quot;335559739&quot;:160,&quot;335559740&quot;:259}\">\u00a0<\/span><\/p>\n<p style=\"text-align: justify;\"><span data-contrast=\"auto\">\u00a0<\/span><span data-ccp-props=\"{&quot;201341983&quot;:0,&quot;335559739&quot;:160,&quot;335559740&quot;:259}\">\u00a0<\/span><\/p>\n<h3 style=\"text-align: justify;\"><b><span data-contrast=\"auto\">Novo arcebispo<\/span><\/b><\/h3>\n<p style=\"text-align: justify;\"><span data-contrast=\"auto\">Dom Paulo Jackson N\u00f3brega de Sousa nasceu em S\u00e3o Jos\u00e9 de Espinharas, na Para\u00edba, no dia 17 de abril de 1969. Estudou Filosofia no Instituto de Teologia do Recife (1987-1989) e Teologia no Semin\u00e1rio Imaculada Concei\u00e7\u00e3o, em Jo\u00e3o Pessoa (1990-1992). Foi ordenado presb\u00edtero no dia 17 de dezembro de 1993. \u00c9 mestre em Exegese B\u00edblica pelo Instituto B\u00edblico de Roma (1997-2000) e doutor em Teologia B\u00edblica pela Pontif\u00edcia Universidade Gregoriana de Roma (2007-2010).\u00a0\u00a0<\/span><span data-ccp-props=\"{&quot;201341983&quot;:0,&quot;335559739&quot;:160,&quot;335559740&quot;:259}\">\u00a0<\/span><\/p>\n<p style=\"text-align: justify;\"><span data-contrast=\"auto\">Foi secret\u00e1rio nacional da Organiza\u00e7\u00e3o dos Semin\u00e1rios e Institutos Filos\u00f3fico-Teol\u00f3gicos do Brasil (2004-2007); vig\u00e1rio paroquial da Par\u00f3quia S\u00e3o Geraldo, Belo Horizonte (2011-2012), e administrador paroquial da Par\u00f3quia Senhor Bom Jesus do Horto, Belo Horizonte (2012-2015). Foi professor da Pontif\u00edcia Universidade Cat\u00f3lica de Minas Gerais e da Faculdade Jesu\u00edta de Filosofia e Teologia em Belo Horizonte (2012-2015). Foi tamb\u00e9m formador dos seminaristas estudantes de Teologia da diocese de Patos, em Belo Horizonte.\u00a0<\/span><span data-ccp-props=\"{&quot;201341983&quot;:0,&quot;335559739&quot;:160,&quot;335559740&quot;:259}\">\u00a0<\/span><\/p>\n<p style=\"text-align: justify;\"><span data-contrast=\"auto\"><img decoding=\"async\" loading=\"lazy\" class=\"alignright  wp-image-946163\" src=\"https:\/\/www.cnbb.org.br\/wp-content\/uploads\/2023\/06\/Feed-Instagram-1-204x300.png\" alt=\"\" width=\"231\" height=\"340\" srcset=\"https:\/\/www.cnbb.org.br\/wp-content\/uploads\/2023\/06\/Feed-Instagram-1-204x300.png 204w, https:\/\/www.cnbb.org.br\/wp-content\/uploads\/2023\/06\/Feed-Instagram-1-696x1024.png 696w, https:\/\/www.cnbb.org.br\/wp-content\/uploads\/2023\/06\/Feed-Instagram-1-768x1130.png 768w, https:\/\/www.cnbb.org.br\/wp-content\/uploads\/2023\/06\/Feed-Instagram-1-1044x1536.png 1044w, https:\/\/www.cnbb.org.br\/wp-content\/uploads\/2023\/06\/Feed-Instagram-1-500x735.png 500w, https:\/\/www.cnbb.org.br\/wp-content\/uploads\/2023\/06\/Feed-Instagram-1.png 1081w\" sizes=\"(max-width: 231px) 100vw, 231px\" \/>No dia 20 de maio de 2015 foi nomeado pelo Papa Francisco como bispo da diocese de Garanhuns, no Pernambuco. Sua ordena\u00e7\u00e3o episcopal ocorreu no dia 18 de julho de 2015, no Largo Dom Gerardo Andrade Ponte, ao lado da Catedral de Nossa Senhora da Guia, diocese de Patos (PB). A ordena\u00e7\u00e3o foi presidida pelo arcebispo de Belo Horizonte, dom Walmor Oliveira de Azevedo, e teve como bispos co-ordenantes dom Eraldo Bispo da Silva, bispo de Patos (PB), e dom Manoel dos Reis de Farias, bispo de Petrolina (PE). <\/span><span data-ccp-props=\"{&quot;201341983&quot;:0,&quot;335559739&quot;:160,&quot;335559740&quot;:259}\">\u00a0<\/span><\/p>\n<p style=\"text-align: justify;\"><span data-contrast=\"auto\">Sua posse can\u00f4nica aconteceu no dia 23 de agosto de 2015, na Catedral de Santo Ant\u00f4nio, em Garanhuns. Seu lema episcopal \u00e9 <\/span><i><span data-contrast=\"auto\">In Verbo tuo<\/span><\/i><span data-contrast=\"auto\"> (Na tua Palavra). \u00c9 inspirado em Lucas 5,5, a partir do di\u00e1logo de Jesus com Pedro depois do epis\u00f3dio da pesca milagrosa.\u00a0<\/span><span data-ccp-props=\"{&quot;201341983&quot;:0,&quot;335559739&quot;:160,&quot;335559740&quot;:259}\">\u00a0<\/span><\/p>\n<p style=\"text-align: justify;\"><span data-contrast=\"auto\">No mesmo ano de sua nomea\u00e7\u00e3o, foi escolhido membro da Comiss\u00e3o para a Anima\u00e7\u00e3o B\u00edblico-Catequ\u00e9tica da CNBB para o quadri\u00eanio entre 2015 e 2019. E em 2019, foi eleito presidente do Regional Nordeste 2 da CNBB, que compreende os estados de Alagoas, Para\u00edba, Pernambuco e Rio Grande do Norte, para o quadri\u00eanio de 2019 a 2023. No Regional, tamb\u00e9m desempenhou a fun\u00e7\u00e3o de referencial para a Doutrina da F\u00e9.\u00a0<\/span><span data-ccp-props=\"{&quot;201341983&quot;:0,&quot;335559739&quot;:160,&quot;335559740&quot;:259}\">\u00a0<\/span><\/p>\n<p style=\"text-align: justify;\"><span data-contrast=\"auto\">Durante a 60\u00aa Assembleia Geral da CNBB, em abril deste ano, foi eleito segundo vice-presidente da CNBB para o quadri\u00eanio 2023-2027.<\/span><span data-ccp-props=\"{&quot;201341983&quot;:0,&quot;335559739&quot;:160,&quot;335559740&quot;:259}\">\u00a0<\/span><\/p>\n<p style=\"text-align: justify;\"><span data-contrast=\"auto\">\u00a0<\/span><span data-ccp-props=\"{&quot;201341983&quot;:0,&quot;335559739&quot;:160,&quot;335559740&quot;:259}\">\u00a0<\/span><\/p>\n<p style=\"text-align: justify;\"><span data-contrast=\"auto\">\u00a0<\/span><span data-ccp-props=\"{&quot;201341983&quot;:0,&quot;335559739&quot;:160,&quot;335559740&quot;:259}\">\u00a0<\/span><\/p>\n<blockquote>\n<h4 style=\"text-align: justify;\" aria-level=\"1\"><span data-contrast=\"none\">Agradecimento a Dom Ant\u00f4nio Fernando Saburido<\/span><span data-ccp-props=\"{&quot;134245418&quot;:true,&quot;134245529&quot;:true,&quot;201341983&quot;:0,&quot;335559738&quot;:240,&quot;335559739&quot;:0,&quot;335559740&quot;:259}\">\u00a0<\/span><\/h4>\n<p style=\"text-align: justify;\"><span data-contrast=\"auto\">\u00a0<\/span><span data-ccp-props=\"{&quot;201341983&quot;:0,&quot;335559739&quot;:160,&quot;335559740&quot;:259}\">\u00a0<\/span><\/p>\n<p style=\"text-align: justify;\"><span data-contrast=\"auto\">Estimado irm\u00e3o, Dom Ant\u00f4nio Fernando Saburido, OSB<\/span><span data-ccp-props=\"{&quot;201341983&quot;:0,&quot;335559739&quot;:160,&quot;335559740&quot;:259}\">\u00a0<\/span><\/p>\n<p style=\"text-align: justify;\"><span data-contrast=\"auto\">Rendemos gra\u00e7as a Deus pela sua voca\u00e7\u00e3o e pelo seu minist\u00e9rio episcopal, o qual agora entra numa nova fase, na emeritude. E agradecemos por t\u00ea-lo feito t\u00e3o fecundo nas Igrejas Particulares em que serviu, guiando as ovelhas segundo a Palavra de Deus.\u00a0<\/span><span data-ccp-props=\"{&quot;201341983&quot;:0,&quot;335559739&quot;:160,&quot;335559740&quot;:259}\">\u00a0<\/span><\/p>\n<p style=\"text-align: justify;\"><span data-contrast=\"auto\">De forma especial, destacamos os quase 14 anos \u00e0 frente da importante Igreja Particular de Olinda e Recife. Seu pastoreio na Terra dos Altos Coqueiros p\u00f4de ser coroado com a realiza\u00e7\u00e3o da grande festa em honra a Jesus na Eucaristia, que ensina \u00e0 Igreja a reconhecer tamb\u00e9m o Cristo presente na vida dos irm\u00e3os e irm\u00e3s, especialmente os mais necessitados, de modo que haja &#8220;P\u00e3o em todas as mesas&#8221;.<\/span><span data-ccp-props=\"{&quot;201341983&quot;:0,&quot;335559739&quot;:160,&quot;335559740&quot;:259}\">\u00a0<\/span><\/p>\n<p style=\"text-align: justify;\"><span data-contrast=\"auto\">Nossa Senhora Aparecida, Rainha e Padroeira do Brasil, o acompanhe e proteja.\u00a0<\/span><span data-ccp-props=\"{&quot;201341983&quot;:0,&quot;335559739&quot;:160,&quot;335559740&quot;:259}\">\u00a0<\/span><\/p>\n<p style=\"text-align: justify;\"><span data-contrast=\"auto\">Em Cristo,<\/span><span data-ccp-props=\"{&quot;201341983&quot;:0,&quot;335559739&quot;:160,&quot;335559740&quot;:259}\">\u00a0<\/span><\/p>\n<p style=\"text-align: justify;\"><span data-contrast=\"auto\">\u00a0<\/span><span data-ccp-props=\"{&quot;201341983&quot;:0,&quot;335559739&quot;:160,&quot;335559740&quot;:259}\">\u00a0<\/span><\/p>\n<p style=\"text-align: justify;\"><strong>Dom Jaime Spengler\u00a0<\/strong><br \/>\n<span data-contrast=\"auto\">Arcebispo de Porto Alegre (RS)<\/span><br \/>\n<span data-contrast=\"auto\">Presidente da CNBB<\/span><span data-ccp-props=\"{&quot;201341983&quot;:0,&quot;335559739&quot;:160,&quot;335559740&quot;:259}\">\u00a0<\/span><\/p>\n<p style=\"text-align: justify;\"><strong>Dom Jo\u00e3o Justino de Medeiros Silva\u00a0<\/strong><br \/>\n<span data-contrast=\"auto\">Arcebispo de Goi\u00e2nia (GO)<\/span><br \/>\n<span data-contrast=\"auto\">Primeiro Vice-presidente da CNBB<\/span><span data-ccp-props=\"{&quot;201341983&quot;:0,&quot;335559739&quot;:160,&quot;335559740&quot;:259}\">\u00a0<\/span><\/p>\n<p style=\"text-align: justify;\"><strong>Dom Paulo Jackson N\u00f3brega de Sousa\u00a0<\/strong><br \/>\n<span data-contrast=\"auto\">Arcebispo eleito de Olinda e Recife (PE)<\/span><br \/>\n<span data-contrast=\"auto\">Segundo Vice-presidente da CNBB<\/span><span data-ccp-props=\"{&quot;201341983&quot;:0,&quot;335559739&quot;:160,&quot;335559740&quot;:259}\">\u00a0<\/span><\/p>\n<p style=\"text-align: justify;\"><strong>Dom Ricardo Hoepers\u00a0<\/strong><br \/>\n<span data-contrast=\"auto\">Bispo Auxiliar de Bras\u00edlia (DF)<\/span><br \/>\n<span data-contrast=\"auto\">Secret\u00e1rio-geral da CNBB<\/span><span data-ccp-props=\"{&quot;201341983&quot;:0,&quot;335559739&quot;:160,&quot;335559740&quot;:259}\">\u00a0<\/span><\/p>\n<\/blockquote>\n<p style=\"text-align: justify;\"><span data-contrast=\"auto\">\u00a0<\/span><span data-ccp-props=\"{&quot;201341983&quot;:0,&quot;335559739&quot;:160,&quot;335559740&quot;:259}\">\u00a0<\/span><\/p>\n<p style=\"text-align: justify;\"><span data-contrast=\"auto\">\u00a0<\/span><span data-ccp-props=\"{&quot;201341983&quot;:0,&quot;335559739&quot;:160,&quot;335559740&quot;:259}\">\u00a0<\/span><\/p>\n<blockquote>\n<h4 style=\"text-align: justify;\" aria-level=\"1\"><span data-contrast=\"none\">Sauda\u00e7\u00e3o a Dom Paulo Jackson N\u00f3brega de Sousa<\/span><span data-ccp-props=\"{&quot;134245418&quot;:true,&quot;134245529&quot;:true,&quot;201341983&quot;:0,&quot;335559738&quot;:240,&quot;335559739&quot;:0,&quot;335559740&quot;:259}\">\u00a0<\/span><\/h4>\n<p style=\"text-align: justify;\"><span data-contrast=\"auto\">\u00a0<\/span><span data-ccp-props=\"{&quot;201341983&quot;:0,&quot;335559739&quot;:160,&quot;335559740&quot;:259}\">\u00a0<\/span><\/p>\n<p style=\"text-align: justify;\"><span data-contrast=\"auto\">Estimado irm\u00e3o, Dom Paulo Jackson N\u00f3brega de Sousa,\u00a0<\/span><span data-ccp-props=\"{&quot;201341983&quot;:0,&quot;335559739&quot;:160,&quot;335559740&quot;:259}\">\u00a0<\/span><\/p>\n<p style=\"text-align: justify;\"><span data-contrast=\"auto\">Recebemos com alegria a not\u00edcia de sua nomea\u00e7\u00e3o como novo arcebispo da Arquidiocese de Olinda e Recife, no Pernambuco. Que o \u00e2nimo por anunciar a Palavra de Deus e formar disc\u00edpulos e disc\u00edpulas de Jesus Cristo possa continuar a ser combust\u00edvel nessa nova jornada.\u00a0<\/span><span data-ccp-props=\"{&quot;201341983&quot;:0,&quot;335559739&quot;:160,&quot;335559740&quot;:259}\">\u00a0<\/span><\/p>\n<p style=\"text-align: justify;\"><span data-contrast=\"auto\">Do Papa Francisco, recordamos uma indica\u00e7\u00e3o sobre proximidade do Senhor por meio de sua Palavra: \u201cAntes de qualquer palavra nossa sobre Deus, est\u00e1 a sua Palavra para n\u00f3s, que continua a dizer-nos: \u2018N\u00e3o tenhas medo, estou contigo. Estou perto de ti e continuarei a estar\u2019. [&#8230;] \u201cA Palavra de Deus permite-nos tocar com a m\u00e3o esta proximidade, j\u00e1 que ela n\u00e3o est\u00e1 longe de n\u00f3s, antes est\u00e1 muito perto do nosso cora\u00e7\u00e3o. \u00c9 o ant\u00eddoto contra o medo de enfrentar a vida sozinho\u201d.<\/span><span data-ccp-props=\"{&quot;201341983&quot;:0,&quot;335559739&quot;:160,&quot;335559740&quot;:259}\">\u00a0<\/span><\/p>\n<p style=\"text-align: justify;\"><span data-contrast=\"auto\">Nossa Senhora Aparecida, Rainha e padroeira do Brasil, seja companheira e intercessora em sua miss\u00e3o.<\/span><span data-ccp-props=\"{&quot;201341983&quot;:0,&quot;335559739&quot;:160,&quot;335559740&quot;:259}\">\u00a0<\/span><\/p>\n<p style=\"text-align: justify;\"><span data-contrast=\"auto\">Em Cristo,<\/span><span data-ccp-props=\"{&quot;201341983&quot;:0,&quot;335559739&quot;:160,&quot;335559740&quot;:259}\">\u00a0<\/span><\/p>\n<p style=\"text-align: justify;\"><span data-contrast=\"auto\">\u00a0<\/span><span data-ccp-props=\"{&quot;201341983&quot;:0,&quot;335559739&quot;:160,&quot;335559740&quot;:259}\">\u00a0<\/span><\/p>\n<p style=\"text-align: justify;\"><strong>Dom Jaime Spengler\u00a0<\/strong><br \/>\n<span data-contrast=\"auto\">Arcebispo de Porto Alegre (RS)<\/span><br \/>\n<span data-contrast=\"auto\">Presidente da CNBB<\/span><span data-ccp-props=\"{&quot;201341983&quot;:0,&quot;335559739&quot;:160,&quot;335559740&quot;:259}\">\u00a0<\/span><\/p>\n<p style=\"text-align: justify;\"><strong>Dom Jo\u00e3o Justino de Medeiros Silva\u00a0<\/strong><br \/>\n<span data-contrast=\"auto\">Arcebispo de Goi\u00e2nia (GO)<\/span><br \/>\n<span data-contrast=\"auto\">Primeiro Vice-presidente da CNBB<\/span><span data-ccp-props=\"{&quot;201341983&quot;:0,&quot;335559739&quot;:160,&quot;335559740&quot;:259}\">\u00a0<\/span><\/p>\n<p style=\"text-align: justify;\"><strong>Dom Ricardo Hoepers\u00a0<\/strong><br \/>\n<span data-contrast=\"auto\">Bispo Auxiliar de Bras\u00edlia (DF)<\/span><br \/>\n<span data-contrast=\"auto\">Secret\u00e1rio-geral da CNBB<\/span><span data-ccp-props=\"{&quot;201341983&quot;:0,&quot;335559739&quot;:160,&quot;335559740&quot;:259}\">\u00a0<\/span><\/p>\n<\/blockquote>\n","protected":false},"excerpt":{"rendered":"<p>O Papa Francisco acolheu, nesta quarta-feira, 14 de junho, o pedido de ren\u00fancia apresentado por dom Ant\u00f4nio Fernando Saburido ao governo pastoral da arquidiocese de Olinda e Recife (PE). E nomeou como novo arcebispo dom Paulo Jackson N\u00f3brega de Sousa, atualmente bispo de Garanhuns (PE) e segundo-vice-presidente da Confer\u00eancia Nacional dos Bispos do Brasil (CNBB).\u00a0 &hellip;<\/p>\n<p class=\"read-more\"> <a class=\"\" href=\"https:\/\/www.cnbb.org.br\/renuncia-dom-saburido-nomeacao-olinda-e-recife\/\"> <span class=\"screen-reader-text\">Papa aceita ren\u00fancia de dom Saburido e nomeia dom Paulo Jackson para Olinda e Recife<\/span> Leia mais &raquo;<\/a><\/p>\n","protected":false},"author":38,"featured_media":946160,"comment_status":"closed","ping_status":"closed","sticky":false,"template":"","format":"standard","meta":{"site-sidebar-layout":"default","site-content-layout":"default","ast-global-header-display":"","ast-banner-title-visibility":"","ast-main-header-display":"","ast-hfb-above-header-display":"","ast-hfb-below-header-display":"","ast-hfb-mobile-header-display":"","site-post-title":"","ast-breadcrumbs-content":"","ast-featured-img":"","footer-sml-layout":"","theme-transparent-header-meta":"default","adv-header-id-meta":"","stick-header-meta":"","header-above-stick-meta":"","header-main-stick-meta":"","header-below-stick-meta":""},"categories":[1840,872,1542],"tags":[2534,1584,1314],"acf":[],"_links":{"self":[{"href":"https:\/\/www.cnbb.org.br\/cnbb-app\/wp\/v2\/posts\/946165"}],"collection":[{"href":"https:\/\/www.cnbb.org.br\/cnbb-app\/wp\/v2\/posts"}],"about":[{"href":"https:\/\/www.cnbb.org.br\/cnbb-app\/wp\/v2\/types\/post"}],"author":[{"embeddable":true,"href":"https:\/\/www.cnbb.org.br\/cnbb-app\/wp\/v2\/users\/38"}],"replies":[{"embeddable":true,"href":"https:\/\/www.cnbb.org.br\/cnbb-app\/wp\/v2\/comments?post=946165"}],"version-history":[{"count":1,"href":"https:\/\/www.cnbb.org.br\/cnbb-app\/wp\/v2\/posts\/946165\/revisions"}],"predecessor-version":[{"id":946166,"href":"https:\/\/www.cnbb.org.br\/cnbb-app\/wp\/v2\/posts\/946165\/revisions\/946166"}],"wp:featuredmedia":[{"embeddable":true,"href":"https:\/\/www.cnbb.org.br\/cnbb-app\/wp\/v2\/media\/946160"}],"wp:attachment":[{"href":"https:\/\/www.cnbb.org.br\/cnbb-app\/wp\/v2\/media?parent=946165"}],"wp:term":[{"taxonomy":"category","embeddable":true,"href":"https:\/\/www.cnbb.org.br\/cnbb-app\/wp\/v2\/categories?post=946165"},{"taxonomy":"post_tag","embeddable":true,"href":"https:\/\/www.cnbb.org.br\/cnbb-app\/wp\/v2\/tags?post=946165"}],"curies":[{"name":"wp","href":"https:\/\/api.w.org\/{rel}","templated":true}]}}