{"id":946175,"date":"2023-06-14T14:27:36","date_gmt":"2023-06-14T17:27:36","guid":{"rendered":"https:\/\/www.cnbb.org.br\/?p=946175"},"modified":"2023-06-14T16:24:15","modified_gmt":"2023-06-14T19:24:15","slug":"junho-verde-dom-jaime","status":"publish","type":"post","link":"https:\/\/www.cnbb.org.br\/junho-verde-dom-jaime\/","title":{"rendered":"Junho Verde: \u201cm\u00eas particular para tomarmos consci\u00eancia da dignidade, nobreza e beleza da Casa Comum\u201d, afirma dom Jaime"},"content":{"rendered":"<p style=\"text-align: justify;\">A Campanha Junho Verde, de iniciativa da Confer\u00eancia Nacional dos Bispos do Brasil (CNBB) e estabelecida pela Lei 14.393\/2022, enfatiza o compromisso pela conserva\u00e7\u00e3o dos ecossistemas naturais e de todos os seres vivos, bem como o controle da polui\u00e7\u00e3o e da degrada\u00e7\u00e3o dos bens naturais, que s\u00e3o dons de Deus e obras da Cria\u00e7\u00e3o.<\/p>\n<p style=\"text-align: justify;\"><img decoding=\"async\" loading=\"lazy\" class=\"size-medium wp-image-945696 alignleft\" src=\"https:\/\/www.cnbb.org.br\/wp-content\/uploads\/2023\/06\/Junho-Verde-300x159.png\" alt=\"\" width=\"300\" height=\"159\" srcset=\"https:\/\/www.cnbb.org.br\/wp-content\/uploads\/2023\/06\/Junho-Verde-300x159.png 300w, https:\/\/www.cnbb.org.br\/wp-content\/uploads\/2023\/06\/Junho-Verde-1024x541.png 1024w, https:\/\/www.cnbb.org.br\/wp-content\/uploads\/2023\/06\/Junho-Verde-768x406.png 768w, https:\/\/www.cnbb.org.br\/wp-content\/uploads\/2023\/06\/Junho-Verde-500x264.png 500w, https:\/\/www.cnbb.org.br\/wp-content\/uploads\/2023\/06\/Junho-Verde.png 1203w\" sizes=\"(max-width: 300px) 100vw, 300px\" \/>Segundo o arcebispo de Porto Alegre e atual presidente da Confer\u00eancia, dom Jaime Spengler, o Junho Verde envolve a todos aqueles que desejam e que se sentem realmente convocados a participar do processo de cuidado com tudo aquilo que envolve o meio ambiente.<\/p>\n<blockquote>\n<p style=\"text-align: justify;\">&#8220;Tudo est\u00e1 interligado e, assim, todos s\u00e3o convocados a cooperar para deixar o mundo, a realidade um pouco melhor para as futuras gera\u00e7\u00f5es, envolvermo-nos com as a\u00e7\u00f5es e o Cuidado com a Casa Comum&#8221;, complementa.<\/p>\n<\/blockquote>\n<p style=\"text-align: justify;\">O arcebispo explica que a iniciativa \u00e9 um convite para se escutar a voz da cria\u00e7\u00e3o e, ao mesmo tempo, escutar os\u00a0 gritos que merecem aten\u00e7\u00e3o, potencializados e na coletividade respondidos com a\u00e7\u00f5es comuns. &#8220;\u00c9 o grito das florestas, das terras, das aves, dos animais, \u00e9 tamb\u00e9m o grito do subsolo que n\u00e3o est\u00e1 sendo respeitado&#8221;, considera.<\/p>\n<p style=\"text-align: justify;\"><span style=\"font-size: 16px;\">Para ele, a Campanha Junho Verde \u00e9 uma oportunidade, uma chance de escutar de modo especial as muitas vozes silenciadas em meio a devastadora crise clim\u00e1tica em que o mundo est\u00e1 imerso, representando para n\u00f3s uma oportunidade particular.<\/span><\/p>\n<blockquote>\n<p style=\"text-align: justify;\">&#8220;Fa\u00e7amos desse Junho Verde uma oportunidade para trabalharmos junto com nossos adolescentes, os jovens nas universidades, nas nossas comunidades, os diversos setores da sociedade, porque n\u00e3o s\u00f3 tudo est\u00e1 interligado, mas todos n\u00f3s estamos interligados&#8221;, exorta dom Jaime.<\/p>\n<\/blockquote>\n<p style=\"text-align: justify;\">Por fim, dom Jaime deseja que Junho seja um m\u00eas\u00a0 particular para tomarmos consci\u00eancia da dignidade, nobreza e beleza da Casa Comum. &#8220;A Casa que nos acolheu, que nos acolhe e haver\u00e1 de continuar acolhendo os netos, filhos em vista de um futuro melhor para todos&#8221;.<\/p>\n<div class=\"ast-oembed-container\" style=\"height: 100%;\"><iframe loading=\"lazy\" title=\"Junho verde: Mensagem de Dom Jaime\" width=\"500\" height=\"281\" src=\"https:\/\/www.youtube.com\/embed\/HILfesd1qzw?feature=oembed\" frameborder=\"0\" allow=\"accelerometer; autoplay; clipboard-write; encrypted-media; gyroscope; picture-in-picture; web-share\" allowfullscreen><\/iframe><\/div>\n","protected":false},"excerpt":{"rendered":"<p>Segundo o arcebispo de Porto Alegre e atual presidente da Confer\u00eancia, dom Jaime Spengler, o Junho Verde envolve a todos aqueles que desejam e que se sentem realmente convocados a participar do processo de cuidado com tudo aquilo que envolve o meio ambiente<\/p>\n","protected":false},"author":141,"featured_media":946214,"comment_status":"closed","ping_status":"closed","sticky":false,"template":"","format":"standard","meta":{"site-sidebar-layout":"default","site-content-layout":"default","ast-global-header-display":"","ast-banner-title-visibility":"","ast-main-header-display":"","ast-hfb-above-header-display":"","ast-hfb-below-header-display":"","ast-hfb-mobile-header-display":"","site-post-title":"","ast-breadcrumbs-content":"","ast-featured-img":"","footer-sml-layout":"","theme-transparent-header-meta":"default","adv-header-id-meta":"","stick-header-meta":"","header-above-stick-meta":"","header-main-stick-meta":"","header-below-stick-meta":""},"categories":[829,1841,1851],"tags":[],"acf":[],"_links":{"self":[{"href":"https:\/\/www.cnbb.org.br\/cnbb-app\/wp\/v2\/posts\/946175"}],"collection":[{"href":"https:\/\/www.cnbb.org.br\/cnbb-app\/wp\/v2\/posts"}],"about":[{"href":"https:\/\/www.cnbb.org.br\/cnbb-app\/wp\/v2\/types\/post"}],"author":[{"embeddable":true,"href":"https:\/\/www.cnbb.org.br\/cnbb-app\/wp\/v2\/users\/141"}],"replies":[{"embeddable":true,"href":"https:\/\/www.cnbb.org.br\/cnbb-app\/wp\/v2\/comments?post=946175"}],"version-history":[{"count":21,"href":"https:\/\/www.cnbb.org.br\/cnbb-app\/wp\/v2\/posts\/946175\/revisions"}],"predecessor-version":[{"id":946224,"href":"https:\/\/www.cnbb.org.br\/cnbb-app\/wp\/v2\/posts\/946175\/revisions\/946224"}],"wp:featuredmedia":[{"embeddable":true,"href":"https:\/\/www.cnbb.org.br\/cnbb-app\/wp\/v2\/media\/946214"}],"wp:attachment":[{"href":"https:\/\/www.cnbb.org.br\/cnbb-app\/wp\/v2\/media?parent=946175"}],"wp:term":[{"taxonomy":"category","embeddable":true,"href":"https:\/\/www.cnbb.org.br\/cnbb-app\/wp\/v2\/categories?post=946175"},{"taxonomy":"post_tag","embeddable":true,"href":"https:\/\/www.cnbb.org.br\/cnbb-app\/wp\/v2\/tags?post=946175"}],"curies":[{"name":"wp","href":"https:\/\/api.w.org\/{rel}","templated":true}]}}