{"id":946236,"date":"2023-06-15T12:07:04","date_gmt":"2023-06-15T15:07:04","guid":{"rendered":"https:\/\/www.cnbb.org.br\/?p=946236"},"modified":"2023-06-15T14:51:48","modified_gmt":"2023-06-15T17:51:48","slug":"live-fomenta-a-articulacao-nacional-da-pastoral-da-moradia-e-da-favela","status":"publish","type":"post","link":"https:\/\/www.cnbb.org.br\/live-fomenta-a-articulacao-nacional-da-pastoral-da-moradia-e-da-favela\/","title":{"rendered":"Live organizada pela Comiss\u00e3o Sociotransformadora fomenta a articula\u00e7\u00e3o da Pastoral da Moradia e da Favela"},"content":{"rendered":"<p style=\"text-align: justify;\">A Comiss\u00e3o Episcopal para a A\u00e7\u00e3o Sociotransformadora da Confer\u00eancia Nacional dos Bispos do Brasil (Cepast-CNBB), por meio da 6\u00aa Semana Social Brasileira, vem fomentando a Articula\u00e7\u00e3o Nacional da Pastoral da Moradia e Favela. Nesse sentido, realiza neste dia 15 de junho de 2023, das 20h \u00e0s 21h, uma roda de conversa para apresentar a proposta de mobiliza\u00e7\u00e3o e cria\u00e7\u00e3o da Articula\u00e7\u00e3o Pastoral da Moradia e Favela.<\/p>\n<blockquote>\n<p style=\"text-align: justify;\">De acordo com o bispo de Brejo (MA) e presidente da Cepast-CNBB, dom Jos\u00e9 Valdeci Santos Mendes, a live tem o objetivo de mobilizar e sensibilizar as dioceses, as par\u00f3quias para a necessidade de cria\u00e7\u00e3o e organiza\u00e7\u00e3o da Pastoral da Moradia e Favela onde n\u00e3o tem, e fortalecer onde tem. &#8220;Com essa inciativa, queremos animar e estimular processos de forma\u00e7\u00e3o para lideran\u00e7as e fomentar grupos comprometidos, como refer\u00eancia para a cria\u00e7\u00e3o da Pastoral da Moradia e Favela&#8221;, afirmou.<\/p>\n<\/blockquote>\n<h3>Convidados<\/h3>\n<p style=\"text-align: justify;\">Como convidados, a live contar\u00e1 com a participa\u00e7\u00e3o do \u00a0bispo de Brejo (MA) e presidente da Cepast-CNBB, dom Jos\u00e9 Valdeci Santos Mendes, do articulador nacional da Pastoral da Moradia e Favela, Marcelo Toyansk Guimar\u00e3es OFMCap, do representante da Pastoral da Moradia da arquidiocese de S\u00e3o Paulo, padre Antonio Ferreira Naves e da advogada da Pastoral das Favelas da arquidiocese do Rio de Janeiro, Eliane Oliveira.<\/p>\n<p>Os representantes da Pastoral da Moradia e Favela de S\u00e3o Paulo e do Rio de Janeiro e da articula\u00e7\u00e3o nacional da Pastoral apresentar\u00e3o as experi\u00eancias concretas e os desafios da articula\u00e7\u00e3o das inciativas nos espa\u00e7os urbanos no Brasil.<\/p>\n<p><strong>Acompanhe aqui:<\/strong><\/p>\n<div class=\"ast-oembed-container\" style=\"height: 100%;\"><iframe loading=\"lazy\" title=\"Forma\u00e7\u00e3o para Articula\u00e7\u00e3o Pastoral da Moradia e Favela\" width=\"500\" height=\"281\" src=\"https:\/\/www.youtube.com\/embed\/IHH6NsywXAM?feature=oembed\" frameborder=\"0\" allow=\"accelerometer; autoplay; clipboard-write; encrypted-media; gyroscope; picture-in-picture; web-share\" allowfullscreen><\/iframe><\/div>\n<p>&nbsp;<\/p>\n","protected":false},"excerpt":{"rendered":"<p>A a\u00e7\u00e3o, realizada no contexto da 6\u00aa Semana Social Brasileira, acontece neste dia 15 de junho de 2023, das 20h \u00e0s 21h, como uma roda de conversa para apresentar a proposta de mobiliza\u00e7\u00e3o, cria\u00e7\u00e3o da Articula\u00e7\u00e3o Pastoral da Moradia e Favela. Os interessados poder\u00e3o acompanhar a iniciativa pelo canal de Youtube da CNBB <\/p>\n","protected":false},"author":142,"featured_media":946237,"comment_status":"closed","ping_status":"closed","sticky":false,"template":"","format":"standard","meta":{"site-sidebar-layout":"default","site-content-layout":"default","ast-global-header-display":"","ast-banner-title-visibility":"","ast-main-header-display":"","ast-hfb-above-header-display":"","ast-hfb-below-header-display":"","ast-hfb-mobile-header-display":"","site-post-title":"","ast-breadcrumbs-content":"","ast-featured-img":"","footer-sml-layout":"","theme-transparent-header-meta":"default","adv-header-id-meta":"","stick-header-meta":"","header-above-stick-meta":"","header-main-stick-meta":"","header-below-stick-meta":""},"categories":[863,50],"tags":[4691],"acf":[],"_links":{"self":[{"href":"https:\/\/www.cnbb.org.br\/cnbb-app\/wp\/v2\/posts\/946236"}],"collection":[{"href":"https:\/\/www.cnbb.org.br\/cnbb-app\/wp\/v2\/posts"}],"about":[{"href":"https:\/\/www.cnbb.org.br\/cnbb-app\/wp\/v2\/types\/post"}],"author":[{"embeddable":true,"href":"https:\/\/www.cnbb.org.br\/cnbb-app\/wp\/v2\/users\/142"}],"replies":[{"embeddable":true,"href":"https:\/\/www.cnbb.org.br\/cnbb-app\/wp\/v2\/comments?post=946236"}],"version-history":[{"count":8,"href":"https:\/\/www.cnbb.org.br\/cnbb-app\/wp\/v2\/posts\/946236\/revisions"}],"predecessor-version":[{"id":946308,"href":"https:\/\/www.cnbb.org.br\/cnbb-app\/wp\/v2\/posts\/946236\/revisions\/946308"}],"wp:featuredmedia":[{"embeddable":true,"href":"https:\/\/www.cnbb.org.br\/cnbb-app\/wp\/v2\/media\/946237"}],"wp:attachment":[{"href":"https:\/\/www.cnbb.org.br\/cnbb-app\/wp\/v2\/media?parent=946236"}],"wp:term":[{"taxonomy":"category","embeddable":true,"href":"https:\/\/www.cnbb.org.br\/cnbb-app\/wp\/v2\/categories?post=946236"},{"taxonomy":"post_tag","embeddable":true,"href":"https:\/\/www.cnbb.org.br\/cnbb-app\/wp\/v2\/tags?post=946236"}],"curies":[{"name":"wp","href":"https:\/\/api.w.org\/{rel}","templated":true}]}}