{"id":9464,"date":"2011-12-12T00:00:00","date_gmt":"2011-12-12T02:00:00","guid":{"rendered":"https:\/\/www.cnbb.org.br\/anunciado-o-ano-da-infancia-e-adolescencia-missionaria-na-igreja-no-brasil\/"},"modified":"2020-03-11T20:04:20","modified_gmt":"2020-03-11T23:04:20","slug":"anunciado-o-ano-da-infancia-e-adolescencia-missionaria-na-igreja-no-brasil","status":"publish","type":"post","link":"https:\/\/www.cnbb.org.br\/anunciado-o-ano-da-infancia-e-adolescencia-missionaria-na-igreja-no-brasil\/","title":{"rendered":"Anunciado o Ano da Inf\u00e2ncia e Adolesc\u00eancia Mission\u00e1ria na Igreja no Brasil"},"content":{"rendered":"<p style=\"text-align: justify\">Durante a 16\u00aa Assembleia de Coordenadores Estaduais da Inf\u00e2ncia e Adolesc\u00eancia Mission\u00e1ria (IAM) encontro que aconteceu entre os dias 8 e 11 de dezembro, na sede nacional das Pontif\u00edcias Obras Mission\u00e1rias (POM) em Bras\u00edlia, o secret\u00e1rio nacional da Obra, padre Andr\u00e9 Luiz de Negreiros, anunciou o \u201cAno da Inf\u00e2ncia e Adolesc\u00eancia Mission\u00e1ria no Brasil\u201d, evento comemorativo dos 170 anos de funda\u00e7\u00e3o da IAM em todo o mundo.<\/p>\n<p><!--more--><\/p>\n<p style=\"text-align: justify\">Os participantes do encontro, representantes de todos os estados do pa\u00eds, puderam sugerir materiais, diretrizes e din\u00e2micas de celebra\u00e7\u00f5es para a comemora\u00e7\u00e3o da data que tem in\u00edcio em 2013 e termina no ano seguinte. De acordo com as in\u00fameras sugest\u00f5es, apareceram: elabora\u00e7\u00e3o de um livreto para a celebra\u00e7\u00e3o do Ano da IAM no Brasil; cria\u00e7\u00e3o de uma logomarca para a celebra\u00e7\u00e3o; programar a comemora\u00e7\u00e3o em n\u00edvel nacional; criar um cartaz; produzir um DVD com experi\u00eancias e resgate hist\u00f3rico da Inf\u00e2ncia e Adolesc\u00eancia Mission\u00e1ria em material acess\u00edvel \u00e0s crian\u00e7as, entre outros.<\/p>\n<p style=\"text-align: justify\"><img decoding=\"async\" loading=\"lazy\" class=\" alignleft size-full wp-image-12999\" style=\"float: left\" src=\"https:\/\/www.cnbb.org.br\/wp-content\/uploads\/2020\/03\/padre_andre_negreiros.jpg\" alt=\"padre_andre_negreiros\" width=\"203\" height=\"271\" \/>O secret\u00e1rio nacional da IAM elogiou as sugest\u00f5es apresentadas. \u201cAs respostas foram muito positivas. Eles sugeriram materiais, diretrizes e at\u00e9 um manual para a celebra\u00e7\u00e3o dos 170 anos. Tudo isso ir\u00e1 ser olhado com carinho e, a partir do ano que vem, j\u00e1 ir\u00e1 ser colocado em pr\u00e1tica em minhas visitas aos estados\u201d, garantiu padre Andr\u00e9.<\/p>\n<p style=\"text-align: justify\"><img decoding=\"async\" loading=\"lazy\" class=\" alignright size-full wp-image-13000\" style=\"float: right\" src=\"https:\/\/www.cnbb.org.br\/wp-content\/uploads\/2020\/03\/malacarni.jpg\" alt=\"malacarni\" width=\"171\" height=\"260\" \/>Um dos participantes, o coordenador da IAM no estado do Esp\u00edrito Santo, Francisco Malacarni, mais conhecido como Kiko, apontou que a IAM, a partir de agora, tem muito trabalho pela frente para fazer o evento ganhar destaque na Igreja no Brasil, em 2013. \u201cSer\u00e1 uma data hist\u00f3rica que vai exigir de n\u00f3s muito trabalho para conseguir coloc\u00e1-lo em evid\u00eancia na Igreja. S\u00e3o 170 anos e por isso precisamos reavivar, nesse per\u00edodo, as atitudes desenvolvidas pelo fundador da Inf\u00e2ncia: dom Carlos Forbin Janson, como metodologia de trabalho, hist\u00f3ria, e muitos outros pontos para que possamos dar um novo vigor \u00e0 Obra. Fazendo isso, vamos fazer surgir, atrav\u00e9s da IAM, os novos profetas da Igreja\u201d, disse esperan\u00e7oso Malacarni.<\/p>\n<p style=\"text-align: justify\"><img decoding=\"async\" loading=\"lazy\" class=\" alignright size-full wp-image-13001\" style=\"float: right\" src=\"https:\/\/www.cnbb.org.br\/wp-content\/uploads\/2020\/03\/rafael_tavares_foto.jpg\" alt=\"rafael_tavares_foto\" width=\"202\" height=\"257\" \/>O coordenador da IAM do Rio Grande do Norte, Rafael Cosme Tavares, lembrou os 15 anos da Obra em seu estado, comemorados recentemente e disse que os 170 da Inf\u00e2ncia em todo o mundo t\u00eam tudo para ser um evento inesquec\u00edvel no Brasil. \u201cVai ser um grande destaque. Vivenciamos agora os 15 anos de miss\u00e3o atrav\u00e9s da IAM no interior do nosso estado. Ora, se apenas numa pequena cidade do Nordeste n\u00f3s fizemos grande movimenta\u00e7\u00e3o na cidade, como inaugurar uma Igreja em nome de S\u00e3o Francisco Xavier, uma est\u00e1tua para Santa Terezinha em pra\u00e7a p\u00fablica, tudo em nome da IAM, imagine como poder\u00e1 ser celebrar os 170 anos da Obra no Brasil e no mundo? Dever\u00e1 ser uma celebra\u00e7\u00e3o para ficar na hist\u00f3ria\u201d, afirmou.<\/p>\n<p style=\"text-align: justify\">Padre Andr\u00e9 aproveitou para elogiar tamb\u00e9m a 16\u00aa Assembleia anual da IAM. \u201cFoi muito positiva, pois conseguimos alcan\u00e7ar nossos objetivos que foi escolher uma pessoa de cada macrorregi\u00e3o para me ajudar no acompanhamento dos estados e na elabora\u00e7\u00e3o de materiais da IAM; o envolvimento foi maior naquilo que foi pedido a eles no que diz respeito aos s\u00edmbolos, comidas t\u00edpicas de cada estado e na produ\u00e7\u00e3o de material da Inf\u00e2ncia e Adolesc\u00eancia Mission\u00e1ria para as crian\u00e7as que est\u00e3o sendo alfabetizadas\u201d, disse.<\/p>\n<p style=\"text-align: justify\">Este ano, pela primeira vez, houve a presen\u00e7a da coordena\u00e7\u00e3o de Roraima. Os dois estados que n\u00e3o puderam participar: Paran\u00e1 e Mato Grosso enviaram os materiais. Outro ponto positivo comemorado pelo secret\u00e1rio nacional da IAM. \u201cMesmo n\u00e3o estando aqui fisicamente, alguns estados participaram tamb\u00e9m. Enviaram relat\u00f3rio, presta\u00e7\u00e3o de contas, planejamento do ano seguinte; tudo isso facilitou os trabalhos para os pr\u00f3ximos anos\u201d, comemorou. Ele ainda apresentou suas expectativas para 2012. \u201cO pr\u00f3ximo ano ser\u00e1 de muito trabalho. Percebi que minha agenda continua lotada para d\u00e1 forma\u00e7\u00f5es pelo Brasil. Este ano quero me doar produzindo novos materiais para que a IAM se sinta acompanhada por mim e pelas Pontif\u00edcias Obras Mission\u00e1rias\u201d, afirmou confiante o secret\u00e1rio.<\/p>\n<p style=\"text-align: justify\"><a title=\"link\" href=\"http:\/\/www.flickr.com\/photos\/pombrasil\/sets\/72157628389557491\/\" target=\"_blank\" rel=\"noopener\"><span style=\"color: #ffffff\"><span style=\"background-color: #3366ff\"><strong>Todas as fotos do evento aqui<\/strong><\/span><\/span><\/a><\/p>\n","protected":false},"excerpt":{"rendered":"<p>Durante a 16\u00aa Assembleia de Coordenadores Estaduais da Inf\u00e2ncia e Adolesc\u00eancia Mission\u00e1ria (IAM) encontro que aconteceu entre os dias 8 e 11 de dezembro, na sede nacional das Pontif\u00edcias Obras Mission\u00e1rias (POM) em Bras\u00edlia, o secret\u00e1rio nacional da Obra, padre Andr\u00e9 Luiz de Negreiros, anunciou o \u201cAno da Inf\u00e2ncia e Adolesc\u00eancia Mission\u00e1ria no Brasil\u201d, evento &hellip;<\/p>\n<p class=\"read-more\"> <a class=\"\" href=\"https:\/\/www.cnbb.org.br\/anunciado-o-ano-da-infancia-e-adolescencia-missionaria-na-igreja-no-brasil\/\"> <span class=\"screen-reader-text\">Anunciado o Ano da Inf\u00e2ncia e Adolesc\u00eancia Mission\u00e1ria na Igreja no Brasil<\/span> Leia mais &raquo;<\/a><\/p>\n","protected":false},"author":83,"featured_media":9465,"comment_status":"open","ping_status":"open","sticky":false,"template":"","format":"standard","meta":{"site-sidebar-layout":"default","site-content-layout":"default","ast-global-header-display":"","ast-banner-title-visibility":"","ast-main-header-display":"","ast-hfb-above-header-display":"","ast-hfb-below-header-display":"","ast-hfb-mobile-header-display":"","site-post-title":"","ast-breadcrumbs-content":"","ast-featured-img":"","footer-sml-layout":"","theme-transparent-header-meta":"","adv-header-id-meta":"","stick-header-meta":"","header-above-stick-meta":"","header-main-stick-meta":"","header-below-stick-meta":""},"categories":[854,878],"tags":[],"acf":[],"_links":{"self":[{"href":"https:\/\/www.cnbb.org.br\/cnbb-app\/wp\/v2\/posts\/9464"}],"collection":[{"href":"https:\/\/www.cnbb.org.br\/cnbb-app\/wp\/v2\/posts"}],"about":[{"href":"https:\/\/www.cnbb.org.br\/cnbb-app\/wp\/v2\/types\/post"}],"author":[{"embeddable":true,"href":"https:\/\/www.cnbb.org.br\/cnbb-app\/wp\/v2\/users\/83"}],"replies":[{"embeddable":true,"href":"https:\/\/www.cnbb.org.br\/cnbb-app\/wp\/v2\/comments?post=9464"}],"version-history":[{"count":0,"href":"https:\/\/www.cnbb.org.br\/cnbb-app\/wp\/v2\/posts\/9464\/revisions"}],"wp:featuredmedia":[{"embeddable":true,"href":"https:\/\/www.cnbb.org.br\/cnbb-app\/wp\/v2\/media\/9465"}],"wp:attachment":[{"href":"https:\/\/www.cnbb.org.br\/cnbb-app\/wp\/v2\/media?parent=9464"}],"wp:term":[{"taxonomy":"category","embeddable":true,"href":"https:\/\/www.cnbb.org.br\/cnbb-app\/wp\/v2\/categories?post=9464"},{"taxonomy":"post_tag","embeddable":true,"href":"https:\/\/www.cnbb.org.br\/cnbb-app\/wp\/v2\/tags?post=9464"}],"curies":[{"name":"wp","href":"https:\/\/api.w.org\/{rel}","templated":true}]}}