{"id":946518,"date":"2023-06-20T12:26:10","date_gmt":"2023-06-20T15:26:10","guid":{"rendered":"https:\/\/www.cnbb.org.br\/?p=946518"},"modified":"2023-06-20T14:59:51","modified_gmt":"2023-06-20T17:59:51","slug":"conselho-permanente-da-cnbb-se-encontra-com-nova-formacao-para-encaminhar-questoes-da-vida-da-instituicao","status":"publish","type":"post","link":"https:\/\/www.cnbb.org.br\/conselho-permanente-da-cnbb-se-encontra-com-nova-formacao-para-encaminhar-questoes-da-vida-da-instituicao\/","title":{"rendered":"Conselho Permanente da CNBB se encontra com nova forma\u00e7\u00e3o para encaminhar quest\u00f5es da vida da institui\u00e7\u00e3o"},"content":{"rendered":"<p style=\"text-align: justify;\">A primeira reuni\u00e3o do Conselho Permanente ap\u00f3s a 60\u00aa Assembleia Geral da Confer\u00eancia Nacional dos Bispos do Brasil (CNBB), com nova forma\u00e7\u00e3o &#8211; 80 participantes -, incluindo os presidentes eleitos para as Comiss\u00f5es Episcopais e para a presid\u00eancia dos 19 regionais da entidade acontece em Bras\u00edlia (DF), de 20 a 22 de junho.<\/p>\n<p style=\"text-align: justify;\">Abaixo da Assembleia Geral da entidade, conforme prev\u00ea o artigo 31 de seu estatuto, o Conselho Permanente \u00e9 o \u00f3rg\u00e3o de orienta\u00e7\u00e3o e acompanhamento da atua\u00e7\u00e3o da CNBB e dos organismos a ela vinculados, bem como \u00f3rg\u00e3o diretivo, eletivo e deliberativo.<\/p>\n<h3>Sauda\u00e7\u00e3o do representante do Papa<\/h3>\n<figure id=\"attachment_946530\" aria-describedby=\"caption-attachment-946530\" style=\"width: 300px\" class=\"wp-caption alignright\"><img decoding=\"async\" loading=\"lazy\" class=\"wp-image-946530 size-medium\" src=\"https:\/\/www.cnbb.org.br\/wp-content\/uploads\/2023\/06\/Nuncio-Apostolico-300x225.jpg\" alt=\"\" width=\"300\" height=\"225\" srcset=\"https:\/\/www.cnbb.org.br\/wp-content\/uploads\/2023\/06\/Nuncio-Apostolico-300x225.jpg 300w, https:\/\/www.cnbb.org.br\/wp-content\/uploads\/2023\/06\/Nuncio-Apostolico-1024x768.jpg 1024w, https:\/\/www.cnbb.org.br\/wp-content\/uploads\/2023\/06\/Nuncio-Apostolico-768x576.jpg 768w, https:\/\/www.cnbb.org.br\/wp-content\/uploads\/2023\/06\/Nuncio-Apostolico-1536x1152.jpg 1536w, https:\/\/www.cnbb.org.br\/wp-content\/uploads\/2023\/06\/Nuncio-Apostolico-500x375.jpg 500w, https:\/\/www.cnbb.org.br\/wp-content\/uploads\/2023\/06\/Nuncio-Apostolico-800x600.jpg 800w, https:\/\/www.cnbb.org.br\/wp-content\/uploads\/2023\/06\/Nuncio-Apostolico.jpg 1600w\" sizes=\"(max-width: 300px) 100vw, 300px\" \/><figcaption id=\"caption-attachment-946530\" class=\"wp-caption-text\">O n\u00fancio apost\u00f3lico agradeceu as ora\u00e7\u00f5es pela sa\u00fade do Papa. | Fotos: Luiz Lopes\/Willian Bonfim &#8211; Ascom CNBB.<\/figcaption><\/figure>\n<p style=\"text-align: justify;\">O representante do Papa Francisco no Brasil, o n\u00fancio apost\u00f3lico dom Giambattista Diquattro, participou da abertura da reuni\u00e3o\u00a0 na qual saudou os novos membros do Conselho Permanente e agradeceu, em nome do Santo Padre, as ora\u00e7\u00f5es pela sa\u00fade do sumo pont\u00edfice.<\/p>\n<p style=\"text-align: justify;\">Na abertura da reuni\u00e3o, o arcebispo de Porto Alegre (RS) e presidente da Confer\u00eancia Nacional dos Bispos do Brasil (CNBB), dom Jaime Spengler, ressaltou que trata-se da primeira vez que o Conselho Permanente se re\u00fane depois da 60\u00aa Assembleia Geral. Ele informou tamb\u00e9m que a atual presid\u00eancia, cumprindo a tradi\u00e7\u00e3o prevista no Estatuto da institui\u00e7\u00e3o, deu in\u00edcio a uma s\u00e9rie de reuni\u00f5es institucionais junto a representa\u00e7\u00f5es da Rep\u00fablica e da sociedade civil brasileira.<\/p>\n<p style=\"text-align: justify;\">O presidente da CNBB informou sobre as reuni\u00f5es realizadas com a nova presid\u00eancia da Ordem dos Advogados do Brasil (OAB), com o presidente da Rep\u00fablica e o ministro do Desenvolvimento e Assist\u00eancia Social, Fam\u00edlia e Combate \u00e0 Fome. Tamb\u00e9m falou das reuni\u00f5es agendadas com representantes do poder legislativo e do Supremo Tribunal Federal.<\/p>\n<p style=\"text-align: justify;\">O arcebispo de Goi\u00e2nia (GO) e primeiro vice-presidente da CNBB, dom Jo\u00e3o Justino de Medeiros Silva, ressaltou que a reuni\u00e3o configura-se como um momento importante de definir os nomes dos bispos que compor\u00e3o as Comiss\u00f5es e outros nomes que integrar\u00e3o o quadro de servi\u00e7os \u00e0 Confer\u00eancia.<\/p>\n<p style=\"text-align: justify;\">O segundo vice-presidente da CNBB, rec\u00e9m nomeado arcebispo de Olinda e Recife (PE), dom Paulo Jackson N\u00f3brega de Souza, ressaltou o papel do Conselho Permanente como espa\u00e7o de encaminhamento das quest\u00f5es apontadas pelas Assembleias. \u201cEntre uma assembleia e outra, somos n\u00f3s que conduzimos os rumos pastorais da Igreja no Brasil\u201d, disse.<\/p>\n<h3>Mem\u00f3ria agradecida<\/h3>\n<p style=\"text-align: justify;\">O bispo auxiliar de Bras\u00edlia (DF) e secret\u00e1rio-geral da CNBB, dom Ricardo Hoepers, para contextualizar os membros do Conselho Permanente, fez uma mem\u00f3ria agradecida de seus passos desde a chegada \u00e0 sede da Confer\u00eancia.<\/p>\n<p style=\"text-align: justify;\">Ele ressaltou o trabalho de gest\u00e3o da entidade, com a realiza\u00e7\u00e3o das reuni\u00f5es de Avalia\u00e7\u00e3o Geral Mensal com os coordenadores de departamento e as visitas \u00e0 sede da Edi\u00e7\u00f5es CNBB, ao Centro de Conviv\u00eancia e Fortalecimento de v\u00ednculos \u201cCorrendo atr\u00e1s de um sonho\u201d. Dom Ricardo ressaltou o importante papel desenvolvido pelos colaboradores na sede.<\/p>\n<p style=\"text-align: justify;\">O prelado afirmou ter encontrado uma institui\u00e7\u00e3o muito bem-organizada, resultado que, em sua avalia\u00e7\u00e3o, \u00e9 uma conquista do trabalho das gest\u00f5es anteriores. &#8220;Se a CNBB chegou neste patamar, \u00e9 gra\u00e7as ao trabalho das gest\u00f5es anteriores&#8221;, reconheceu e agradeceu o secret\u00e1rio-geral da CNBB.<\/p>\n<p style=\"text-align: justify;\">O bispo falou tamb\u00e9m do lan\u00e7amento da Semana Laudato Si&#8217;, das reuni\u00f5es com representantes da Confer\u00eancia Eclesial da Amaz\u00f4nia (Ceama) e com o Conselho Episcopal Latino-Americano e Caribeno (Celam) e dos encontros com colaboradores, pastorais e organismos.<\/p>\n<p style=\"text-align: justify;\">Por fim, o secret\u00e1rio-geral informou que a reuni\u00e3o do Conselho Permanente avaliar\u00e1 216 nomes novos para integrar o corpo de servi\u00e7os \u00e0 CNBB para o quadri\u00eanio 2023-2027, sendo 55 assessores e 161 bispos, numa perspectiva de fortalecer a organiza\u00e7\u00e3o de forma sinodal, de comunh\u00e3o e participa\u00e7\u00e3o.<\/p>\n<h3>Rela\u00e7\u00f5es institucionais e governamentais<\/h3>\n<p style=\"text-align: justify;\">O assessor de rela\u00e7\u00f5es institucionais e governamentais da CNBB, padre Paulo Renato, fez um balan\u00e7o do trabalho que desenvolveu ao longo de sete anos \u00e0 frente das articula\u00e7\u00f5es institucionais e governamentais da CNBB.<\/p>\n<p style=\"text-align: justify;\">Padre Paulo Renato destacou a import\u00e2ncia hist\u00f3rica da CNBB na sociedade brasileira e a relev\u00e2ncia institucional junto aos poderes da Rep\u00fablica e de relevantes institui\u00e7\u00f5es nacionais. Ele destacou que o trabalho desenvolvido busca pautar as rela\u00e7\u00f5es institucionais, n\u00e3o personalistas.<\/p>\n<p style=\"text-align: justify;\">Ele ressaltou que o trabalho de articula\u00e7\u00e3o institucional da CNBB busca seguir os par\u00e2metros estabelecidos pela Associa\u00e7\u00e3o Brasileira de Rela\u00e7\u00f5es Institucionais e Governamentais. Padre Paulo tamb\u00e9m apresentou aos bispos as defini\u00e7\u00f5es do Regimento da CNBB sobre as rela\u00e7\u00f5es institucionais, expressas nos artigos 14 a 16.<\/p>\n<p style=\"text-align: justify;\">O par\u00e1grafo segundo do 14\u00ba artigo do Regimento da CNBB estabelece assim as atribui\u00e7\u00f5es das Rela\u00e7\u00f5es Institucionais e Governamentais (RIG): &#8220;A RIG tem como atribui\u00e7\u00e3o facilitar, promover e acompanhar as rela\u00e7\u00f5es institucionais entre a Confer\u00eancia e os poderes do Estado brasileiro, nas suas diversas inst\u00e2ncias, e tamb\u00e9m as institui\u00e7\u00f5es da sociedade civil&#8221;.<\/p>\n<h3>Avalia\u00e7\u00e3o da 60\u00aa Assembleia Geral da CNBB<\/h3>\n<p style=\"text-align: justify;\">O atual bispo de Cama\u00e7ari, na Bahia, dom Dirceu de Oliveira Medeiros, e a assessora da Comiss\u00e3o para a Juventude da CNBB, \u00a0irm\u00e3 Val\u00e9ria Andrade Leal, apresentaram a avalia\u00e7\u00e3o quantitativa e qualitativa da 60\u00aa Assembleia Geral da CNBB.<\/p>\n<p>&nbsp;<\/p>\n<p>&nbsp;<\/p>\n<p>&nbsp;<\/p>\n<p>&nbsp;<\/p>\n<p>&nbsp;<\/p>\n","protected":false},"excerpt":{"rendered":"<p>A primeira reuni\u00e3o do Conselho Permanente ap\u00f3s a 60\u00aa Assembleia Geral da Confer\u00eancia Nacional dos Bispos do Brasil (CNBB), com nova forma\u00e7\u00e3o &#8211; 80 participantes -, incluindo os presidentes eleitos para as Comiss\u00f5es Episcopais e para a presid\u00eancia dos 19 regionais da entidade acontece em Bras\u00edlia (DF), de 20 a 22 de junho. Abaixo da &hellip;<\/p>\n<p class=\"read-more\"> <a class=\"\" href=\"https:\/\/www.cnbb.org.br\/conselho-permanente-da-cnbb-se-encontra-com-nova-formacao-para-encaminhar-questoes-da-vida-da-instituicao\/\"> <span class=\"screen-reader-text\">Conselho Permanente da CNBB se encontra com nova forma\u00e7\u00e3o para encaminhar quest\u00f5es da vida da institui\u00e7\u00e3o<\/span> Leia mais &raquo;<\/a><\/p>\n","protected":false},"author":142,"featured_media":946529,"comment_status":"closed","ping_status":"closed","sticky":false,"template":"","format":"standard","meta":{"site-sidebar-layout":"default","site-content-layout":"default","ast-global-header-display":"","ast-banner-title-visibility":"","ast-main-header-display":"","ast-hfb-above-header-display":"","ast-hfb-below-header-display":"","ast-hfb-mobile-header-display":"","site-post-title":"","ast-breadcrumbs-content":"","ast-featured-img":"","footer-sml-layout":"","theme-transparent-header-meta":"default","adv-header-id-meta":"","stick-header-meta":"","header-above-stick-meta":"","header-main-stick-meta":"","header-below-stick-meta":""},"categories":[834,1841],"tags":[3053,2247],"acf":[],"_links":{"self":[{"href":"https:\/\/www.cnbb.org.br\/cnbb-app\/wp\/v2\/posts\/946518"}],"collection":[{"href":"https:\/\/www.cnbb.org.br\/cnbb-app\/wp\/v2\/posts"}],"about":[{"href":"https:\/\/www.cnbb.org.br\/cnbb-app\/wp\/v2\/types\/post"}],"author":[{"embeddable":true,"href":"https:\/\/www.cnbb.org.br\/cnbb-app\/wp\/v2\/users\/142"}],"replies":[{"embeddable":true,"href":"https:\/\/www.cnbb.org.br\/cnbb-app\/wp\/v2\/comments?post=946518"}],"version-history":[{"count":13,"href":"https:\/\/www.cnbb.org.br\/cnbb-app\/wp\/v2\/posts\/946518\/revisions"}],"predecessor-version":[{"id":946560,"href":"https:\/\/www.cnbb.org.br\/cnbb-app\/wp\/v2\/posts\/946518\/revisions\/946560"}],"wp:featuredmedia":[{"embeddable":true,"href":"https:\/\/www.cnbb.org.br\/cnbb-app\/wp\/v2\/media\/946529"}],"wp:attachment":[{"href":"https:\/\/www.cnbb.org.br\/cnbb-app\/wp\/v2\/media?parent=946518"}],"wp:term":[{"taxonomy":"category","embeddable":true,"href":"https:\/\/www.cnbb.org.br\/cnbb-app\/wp\/v2\/categories?post=946518"},{"taxonomy":"post_tag","embeddable":true,"href":"https:\/\/www.cnbb.org.br\/cnbb-app\/wp\/v2\/tags?post=946518"}],"curies":[{"name":"wp","href":"https:\/\/api.w.org\/{rel}","templated":true}]}}