{"id":946994,"date":"2023-06-27T10:00:11","date_gmt":"2023-06-27T13:00:11","guid":{"rendered":"https:\/\/www.cnbb.org.br\/?p=946994"},"modified":"2023-06-27T15:57:35","modified_gmt":"2023-06-27T18:57:35","slug":"equipe-de-animacao-do-sinodo-no-brasil-prepara-live-para-orientar-dioceses","status":"publish","type":"post","link":"https:\/\/www.cnbb.org.br\/equipe-de-animacao-do-sinodo-no-brasil-prepara-live-para-orientar-dioceses\/","title":{"rendered":"Equipe de Anima\u00e7\u00e3o do S\u00ednodo no Brasil prepara live para orientar dioceses no processo de continuidade sinodal"},"content":{"rendered":"<p style=\"text-align: justify;\">Com a publica\u00e7\u00e3o do <a href=\"https:\/\/www.synod2023.org\/wp-content\/uploads\/2023\/06\/POR_INSTRUMENTUM-LABORIS.pdf\" target=\"_blank\" rel=\"noopener\">Instrumentum Laboris<\/a>, documento que ser\u00e1 a base para o trabalho dos participantes do S\u00ednodo sobre a Sinodalidade, programado para ocorrer em duas sess\u00f5es: a primeira de 9 a 24 de outubro de 2023, e a segunda em outubro de 2024, no Vaticano, <span style=\"font-size: 16px; text-align: justify;\">a Equipe de Anima\u00e7\u00e3o do S\u00ednodo no Brasil realizou uma reuni\u00e3o online na segunda-feira, 26 de junho, para fazer uma leitura e an\u00e1lise do texto.<\/span><\/p>\n<p style=\"text-align: justify;\">O documento re\u00fane a experi\u00eancia das dioceses de todo o mundo nos \u00faltimos dois anos, a partir de 10 de outubro de 2021, quando o Papa Francisco deu in\u00edcio a um caminho para entender quais passos tomar \u201cpara crescer como uma Igreja sinodal\u201d.<\/p>\n<p style=\"text-align: justify;\">Segundo a assessora da Comiss\u00e3o Episcopal para a Anima\u00e7\u00e3o B\u00edblico-Catequ\u00e9tica da CNBB e integrante da Equipe de Anima\u00e7\u00e3o do S\u00ednodo do Brasil, Mariana Ven\u00e2ncio, todo o grupo p\u00f4de interagir na reuni\u00e3o, apresentar algumas notas e considera\u00e7\u00f5es sobre o documento.<\/p>\n<p style=\"text-align: justify;\">Ela revela que, como forma de aprimora\u00e7\u00e3o e forma\u00e7\u00e3o, o grupo vai organizar uma live para orientar as dioceses sobre o S\u00ednodo. A live acontecer\u00e1 no dia 3 de agosto, \u00e0s 20h, <a href=\"https:\/\/www.youtube.com\/c\/CNBBNacional\" target=\"_blank\" rel=\"noopener\">e ser\u00e1 transmitida no Youtube da CNBB<\/a>. A proposta \u00e9 que ela seja direcionada \u00e0s equipes diocesanas que v\u00e3o ser respons\u00e1veis pela continuidade do processo sinodal nas dioceses.<\/p>\n<h3><strong>O Instrumentum Laboris<\/strong><\/h3>\n<p style=\"text-align: justify;\">Apresentado no dia 20 de junho, na Sala de Imprensa do Vaticano, o Instrumentum Laboris \u00e9 composto por um texto e quinze fichas de trabalho que trazem uma vis\u00e3o din\u00e2mica do pr\u00f3prio conceito de \u201csinodalidade\u201d.<\/p>\n<p style=\"text-align: justify;\">H\u00e1 duas \u201cmacro-se\u00e7\u00f5es\u201d: a Se\u00e7\u00e3o A, na qual se destaca a experi\u00eancia desses dois anos e o caminho a seguir para se tornar uma Igreja cada vez mais sinodal; a Se\u00e7\u00e3o B \u2013 intitulada Comunh\u00e3o, Miss\u00e3o, Participa\u00e7\u00e3o \u2013 que destaca as \u201ctr\u00eas quest\u00f5es priorit\u00e1rias\u201d, no centro do trabalho em outubro de 2023, ligadas aos tr\u00eas temas principais: crescer em comunh\u00e3o, acolhendo a todos, sem excluir ningu\u00e9m; reconhecer e valorizar a contribui\u00e7\u00e3o de cada pessoa batizada em vista da miss\u00e3o; identificar estruturas e din\u00e2micas de governan\u00e7a por meio das quais articular ao longo do tempo participa\u00e7\u00e3o e autoridade em uma Igreja sinodal mission\u00e1ria.<\/p>\n<p>&nbsp;<\/p>\n<p>Clique (<a href=\"https:\/\/www.synod2023.org\/wp-content\/uploads\/2023\/06\/POR_INSTRUMENTUM-LABORIS.pdf\" target=\"_blank\" rel=\"noopener\">aqui<\/a>) e acesse o documento.<\/p>\n","protected":false},"excerpt":{"rendered":"<p>A Equipe de Anima\u00e7\u00e3o do S\u00ednodo no Brasil realizou uma reuni\u00e3o online na segunda-feira, 26 de junho, para fazer uma leitura e an\u00e1lise do Instrumentum Laboris. A live acontecer\u00e1 no dia 3 de agosto, \u00e0s 20h, e ser\u00e1 transmitida no Youtube da CNBB. A proposta \u00e9 que ela seja direcionada \u00e0s equipes diocesanas que v\u00e3o ser respons\u00e1veis pela continuidade do processo sinodal<\/p>\n","protected":false},"author":141,"featured_media":947021,"comment_status":"closed","ping_status":"closed","sticky":false,"template":"","format":"standard","meta":{"site-sidebar-layout":"default","site-content-layout":"default","ast-global-header-display":"","ast-banner-title-visibility":"","ast-main-header-display":"","ast-hfb-above-header-display":"","ast-hfb-below-header-display":"","ast-hfb-mobile-header-display":"","site-post-title":"","ast-breadcrumbs-content":"","ast-featured-img":"","footer-sml-layout":"","theme-transparent-header-meta":"default","adv-header-id-meta":"","stick-header-meta":"","header-above-stick-meta":"","header-main-stick-meta":"","header-below-stick-meta":""},"categories":[50,1851],"tags":[5093,4871],"acf":[],"_links":{"self":[{"href":"https:\/\/www.cnbb.org.br\/cnbb-app\/wp\/v2\/posts\/946994"}],"collection":[{"href":"https:\/\/www.cnbb.org.br\/cnbb-app\/wp\/v2\/posts"}],"about":[{"href":"https:\/\/www.cnbb.org.br\/cnbb-app\/wp\/v2\/types\/post"}],"author":[{"embeddable":true,"href":"https:\/\/www.cnbb.org.br\/cnbb-app\/wp\/v2\/users\/141"}],"replies":[{"embeddable":true,"href":"https:\/\/www.cnbb.org.br\/cnbb-app\/wp\/v2\/comments?post=946994"}],"version-history":[{"count":17,"href":"https:\/\/www.cnbb.org.br\/cnbb-app\/wp\/v2\/posts\/946994\/revisions"}],"predecessor-version":[{"id":947026,"href":"https:\/\/www.cnbb.org.br\/cnbb-app\/wp\/v2\/posts\/946994\/revisions\/947026"}],"wp:featuredmedia":[{"embeddable":true,"href":"https:\/\/www.cnbb.org.br\/cnbb-app\/wp\/v2\/media\/947021"}],"wp:attachment":[{"href":"https:\/\/www.cnbb.org.br\/cnbb-app\/wp\/v2\/media?parent=946994"}],"wp:term":[{"taxonomy":"category","embeddable":true,"href":"https:\/\/www.cnbb.org.br\/cnbb-app\/wp\/v2\/categories?post=946994"},{"taxonomy":"post_tag","embeddable":true,"href":"https:\/\/www.cnbb.org.br\/cnbb-app\/wp\/v2\/tags?post=946994"}],"curies":[{"name":"wp","href":"https:\/\/api.w.org\/{rel}","templated":true}]}}