{"id":947070,"date":"2023-06-28T15:42:52","date_gmt":"2023-06-28T18:42:52","guid":{"rendered":"https:\/\/www.cnbb.org.br\/?p=947070"},"modified":"2023-06-28T15:43:09","modified_gmt":"2023-06-28T18:43:09","slug":"bispo-de-barra-do-garcas-administra-sacramento-do-crisma-a-52-jovens-indigenas","status":"publish","type":"post","link":"https:\/\/www.cnbb.org.br\/bispo-de-barra-do-garcas-administra-sacramento-do-crisma-a-52-jovens-indigenas\/","title":{"rendered":"Bispo de Barra do Gar\u00e7as administra Sacramento do Crisma a 52 jovens ind\u00edgenas"},"content":{"rendered":"<p style=\"text-align: justify;\">O bispo da diocese de Barra do Gar\u00e7as (MT), dom Prot\u00f3genes Jos\u00e9 Luft, presidiu, no \u00faltimo domingo, 25 de junho, a celebra\u00e7\u00e3o do Sacramento do Crisma de 52 jovens ind\u00edgenas. A celebra\u00e7\u00e3o, na Terra Ind\u00edgena Sangradouro, envolveu integrantes das aldeias Sangradouro, Cantina, Tsimitsut\u00e9, Santa Teresa, N.S Auxiliadora e Tsor\u00e9pr\u00e9.<\/p>\n<p style=\"text-align: justify;\">Ap\u00f3s a celebra\u00e7\u00e3o, houve apresenta\u00e7\u00f5es dos cantos dedicados ao Cora\u00e7\u00e3o de Jesus em l\u00edngua Xavante, organizado pelo padre Joseph Lich e setor pastoral. Essas apresenta\u00e7\u00f5es s\u00e3o frutos de um estudo promovido nas aldeias, cujo objeto \u00e9 manter vivos os cantos do povo xavante na liturgia.<\/p>\n<p><a href=\"https:\/\/www.cnbbo2.org.br\/dom-protogenes-jose-luft-confere-o-sacramento-da-confirmacao-a-cinquenta-e-dois-indigenas\/\" target=\"_blank\" rel=\"noopener\">Confira a not\u00edcia na \u00edntegra.\u00a0<\/a><\/p>\n","protected":false},"excerpt":{"rendered":"<p>O bispo da diocese de Barra do Gar\u00e7as (MT), dom Prot\u00f3genes Jos\u00e9 Luft, presidiu, no \u00faltimo domingo, 25 de junho, a celebra\u00e7\u00e3o do Sacramento do Crisma de 52 jovens ind\u00edgenas. A celebra\u00e7\u00e3o, na Terra Ind\u00edgena Sangradouro, envolveu integrantes das aldeias Sangradouro, Cantina, Tsimitsut\u00e9, Santa Teresa, N.S Auxiliadora e Tsor\u00e9pr\u00e9. Ap\u00f3s a celebra\u00e7\u00e3o, houve apresenta\u00e7\u00f5es dos &hellip;<\/p>\n<p class=\"read-more\"> <a class=\"\" href=\"https:\/\/www.cnbb.org.br\/bispo-de-barra-do-garcas-administra-sacramento-do-crisma-a-52-jovens-indigenas\/\"> <span class=\"screen-reader-text\">Bispo de Barra do Gar\u00e7as administra Sacramento do Crisma a 52 jovens ind\u00edgenas<\/span> Leia mais &raquo;<\/a><\/p>\n","protected":false},"author":38,"featured_media":947072,"comment_status":"closed","ping_status":"closed","sticky":false,"template":"","format":"standard","meta":{"site-sidebar-layout":"default","site-content-layout":"default","ast-global-header-display":"","ast-banner-title-visibility":"","ast-main-header-display":"","ast-hfb-above-header-display":"","ast-hfb-below-header-display":"","ast-hfb-mobile-header-display":"","site-post-title":"","ast-breadcrumbs-content":"","ast-featured-img":"","footer-sml-layout":"","theme-transparent-header-meta":"default","adv-header-id-meta":"","stick-header-meta":"","header-above-stick-meta":"","header-main-stick-meta":"","header-below-stick-meta":""},"categories":[771],"tags":[],"acf":[],"_links":{"self":[{"href":"https:\/\/www.cnbb.org.br\/cnbb-app\/wp\/v2\/posts\/947070"}],"collection":[{"href":"https:\/\/www.cnbb.org.br\/cnbb-app\/wp\/v2\/posts"}],"about":[{"href":"https:\/\/www.cnbb.org.br\/cnbb-app\/wp\/v2\/types\/post"}],"author":[{"embeddable":true,"href":"https:\/\/www.cnbb.org.br\/cnbb-app\/wp\/v2\/users\/38"}],"replies":[{"embeddable":true,"href":"https:\/\/www.cnbb.org.br\/cnbb-app\/wp\/v2\/comments?post=947070"}],"version-history":[{"count":2,"href":"https:\/\/www.cnbb.org.br\/cnbb-app\/wp\/v2\/posts\/947070\/revisions"}],"predecessor-version":[{"id":947074,"href":"https:\/\/www.cnbb.org.br\/cnbb-app\/wp\/v2\/posts\/947070\/revisions\/947074"}],"wp:featuredmedia":[{"embeddable":true,"href":"https:\/\/www.cnbb.org.br\/cnbb-app\/wp\/v2\/media\/947072"}],"wp:attachment":[{"href":"https:\/\/www.cnbb.org.br\/cnbb-app\/wp\/v2\/media?parent=947070"}],"wp:term":[{"taxonomy":"category","embeddable":true,"href":"https:\/\/www.cnbb.org.br\/cnbb-app\/wp\/v2\/categories?post=947070"},{"taxonomy":"post_tag","embeddable":true,"href":"https:\/\/www.cnbb.org.br\/cnbb-app\/wp\/v2\/tags?post=947070"}],"curies":[{"name":"wp","href":"https:\/\/api.w.org\/{rel}","templated":true}]}}