{"id":947219,"date":"2023-07-03T11:20:07","date_gmt":"2023-07-03T14:20:07","guid":{"rendered":"https:\/\/www.cnbb.org.br\/?p=947219"},"modified":"2023-07-03T11:26:27","modified_gmt":"2023-07-03T14:26:27","slug":"terra-fogo-agua-ar","status":"publish","type":"post","link":"https:\/\/www.cnbb.org.br\/terra-fogo-agua-ar\/","title":{"rendered":"Terra, fogo, \u00e1gua, ar\u00a0"},"content":{"rendered":"<p style=\"text-align: right;\"><strong>Dom Genival Saraiva<br \/>\nBispo Em\u00e9rito de Palmares (PE)<\/strong><\/p>\n<p><span data-contrast=\"auto\">\u00a0<\/span><\/p>\n<p style=\"text-align: justify;\"><span data-contrast=\"auto\">A natureza \u00e9 um prod\u00edgio. Um antigo estudioso da natureza, <\/span><span data-contrast=\"none\">Emp\u00e9docles (492 a.C. \u2013 430 a.C.), cosm\u00f3logo de Agrigento, hoje cidade da Sic\u00edlia, atribuiu a origem do universo a quatro elementos: \u201cterra, fogo, \u00e1gua e ar\u201d. <\/span><span data-contrast=\"auto\">A pessoa mais simples e o cientista\/pesquisador mais experiente e mais atualizado v\u00eaem a natureza, com suas respectivas \u00f3ticas de leitura e de observa\u00e7\u00e3o. O conhecimento humano, alcan\u00e7ado de forma emp\u00edrica ou cient\u00edfica, retrata os passos da hist\u00f3ria das civiliza\u00e7\u00f5es, ao longo dos mil\u00eanios. O conhecimento emp\u00edrico, <\/span><span data-contrast=\"none\">\u201cresulta das observa\u00e7\u00f5es e das experi\u00eancias das pessoas. Em outras palavras, parte de um conhecimento popular, que tem origem nas observa\u00e7\u00f5es do cotidiano.\u201d Por sua vez, o c<\/span><span data-contrast=\"none\">onhecimento cient\u00edfico<\/span> <span data-contrast=\"none\">\u201c\u00e9 a informa\u00e7\u00e3o que analisa os fatos cientificamente comprovados. Sua base est\u00e1 na filosofia da ci\u00eancia, em que todas as suposi\u00e7\u00f5es, teorias e hip\u00f3teses passam por um processo de comprova\u00e7\u00e3o atrav\u00e9s de uma s\u00e9rie de pesquisas e experimentos.\u201d A experi\u00eancia comprova que os dois modos de conhecer a realidade t\u00eam seu lugar e sua import\u00e2ncia na hist\u00f3ria humana, porque est\u00e3o na base do olhar sobre o passado, da forma de compreender e viver o presente e ao enxergar o futuro dos indiv\u00edduos e da coletividade. Portanto, essa maneira de se posicionar em face da hist\u00f3ria tem sua significa\u00e7\u00e3o para o indiv\u00edduo, sob pena de se dizer que \u201cpassou pela vida, n\u00e3o viveu\u201d, e para a coletividade, ante a necessidade da formula\u00e7\u00e3o de pol\u00edticas p\u00fablicas, de curto, m\u00e9dio e longo alcance.<\/span><span data-ccp-props=\"{&quot;201341983&quot;:0,&quot;335551550&quot;:6,&quot;335551620&quot;:6,&quot;335559739&quot;:120,&quot;335559740&quot;:259}\">\u00a0<\/span><\/p>\n<p style=\"text-align: justify;\"><span data-contrast=\"none\">O retrato da terra n\u00e3o tem mais a beleza e a harmonia do \u201cpara\u00edso terrestre\u201d, haja vista a devasta\u00e7\u00e3o identificada pelas pessoas no seu pr\u00f3prio ch\u00e3o. Porventura, pode algu\u00e9m comportar-se de modo c\u00e9tico e, pior ainda, ter uma atitude negacionista diante do desequil\u00edbrio ecol\u00f3gico? Infelizmente, a posi\u00e7\u00e3o dos negacionistas causa um mal muito grande no momento, cujas consequ\u00eancias repercutir\u00e3o na vida das futuras gera\u00e7\u00f5es. O planeta terra est\u00e1 sendo devastado por excesso ou escassez dos elementos \u00e1gua e fogo, como registra a cr\u00f4nica cotidiana mundial, como se v\u00ea no mapa mundi, gra\u00e7as \u00e0 sofistica\u00e7\u00e3o da tecnologia espacial dos instrumentos de observa\u00e7\u00e3o, \u00e0 dist\u00e2ncia. A normalidade das leis da natureza, confirmada pelas leis da f\u00edsica, at\u00e9 um passado recente, est\u00e1 alterada, de forma preocupante, quanto ao elemento \u00e1gua, conforme recentes dados da ci\u00eancia: \u201cEntre 1900 e 2000, os oceanos e os mares do planeta subiram cerca de 14 cent\u00edmetros, por causa do degelo, principalmente, no \u00c1rtico\u201d. [&#8230;] O s\u00e9culo passado \u2018foi excepcional em compara\u00e7\u00e3o com os \u00faltimos tr\u00eas mil\u00eanios e a eleva\u00e7\u00e3o no n\u00edvel dos oceanos acelerou nos \u00faltimos 20 anos\u2019.\u201d As cidades e \u00e1reas litor\u00e2neas j\u00e1 conhecem esse fen\u00f4meno e se valem de t\u00e9cnicas que, provavelmente, podem ser paliativas, considerando-se um \u201cfuturo pr\u00f3ximo\u201d. A queda pluviom\u00e9trica, em mil\u00edmetros acima do normal, com as enchentes e inunda\u00e7\u00f5es que provoca, deixa graves sequelas na vida das pessoas, na seguran\u00e7a de suas moradias e na produ\u00e7\u00e3o de alimentos. A mesma coisa acontece em rela\u00e7\u00e3o ao elemento fogo, como se constata com as eleva\u00e7\u00f5es do calor e da temperatura: \u201ccalor \u00e9 uma grandeza f\u00edsica que pode ser definida como a energia que \u00e9 transferida de um corpo em maior temperatura a outro em menor temperatura\u201d. A incid\u00eancia de queimadas das florestas e o aumento do calor, principalmente nos centros urbanos, \u00e9 uma realidade no mundo. Nesse conjunto de coisas, o outro elemento da natureza, o ar, absolutamente indispens\u00e1vel \u00e0 vida de qualquer criatura, est\u00e1 sendo afetado, diretamente, na contemporaneidade. Com efeito, a polui\u00e7\u00e3o ambiental atinge a qualidade de vida de todas as criaturas porque est\u00e1 relacionada com o processo de industrializa\u00e7\u00e3o, com a explora\u00e7\u00e3o descontrolada dos recursos minerais, com a utiliza\u00e7\u00e3o de produtos qu\u00edmicos na produ\u00e7\u00e3o agr\u00edcola, sem o devido controle de qualidade, e com muitos outros meios ofensivos \u00e0 natureza.<\/span><span data-ccp-props=\"{&quot;201341983&quot;:0,&quot;335551550&quot;:6,&quot;335551620&quot;:6,&quot;335559739&quot;:120,&quot;335559740&quot;:259}\">\u00a0<\/span><\/p>\n<p style=\"text-align: justify;\"><span data-contrast=\"none\">Ao deparar-se com essa face da \u201ccasa comum\u201d, o Papa Francisco afirma, na Enc\u00edclica Laudato Si\u2019, que \u201cNada deste mundo nos \u00e9 indiferente\u201d. Nessa linha, cita S\u00e3o Paulo VI, na Enc\u00edclica Pacem in terris: \u201cPor motivo de uma explora\u00e7\u00e3o inconsiderada da natureza, [o ser humano] come\u00e7a a correr o risco de destru\u00ed-la e de vir a ser, tamb\u00e9m ele, v\u00edtima dessa degrada\u00e7\u00e3o.\u201d A esse respeito, cita tamb\u00e9m S\u00e3o Jo\u00e3o Paulo II, na Enc\u00edclica Centesimus Annus, porque \u201co ser humano parece \u2018n\u00e3o se dar conta de outros significados do seu ambiente natural, para al\u00e9m daqueles que servem somente para os fins de um uso ou consumo imediatos\u2019. Mais tarde, convidou a uma convers\u00e3o ecol\u00f3gica global.\u201d Com sua compreens\u00e3o, escreve o Papa Francisco: \u201cA destrui\u00e7\u00e3o do ambiente humano \u00e9 um fato muito grave, porque, por um lado, Deus confiou o mundo ao ser humano e, por outro, a pr\u00f3pria vida humana \u00e9 um dom que deve ser protegido das varias formas de degrada\u00e7\u00e3o.<\/span><span data-ccp-props=\"{&quot;201341983&quot;:0,&quot;335551550&quot;:6,&quot;335551620&quot;:6,&quot;335559739&quot;:120,&quot;335559740&quot;:259}\">\u00a0<\/span><\/p>\n<p style=\"text-align: justify;\"><span data-contrast=\"none\">Ao focar a leitura dos elementos da natureza no territ\u00f3rio e na demografia nacional, \u00e9 preciso que a sociedade brasileira procure conhecer os dados do Censo Demogr\u00e1fico 2022, divulgado pelo IBGE. \u00c9 de esperar que nenhuma pessoa de bom senso, nenhuma institui\u00e7\u00e3o s\u00e9ria e nenhuma inst\u00e2ncia do poder p\u00fablico desconsiderem os dados do Censo, uma vez que nele est\u00e1 o retrato do Pa\u00eds, no tocante \u00e0 estat\u00edstica e \u00e0s faixas et\u00e1rias da popula\u00e7\u00e3o, \u00e0s condi\u00e7\u00f5es de vida das pessoas, \u00e0 moradia, \u00e0 alimenta\u00e7\u00e3o, \u00e0 escolariza\u00e7\u00e3o, \u00e0 sa\u00fade, ao trabalho, ao lazer, \u00e0 diversidade regional, \u00e0 vida no campo, na cidade, com os indispens\u00e1veis servi\u00e7os, como o saneamento b\u00e1sico.<\/span><span data-ccp-props=\"{&quot;201341983&quot;:0,&quot;335551550&quot;:6,&quot;335551620&quot;:6,&quot;335559739&quot;:120,&quot;335559740&quot;:259}\">\u00a0<\/span><\/p>\n<p style=\"text-align: justify;\"><span data-contrast=\"none\">Sem terra, fogo, \u00e1gua e ar, a natureza n\u00e3o existiria. Hoje, est\u00e1 subsistindo com eles, por\u00e9m, est\u00e1 pagando \u00f4nus muito alto porque o ser humano est\u00e1 se comportando, globalmente, de modo indiferente ou agressivo, diante da beleza original da natureza. Deus criou o mundo, na perfeita harmonia entre natureza e as criaturas. A ci\u00eancia e o magist\u00e9rio da Igreja advertem para o fato de estar a popula\u00e7\u00e3o mundial se tornando \u201cv\u00edtima dessa degrada\u00e7\u00e3o\u201d, causada irresponsavelmente por quem deveria zelar pela preserva\u00e7\u00e3o da natureza. \u00c9 poss\u00edvel, \u00e9 necess\u00e1rio cuidar da \u201ccasa comum\u201d. \u201cSer\u00e1 que o Senhor nos exorta a algo que supera nossa natureza e a grandeza do preceito ultrapassa as for\u00e7as humanas? N\u00e3o \u00e9 assim, pois ele n\u00e3o ordena serem p\u00e1ssaros aqueles que n\u00e3o t\u00eam asas, nem a viverem dentro da \u00e1gua os que destinou \u00e0 vida terrestre.\u201d (S\u00e3o Greg\u00f3rio de Nissa, s\u00e9c. IV).<\/span><span data-ccp-props=\"{&quot;201341983&quot;:0,&quot;335551550&quot;:6,&quot;335551620&quot;:6,&quot;335559739&quot;:160,&quot;335559740&quot;:259}\">\u00a0<\/span><\/p>\n<p>&nbsp;<\/p>\n","protected":false},"excerpt":{"rendered":"<p>Dom Genival Saraiva Bispo Em\u00e9rito de Palmares (PE) \u00a0 A natureza \u00e9 um prod\u00edgio. Um antigo estudioso da natureza, Emp\u00e9docles (492 a.C. \u2013 430 a.C.), cosm\u00f3logo de Agrigento, hoje cidade da Sic\u00edlia, atribuiu a origem do universo a quatro elementos: \u201cterra, fogo, \u00e1gua e ar\u201d. A pessoa mais simples e o cientista\/pesquisador mais experiente e &hellip;<\/p>\n<p class=\"read-more\"> <a class=\"\" href=\"https:\/\/www.cnbb.org.br\/terra-fogo-agua-ar\/\"> <span class=\"screen-reader-text\">Terra, fogo, \u00e1gua, ar\u00a0<\/span> Leia mais &raquo;<\/a><\/p>\n","protected":false},"author":59,"featured_media":0,"comment_status":"closed","ping_status":"closed","sticky":false,"template":"","format":"standard","meta":{"site-sidebar-layout":"default","site-content-layout":"default","ast-global-header-display":"","ast-banner-title-visibility":"","ast-main-header-display":"","ast-hfb-above-header-display":"","ast-hfb-below-header-display":"","ast-hfb-mobile-header-display":"","site-post-title":"","ast-breadcrumbs-content":"","ast-featured-img":"","footer-sml-layout":"","theme-transparent-header-meta":"default","adv-header-id-meta":"","stick-header-meta":"","header-above-stick-meta":"","header-main-stick-meta":"","header-below-stick-meta":""},"categories":[758],"tags":[],"acf":[],"_links":{"self":[{"href":"https:\/\/www.cnbb.org.br\/cnbb-app\/wp\/v2\/posts\/947219"}],"collection":[{"href":"https:\/\/www.cnbb.org.br\/cnbb-app\/wp\/v2\/posts"}],"about":[{"href":"https:\/\/www.cnbb.org.br\/cnbb-app\/wp\/v2\/types\/post"}],"author":[{"embeddable":true,"href":"https:\/\/www.cnbb.org.br\/cnbb-app\/wp\/v2\/users\/59"}],"replies":[{"embeddable":true,"href":"https:\/\/www.cnbb.org.br\/cnbb-app\/wp\/v2\/comments?post=947219"}],"version-history":[{"count":2,"href":"https:\/\/www.cnbb.org.br\/cnbb-app\/wp\/v2\/posts\/947219\/revisions"}],"predecessor-version":[{"id":947226,"href":"https:\/\/www.cnbb.org.br\/cnbb-app\/wp\/v2\/posts\/947219\/revisions\/947226"}],"wp:attachment":[{"href":"https:\/\/www.cnbb.org.br\/cnbb-app\/wp\/v2\/media?parent=947219"}],"wp:term":[{"taxonomy":"category","embeddable":true,"href":"https:\/\/www.cnbb.org.br\/cnbb-app\/wp\/v2\/categories?post=947219"},{"taxonomy":"post_tag","embeddable":true,"href":"https:\/\/www.cnbb.org.br\/cnbb-app\/wp\/v2\/tags?post=947219"}],"curies":[{"name":"wp","href":"https:\/\/api.w.org\/{rel}","templated":true}]}}