{"id":947620,"date":"2023-07-11T10:36:07","date_gmt":"2023-07-11T13:36:07","guid":{"rendered":"https:\/\/www.cnbb.org.br\/?p=947620"},"modified":"2023-07-11T10:36:07","modified_gmt":"2023-07-11T13:36:07","slug":"47a-assembleia-pastoral-familiar-acoes-2024","status":"publish","type":"post","link":"https:\/\/www.cnbb.org.br\/47a-assembleia-pastoral-familiar-acoes-2024\/","title":{"rendered":"Realizada em Bras\u00edlia, Assembleia Nacional decidiu a\u00e7\u00f5es da Pastoral Familiar para 2024"},"content":{"rendered":"<p style=\"text-align: justify;\">Um momento de ora\u00e7\u00e3o, partilha e troca de experi\u00eancias da evangeliza\u00e7\u00e3o das fam\u00edlias no Brasil. Foi assim que se finalizou a 47\u00aa Assembleia Nacional da Pastoral Familiar (CNPF), realizada entre 7 e 9 de julho, em Bras\u00edlia (DF). Os coordenadores, assessores eclesi\u00e1sticos e bispos referenciais de diversas partes do pa\u00eds participaram do encontro. Os novos integrantes da Comiss\u00e3o Episcopal para a Vida e a Fam\u00edlia da Confer\u00eancia Nacional dos Bispos do Brasil (CNBB) \u2013 o bispo de Barreiras (BA), dom Moacir Silva Arantes, e o bispo auxiliar de Curitiba (PR), dom Reginei Jos\u00e9 Modolo, al\u00e9m do novo assessor da Comiss\u00e3o, padre Rodolfo Chagas Pinho \u2013 tamb\u00e9m estiveram presentes. Na ocasi\u00e3o, tamb\u00e9m foram discutidos os pr\u00f3ximos passos a serem realizados na promo\u00e7\u00e3o da vida e da fam\u00edlia.<\/p>\n<p style=\"text-align: justify;\">\u201c<em>Vivemos em um tempo bonito dentro da Igreja, que \u00e9 o tempo da sinodalidade e o principal objetivo \u00e9 ouvir. Dessa forma, escutamos os casais dos diferentes estados do Brasil, com o objetivo de ajudar as par\u00f3quias na contribui\u00e7\u00e3o para a Pastoral Familiar. Tudo o que diz respeito \u00e0 fam\u00edlia, a vida dela na Igreja e na sociedade, n\u00f3s refletimos sobre essa realidade. Desde a educa\u00e7\u00e3o das crian\u00e7as, dos jovens, da fam\u00edlia, dos rec\u00e9m-casados, esta \u00e9 uma realidade que a Pastoral Familiar reflete e prop\u00f5e caminhos para viver a f\u00e9 dentro da fam\u00edlia. A Igreja nos convida a fazer desse espa\u00e7o um local de evangeliza\u00e7\u00e3o<\/em>\u201d, ressaltou o bispo de Campo Mour\u00e3o (PR) e presidente da Comiss\u00e3o Episcopal para a Vida e a Fam\u00edlia, dom Bruno Eliseu Versari.<\/p>\n<p style=\"text-align: justify;\">\n<h2 style=\"text-align: justify;\">Abertura<\/h2>\n<p style=\"text-align: justify;\">Na sexta-feira (7), o encontro come\u00e7ou com a celebra\u00e7\u00e3o da Santa Missa. Presidiu a celebra\u00e7\u00e3o o bispo de Barreiras (BA) e membro da Comiss\u00e3o Episcopal para a Vida e a Fam\u00edlia da CNBB, dom Moacir Silva Arantes. Refletindo sobre a liturgia do dia, o bispo motivou os participantes a pedir a gra\u00e7a de vivenciar a assembleia e ser na vida das fam\u00edlias o que Jesus foi na fam\u00edlia de Mateus.<\/p>\n<div id=\"attachment_13175\" class=\"wp-caption aligncenter\" style=\"text-align: justify;\">\n<figure style=\"width: 720px\" class=\"wp-caption aligncenter\"><img decoding=\"async\" loading=\"lazy\" src=\"http:\/\/vidaefamilia.org.br\/wp-content\/uploads\/2023\/07\/47a-anpf-abertura.jpg\" alt=\"\" width=\"720\" height=\"472\" \/><figcaption class=\"wp-caption-text\">Momento da abertura da Assembleia com os bispos da Comiss\u00e3o Episcopal para a Vida e a Fam\u00edlia, o assessor e os casais coordenador e vice | Foto: Luiz Lopes Jr\/CNPF<\/figcaption><\/figure>\n<\/div>\n<p style=\"text-align: justify;\">J\u00e1 no s\u00e1bado (8), a assembleia recebeu a visita do secret\u00e1rio-geral da Confer\u00eancia Nacional dos Bispos do Brasil (CNBB), dom Ricardo Hoepers, e do subsecret\u00e1rio adjunto de Pastoral da CNBB, padre J\u00e2nison de S\u00e1.<\/p>\n<div id=\"attachment_13176\" class=\"wp-caption aligncenter\" style=\"text-align: justify;\">\n<figure style=\"width: 720px\" class=\"wp-caption aligncenter\"><img decoding=\"async\" loading=\"lazy\" src=\"http:\/\/vidaefamilia.org.br\/wp-content\/uploads\/2023\/07\/47a-anpf-dom-ricardo-e-pe-janison.jpg\" alt=\"\" width=\"720\" height=\"526\" \/><figcaption class=\"wp-caption-text\">Dom Ricardo Hoepers e padre J\u00e2nison de S\u00e1 | Foto: Luiz Lopes Jr\/CNPF<\/figcaption><\/figure>\n<\/div>\n<h2 style=\"text-align: justify;\">Escuta<\/h2>\n<p style=\"text-align: justify;\">O casal coordenador nacional da Pastoral Familiar, Alisson e Solange Schila, apresentou o resultado das escutas realizadas com grupos de regionais, nas quais foram expostas as riquezas e preocupa\u00e7\u00f5es, possibilidades e desafios no trabalho de evangeliza\u00e7\u00e3o das fam\u00edlias. Por sua vez, o casal vice-coordenador nacional, Milton e Lourdes Morais, facilitou um momento sobre o trabalho e a articula\u00e7\u00e3o com os movimentos eclesiais que atuam com as fam\u00edlias. Por sua vez, padre Crispim Guimar\u00e3es tamb\u00e9m apresentou os guias preparados pela Pastoral Familiar no \u00faltimo quadri\u00eanio, agora com todos os tr\u00eas setores contemplados.<\/p>\n<p style=\"text-align: justify;\">O casal coordenador nacional da Pastoral Familiar comemorou a realiza\u00e7\u00e3o do evento e o recebimento das contribui\u00e7\u00f5es. \u201cA Assembleia Nacional tem o prop\u00f3sito de trazer essa unidade e comunh\u00e3o que constru\u00edmos a cada dia no cuidado e na promo\u00e7\u00e3o da fam\u00edlia, nessa atua\u00e7\u00e3o pastoral junto \u00e0s fam\u00edlias do Brasil\u201d, comentou Solange Schila. \u201cCom base nesse grande mosaico de informa\u00e7\u00f5es recebidas dos encontros regionais, dos seus desafios e alegrias, as propostas que estamos debatendo aqui e vamos levar para que chegue a todas as par\u00f3quias, \u00e9 a continuidade dos desafios em itiner\u00e1rios\u201d, completou Alisson Schila.<\/p>\n<div><\/div>\n<div id=\"attachment_13178\" class=\"wp-caption aligncenter\" style=\"text-align: justify;\">\n<figure style=\"width: 720px\" class=\"wp-caption aligncenter\"><img decoding=\"async\" loading=\"lazy\" src=\"http:\/\/vidaefamilia.org.br\/wp-content\/uploads\/2023\/07\/47a-anpf-alisson-e-solange.jpg\" alt=\"\" width=\"720\" height=\"469\" \/><figcaption class=\"wp-caption-text\">Alisson e Solange Schila, casal coordenador nacional da Pastoral Familiar | Foto: Luiz Lopes Jr\/CNPF<\/figcaption><\/figure>\n<\/div>\n<div><\/div>\n<h2 style=\"text-align: justify;\">Debate<\/h2>\n<p style=\"text-align: justify;\">No per\u00edodo da tarde, os coordenadores regionais se reuniram em pequenos grupos para debater as a\u00e7\u00f5es da Pastoral Familiar no Brasil em 2024. Na sequ\u00eancia, as propostas foram colocadas para vota\u00e7\u00e3o. Os resultados foram:<\/p>\n<p style=\"text-align: justify;\">\u2022 Realiza\u00e7\u00e3o do Simp\u00f3sio Nacional das Fam\u00edlias nos dias 25 e 26 de maio de 2024, com o tema \u201cFam\u00edlia e Amizade\u201d;<br \/>\n\u2022 Encontro dos bispos e assessores entre os 2 a 5 de julho, com o apoio do bispo de Santa Maria (RS), dom Leomar Brustolin;<br \/>\n\u2022 O tema do Hora da Fam\u00edlia Mensal ser\u00e1 \u201cFam\u00edlia, Casa da Participa\u00e7\u00e3o\u201d<br \/>\n\u2022 O tema do Hora da Fam\u00edlia (para a Semana Nacional da Fam\u00edlia) ser\u00e1 \u201cFam\u00edlia e Amizade\u201d;<br \/>\n\u2022 O Hora da Vida (para a Semana Nacional da Vida) debater\u00e1 sobre o tema dos idosos.<\/p>\n<h2 style=\"text-align: justify;\">Confraterniza\u00e7\u00e3o<\/h2>\n<p style=\"text-align: justify;\">Na noite de s\u00e1bado, os participantes da assembleia fizeram uma visita \u00e0 Secretaria Nacional da Pastoral Familiar, em Bras\u00edlia, para uma confraterniza\u00e7\u00e3o \u2013 com a degusta\u00e7\u00e3o de quitutes de cada regional \u2013 e para verificar a reforma realizada no local. Na ocasi\u00e3o, tamb\u00e9m foi feita uma homenagem ao padre Crispim Guimar\u00e3es, que deixou o cargo de assessor da Comiss\u00e3o Episcopal para a Vida e a Fam\u00edlia da CNBB.<\/p>\n<p style=\"text-align: justify;\">Por fim, no domingo (9), cada um dos setores \u2013 Pr\u00e9-Matrimonial, P\u00f3s- Matrimonial e Casos Especiais, al\u00e9m do Instituto Nacional da Fam\u00edlia e da Pastoral Familiar (Inapaf) \u2013 fez uma breve apresenta\u00e7\u00e3o das perspectivas para os pr\u00f3ximos anos. Al\u00e9m disso, foi apresentado o progresso dos preparativos para a realiza\u00e7\u00e3o do Congresso Nacional da Pastoral Familiar, na Para\u00edba, em 2025.<\/p>\n","protected":false},"excerpt":{"rendered":"<p>Um momento de ora\u00e7\u00e3o, partilha e troca de experi\u00eancias da evangeliza\u00e7\u00e3o das fam\u00edlias no Brasil. Foi assim que se finalizou a 47\u00aa Assembleia Nacional da Pastoral Familiar (CNPF), realizada entre 7 e 9 de julho, em Bras\u00edlia (DF). Os coordenadores, assessores eclesi\u00e1sticos e bispos referenciais de diversas partes do pa\u00eds participaram do encontro. Os novos &hellip;<\/p>\n<p class=\"read-more\"> <a class=\"\" href=\"https:\/\/www.cnbb.org.br\/47a-assembleia-pastoral-familiar-acoes-2024\/\"> <span class=\"screen-reader-text\">Realizada em Bras\u00edlia, Assembleia Nacional decidiu a\u00e7\u00f5es da Pastoral Familiar para 2024<\/span> Leia mais &raquo;<\/a><\/p>\n","protected":false},"author":38,"featured_media":947621,"comment_status":"closed","ping_status":"closed","sticky":false,"template":"","format":"standard","meta":{"site-sidebar-layout":"default","site-content-layout":"default","ast-global-header-display":"","ast-banner-title-visibility":"","ast-main-header-display":"","ast-hfb-above-header-display":"","ast-hfb-below-header-display":"","ast-hfb-mobile-header-display":"","site-post-title":"","ast-breadcrumbs-content":"","ast-featured-img":"","footer-sml-layout":"","theme-transparent-header-meta":"default","adv-header-id-meta":"","stick-header-meta":"","header-above-stick-meta":"","header-main-stick-meta":"","header-below-stick-meta":""},"categories":[1840,806],"tags":[3174,3138],"acf":[],"_links":{"self":[{"href":"https:\/\/www.cnbb.org.br\/cnbb-app\/wp\/v2\/posts\/947620"}],"collection":[{"href":"https:\/\/www.cnbb.org.br\/cnbb-app\/wp\/v2\/posts"}],"about":[{"href":"https:\/\/www.cnbb.org.br\/cnbb-app\/wp\/v2\/types\/post"}],"author":[{"embeddable":true,"href":"https:\/\/www.cnbb.org.br\/cnbb-app\/wp\/v2\/users\/38"}],"replies":[{"embeddable":true,"href":"https:\/\/www.cnbb.org.br\/cnbb-app\/wp\/v2\/comments?post=947620"}],"version-history":[{"count":2,"href":"https:\/\/www.cnbb.org.br\/cnbb-app\/wp\/v2\/posts\/947620\/revisions"}],"predecessor-version":[{"id":947623,"href":"https:\/\/www.cnbb.org.br\/cnbb-app\/wp\/v2\/posts\/947620\/revisions\/947623"}],"wp:featuredmedia":[{"embeddable":true,"href":"https:\/\/www.cnbb.org.br\/cnbb-app\/wp\/v2\/media\/947621"}],"wp:attachment":[{"href":"https:\/\/www.cnbb.org.br\/cnbb-app\/wp\/v2\/media?parent=947620"}],"wp:term":[{"taxonomy":"category","embeddable":true,"href":"https:\/\/www.cnbb.org.br\/cnbb-app\/wp\/v2\/categories?post=947620"},{"taxonomy":"post_tag","embeddable":true,"href":"https:\/\/www.cnbb.org.br\/cnbb-app\/wp\/v2\/tags?post=947620"}],"curies":[{"name":"wp","href":"https:\/\/api.w.org\/{rel}","templated":true}]}}