{"id":947746,"date":"2023-07-12T13:27:31","date_gmt":"2023-07-12T16:27:31","guid":{"rendered":"https:\/\/www.cnbb.org.br\/?p=947746"},"modified":"2023-07-12T14:12:37","modified_gmt":"2023-07-12T17:12:37","slug":"sav-pv-realiza-reuniao-online-de-planejamento-do-quadrienio-2023-2027","status":"publish","type":"post","link":"https:\/\/www.cnbb.org.br\/sav-pv-realiza-reuniao-online-de-planejamento-do-quadrienio-2023-2027\/","title":{"rendered":"Servi\u00e7o de Anima\u00e7\u00e3o Vocacional-Pastoral Vocacional (SAV-PV) realiza reuni\u00e3o online de planejamento do quadri\u00eanio"},"content":{"rendered":"<p style=\"text-align: justify;\">Na manh\u00e3 da \u00faltima ter\u00e7a-feira, 11 de julho, o Servi\u00e7o de Anima\u00e7\u00e3o Vocacional-Pastoral Vocacional (SAV-PV) realizou uma reuni\u00e3o online na qual participaram todos os membros que fazem parte de sua articula\u00e7\u00e3o &#8211;\u00a0\u00a0os coordenadores nos regionais; representantes da Confer\u00eancia Nacional dos Bispos do Brasil (CNBB), representantes da Confer\u00eancia Nacional dos Institutos Seculares do Brasil (CNISB) e do Instituto de Pastoral Vocaciocal (IPV).<\/p>\n<p style=\"text-align: justify;\">Essa foi a primeira reuni\u00e3o do SAV-PV em que o bispo auxiliar de S\u00e3o Paulo e novo presidente da Comiss\u00e3o para os Minist\u00e9rios Ordenados e a Vida Consagrada da CNBB, dom \u00c2ngelo Mezzari, esteve presente.<span style=\"font-size: 16px;\"> A ocasi\u00e3o serviu tamb\u00e9m como um momento de acolhida e apresenta\u00e7\u00e3o dos trabalhos desenvolvidos, conforme explicou o padre<\/span> Guilherme Maia Junior, novo assessor da Comiss\u00e3o.<\/p>\n<p style=\"text-align: justify;\">Dentre os assuntos abordados estiveram a articula\u00e7\u00e3o da reuni\u00e3o ampliada da Comiss\u00e3o, bem como informes do Ano Vocacional e do M\u00eas Vocacional. Segundo o padre Guilherme, a reuni\u00e3o ampliada da Comiss\u00e3o ser\u00e1 realizada no m\u00eas de setembro, em Bras\u00edlia (DF), de 11 a 14, e contar\u00e1 com as presen\u00e7as dos representantes dos organismos que fazem parte da Comiss\u00e3o, al\u00e9m dos bispos referenciais nos regionais da CNBB. Ele enfatizou que, na ocasi\u00e3o, cada organismo da Comiss\u00e3o ter\u00e1 um momento de planejamento e avalia\u00e7\u00e3o em vista do quadri\u00eanio (2023-2027).<\/p>\n<h3><strong>Ano Vocacional<\/strong><\/h3>\n<p style=\"text-align: justify;\">Na reuni\u00e3o, os membros do SAV-PV fizeram tamb\u00e9m um pequeno balan\u00e7o de algumas atividades realizadas durante o <a href=\"https:\/\/anovocacional.cnbb.org.br\/\" target=\"_blank\" rel=\"noopener\">Ano Vocacional<\/a> e, ainda, trataram do planejamento para a etapa final do Ano, que se encerra na Festa de Cristo Rei, 26 de novembro.<\/p>\n<blockquote><p>&#8220;A nossa meta agora \u00e9 de fazer nesse segundo semestre um esfor\u00e7o para compilar e juntar tudo aquilo que os regionais produziram para o trabalho pastoral do Ano Vocacional, para que a gente possa ter um arquivo na Comiss\u00e3o e nos arquivos da CNBB&#8221;, afirma o padre Guilherme.<\/p><\/blockquote>\n<p>&nbsp;<\/p>\n<p style=\"text-align: justify;\">Da mesma forma, a equipe j\u00e1 come\u00e7ou a organizar e a falar sobre o encerramento do <a href=\"https:\/\/anovocacional.cnbb.org.br\/\" target=\"_blank\" rel=\"noopener\">Ano Vocacional<\/a>, no dia 25 de novembro, no Santu\u00e1rio Nacional de Nossa Senhora Aparecida, em S\u00e3o Paulo, que contar\u00e1 com uma missa presidida por dom \u00c2ngelo Mezzari, presidente da Comiss\u00e3o. &#8220;Estamos organizando tamb\u00e9m com o regionais uma caravana para participar dessa ocasi\u00e3o&#8221;, revelou o padre Guilherme.<\/p>\n<h3><strong>M\u00eas Vocacional<\/strong><\/h3>\n<p style=\"text-align: justify;\">Em agosto celebra-se o m\u00eas vocacional e, nesse ano, o padre Guilherme salientou que a equipe do SAV-PV decidiu por n\u00e3o criar um subs\u00eddio espec\u00edfico, mas que o esfor\u00e7o se concentrar\u00e1 em incentivar o uso dos materiais que foram produzidos para o Ano Vocacional, a exemplo do texto-base e <a href=\"https:\/\/www.cnbb.org.br\/manual-reune-subsidios-para-auxiliar-as-comunidades-na-reflexao-e-no-aprofundamento-do-ano-vocacional-2023\/\">outros subs\u00eddios que auxiliam as comunidades na reflex\u00e3o e no aprofundamento do Ano<\/a>.<\/p>\n<blockquote>\n<p style=\"text-align: justify;\">&#8220;A tem\u00e1tica do m\u00eas vocacional tamb\u00e9m ser\u00e1 a mesma do Ano Vocacional&#8221;, finalizou o padre Guilherme.<\/p>\n<\/blockquote>\n","protected":false},"excerpt":{"rendered":"<p>Essa foi a primeira reuni\u00e3o do SAV-PV em que o novo presidente da Comiss\u00e3o para os Minist\u00e9rios Ordenados e a Vida Consagrada da CNBB, dom Angelo Mezzari, esteve presente. A ocasi\u00e3o serviu tamb\u00e9m como um momento de acolhida e apresenta\u00e7\u00e3o dos trabalhos desenvolvidos, conforme explicou o padre Guilherme Maia Junior, novo assessor da Comiss\u00e3o<\/p>\n","protected":false},"author":141,"featured_media":947786,"comment_status":"closed","ping_status":"closed","sticky":false,"template":"","format":"standard","meta":{"site-sidebar-layout":"default","site-content-layout":"default","ast-global-header-display":"","ast-banner-title-visibility":"","ast-main-header-display":"","ast-hfb-above-header-display":"","ast-hfb-below-header-display":"","ast-hfb-mobile-header-display":"","site-post-title":"","ast-breadcrumbs-content":"","ast-featured-img":"","footer-sml-layout":"","theme-transparent-header-meta":"default","adv-header-id-meta":"","stick-header-meta":"","header-above-stick-meta":"","header-main-stick-meta":"","header-below-stick-meta":""},"categories":[1841,807,838],"tags":[3461,2076,5121],"acf":[],"_links":{"self":[{"href":"https:\/\/www.cnbb.org.br\/cnbb-app\/wp\/v2\/posts\/947746"}],"collection":[{"href":"https:\/\/www.cnbb.org.br\/cnbb-app\/wp\/v2\/posts"}],"about":[{"href":"https:\/\/www.cnbb.org.br\/cnbb-app\/wp\/v2\/types\/post"}],"author":[{"embeddable":true,"href":"https:\/\/www.cnbb.org.br\/cnbb-app\/wp\/v2\/users\/141"}],"replies":[{"embeddable":true,"href":"https:\/\/www.cnbb.org.br\/cnbb-app\/wp\/v2\/comments?post=947746"}],"version-history":[{"count":23,"href":"https:\/\/www.cnbb.org.br\/cnbb-app\/wp\/v2\/posts\/947746\/revisions"}],"predecessor-version":[{"id":947802,"href":"https:\/\/www.cnbb.org.br\/cnbb-app\/wp\/v2\/posts\/947746\/revisions\/947802"}],"wp:featuredmedia":[{"embeddable":true,"href":"https:\/\/www.cnbb.org.br\/cnbb-app\/wp\/v2\/media\/947786"}],"wp:attachment":[{"href":"https:\/\/www.cnbb.org.br\/cnbb-app\/wp\/v2\/media?parent=947746"}],"wp:term":[{"taxonomy":"category","embeddable":true,"href":"https:\/\/www.cnbb.org.br\/cnbb-app\/wp\/v2\/categories?post=947746"},{"taxonomy":"post_tag","embeddable":true,"href":"https:\/\/www.cnbb.org.br\/cnbb-app\/wp\/v2\/tags?post=947746"}],"curies":[{"name":"wp","href":"https:\/\/api.w.org\/{rel}","templated":true}]}}